{"id":215,"date":"2024-12-02T16:36:48","date_gmt":"2024-12-02T15:36:48","guid":{"rendered":"https:\/\/struktur.hoeberth.de\/wordpress\/?p=215"},"modified":"2024-12-02T16:51:34","modified_gmt":"2024-12-02T15:51:34","slug":"wirtschafts-nobelpreis-2024","status":"publish","type":"post","link":"https:\/\/struktur.hoeberth.de\/wordpress\/2024\/12\/02\/wirtschafts-nobelpreis-2024\/","title":{"rendered":"Wirtschafts-Nobelpreis-2024"},"content":{"rendered":"\n<h2 class=\"wp-block-heading has-large-font-size\"><strong>Die Ursachen von Wohlstand und Ungleichheit zwischen Nationen: <\/strong><\/h2>\n\n\n\n<p>Der Wirtschaftsnobelpreis 2024 wurde an Daron Acemoglu, Simon Johnson und James A. Robinson verliehen, deren Forschung die Ursachen von Wohlstand und Ungleichheit zwischen Nationen beleuchtet. Ihre bahnbrechenden Arbeiten bieten wertvolle Einblicke in die Rolle von Institutionen, historischen Entwicklungen und politischen Systemen und zeigen, wie die Weichen f\u00fcr die heutige Verteilung des weltweiten Wohlstands gestellt wurden.<\/p>\n\n\n\n<h3 class=\"wp-block-heading has-large-font-size\">Warum sind einige L\u00e4nder reich und andere arm?<\/h3>\n\n\n\n<p>Das Ungleichgewicht zwischen reichen und armen Nationen hat schon immer Fragen aufgeworfen. Warum entwickeln sich einige L\u00e4nder zu Wirtschaftsm\u00e4chten, w\u00e4hrend andere in Armut verharren? Die Forschung von Acemoglu, Johnson und Robinson bietet eine \u00fcberzeugende Erkl\u00e4rung: <em>Der Wohlstand eines Landes ist eng mit den politischen und wirtschaftlichen Institutionen verkn\u00fcpft, die in ihm etabliert sind.<\/em> Besonders entscheidend ist, ob diese Institutionen &#8222;inklusiv&#8220; oder &#8222;extraktiv&#8220; sind.<\/p>\n\n\n\n<h3 class=\"wp-block-heading has-large-font-size\">Inklusive vs. extraktive Institutionen<\/h3>\n\n\n\n<p>Acemoglu, Johnson und Robinson unterscheiden zwischen <strong>inklusiven<\/strong> und <strong>extraktiven Institutionen<\/strong>.<\/p>\n\n\n\n<ul class=\"wp-block-list\">\n<li><strong>Inklusive Institutionen<\/strong> zeichnen sich dadurch aus, dass sie wirtschaftliches Wachstum f\u00f6rdern, Chancen bieten und die Rechte der Bev\u00f6lkerung sch\u00fctzen. Sie legen Wert auf Rechtsstaatlichkeit, garantieren private Eigentumsrechte und schaffen Bedingungen, die Innovation und Unternehmertum erm\u00f6glichen. Inklusive Institutionen setzen auf demokratisches Mitspracherecht aller B\u00fcrger und binden damit das volle kreative Potenzial der Gesellshaft in den wirtschaftlichen Entwicklungsprozess ein, was zu einem prosperierenden Wohlstand f\u00fchrt. (Dies w\u00e4re auch die Vision einer Solarpunk-Utopie)<\/li>\n\n\n\n<li><strong>Extraktive Institutionen<\/strong> hingegen, wie sie in vielen autorit\u00e4ren Regimen zu finden sind, dienen dazu, Reichtum und Macht in den H\u00e4nden einer kleinen Elite zu konzentrieren und den Staat in eine Oligarchie zu verwandeln. Diese Institutionen hemmen das wirtschaftliche Wachstum, unterdr\u00fccken die Bev\u00f6lkerung und f\u00fchren zu Armut und R\u00fcckstand. (Es entspricht den Visionen einer Cyberpunk-Dystopie)<\/li>\n<\/ul>\n\n\n\n<p>Diese Unterscheidung bildet das Fundament der Erkl\u00e4rung daf\u00fcr, warum einige Nationen \u00fcber Jahrhunderte hinweg Wohlstand aufbauen konnten, w\u00e4hrend andere wirtschaftlich zur\u00fcckblieben. Und es sollte uns als Leitfaden dienen, welche Staatsformen wir f\u00f6rdern sollten, um eine Solarpunk-Zukunft zu realisieren.<\/p>\n\n\n\n<h3 class=\"wp-block-heading has-large-font-size\">Die kolonialen Wurzeln der heutigen Ungleichheit<\/h3>\n\n\n\n<p>Ein weiterer bedeutender Aspekt der Forschung sind die <strong>kolonialen Einfl\u00fcsse<\/strong>. Die Wissenschaftler untersuchten, wie europ\u00e4ische Kolonialm\u00e4chte ihre politischen und wirtschaftlichen Systeme in den Kolonien etablierten und wie dies die langfristige Entwicklung dieser Regionen beeinflusste. In L\u00e4ndern, in denen Kolonialm\u00e4chte <strong>extraktive Strukturen<\/strong> eingef\u00fchrt haben, sind oft bis heute die Grundlagen f\u00fcr ungleiche Gesellschaften gegeben. Der Fokus auf Rohstoffausbeutung, schwache Rechtsstaatlichkeit und die Marginalisierung der lokalen Bev\u00f6lkerung hinterlie\u00df ein Erbe, das viele Entwicklungsl\u00e4nder bis heute belastet.<\/p>\n\n\n\n<h3 class=\"wp-block-heading has-large-font-size\"><strong>Demokratie als Motor f\u00fcr Wohlstand<\/strong><\/h3>\n\n\n\n<p><strong>Demokratie und Wohlstand<\/strong> sind eng miteinander verkn\u00fcpft. Acemoglu und seine Mitstreiter haben in ihren Arbeiten gezeigt, dass demokratische Institutionen langfristig bessere Voraussetzungen f\u00fcr wirtschaftliches Wachstum schaffen als autorit\u00e4re Systeme. Demokratie f\u00f6rdert <strong>Vertragsfreiheit, Rechtsstaatlichkeit und den Schutz des Privateigentums<\/strong> \u2013 alles Schl\u00fcsselfaktoren, die das wirtschaftliche Wachstum antreiben. Demokratische Systeme bieten dar\u00fcber hinaus mehr Stabilit\u00e4t und setzen Anreize f\u00fcr Innovation, weil Menschen und Unternehmen weniger Angst haben m\u00fcssen, dass ihre Errungenschaften willk\u00fcrlich enteignet werden.<\/p>\n\n\n\n<h3 class=\"wp-block-heading has-large-font-size\">Die Fallstudie Nogales: Ein anschauliches Beispiel<\/h3>\n\n\n\n<p>Ein eindrucksvolles Beispiel, das die Wissenschaftler nutzen, um die Auswirkungen von Institutionen aufzuzeigen, ist die <strong>Stadt Nogales<\/strong>, die an der Grenze zwischen den USA und Mexiko liegt. Obwohl es sich um dieselbe Stadt handelt, unterscheiden sich die Lebensverh\u00e4ltnisse auf beiden Seiten der Grenze erheblich. Im <strong>US-amerikanischen Nogales<\/strong> genie\u00dfen die Menschen die Vorteile starker demokratischer Institutionen: eine funktionierende Infrastruktur, Zugang zu Bildung und Gesundheitsversorgung sowie M\u00f6glichkeiten zur wirtschaftlichen Teilhabe. Im Gegensatz dazu leidet das <strong>mexikanische Nogales<\/strong> unter schw\u00e4cherer Infrastruktur, weniger wirtschaftlichen Chancen und einer h\u00f6heren Kriminalit\u00e4tsrate \u2013 was die Forscher auf Unterschiede in den institutionellen Rahmenbedingungen zur\u00fcckf\u00fchren.<\/p>\n\n\n\n<h3 class=\"wp-block-heading has-large-font-size\">Die langfristigen Auswirkungen von Institutionen<\/h3>\n\n\n\n<p>Die Forschungsergebnisse zeigen, dass institutionelle, politische und wirtschaftliche Rahmenbedingungen oft sehr <strong>langfristige Auswirkungen<\/strong> haben. Einmal etablierte Systeme und Machtstrukturen sind nicht leicht zu ver\u00e4ndern, was erkl\u00e4rt, warum einige Nationen \u00fcber Jahrhunderte hinweg in Wohlstand leben, w\u00e4hrend andere Schwierigkeiten haben, ihre Situation zu verbessern. Institutionen formen nicht nur die wirtschaftlichen Rahmenbedingungen eines Landes, sondern auch die gesellschaftlichen Normen und Erwartungen, die \u00fcber Generationen hinweg weitergegeben werden.<\/p>\n\n\n\n<h3 class=\"wp-block-heading has-large-font-size\">Keine Ausreden: Wohlstandsgef\u00e4lle sind ver\u00e4nderbar<\/h3>\n\n\n\n<p>Eine der wichtigsten Erkenntnisse der Nobelpreistr\u00e4ger ist, dass <strong>globale Ungleichheit kein unver\u00e4nderliches Naturgesetz<\/strong> ist. Wohlstandsunterschiede sind von Menschen geschaffen und k\u00f6nnen durch kluge Analysen und gezielte Reformen ver\u00e4ndert werden. Dies gibt Hoffnung f\u00fcr viele L\u00e4nder, in denen Reformprozesse und institutionelle Ver\u00e4nderungen den Weg zu einer nachhaltigeren und wohlhabenderen Zukunft ebnen k\u00f6nnten.<\/p>\n\n\n\n<h3 class=\"wp-block-heading has-large-font-size\">Die Bedeutung starker Institutionen<\/h3>\n\n\n\n<p>Die Erkenntnisse von Acemoglu, Johnson und Robinson unterstreichen die enorme Bedeutung starker und inklusiver Institutionen f\u00fcr den Wohlstand einer Nation. Historische Entwicklungen, koloniale Einfl\u00fcsse und politische Systeme pr\u00e4gen die heutigen wirtschaftlichen Realit\u00e4ten \u2013 und k\u00f6nnen nicht von heute auf morgen ver\u00e4ndert werden. Doch es besteht die M\u00f6glichkeit zur Verbesserung. <strong>Demokratische Strukturen, Rechtsstaatlichkeit und eine faire Verteilung wirtschaftlicher Chancen sind die Schl\u00fcssel f\u00fcr den wirtschaftlichen Erfolg von Gesellschaften, um Armut zu reduzieren und auch um globale Ungleichheiten abzubauen.<\/strong> Die demokratische Inklusion alles Menschen einer Gesellschaft ist der Garant f\u00fcr einen resilienten Wohlstand aller. Ohne Demokratie ist auch der wirtschaftliche Erfolg gef\u00e4hrdet.<\/p>\n\n\n\n<h2 class=\"wp-block-heading has-large-font-size\">Die Gef\u00e4hrdung der Demokratie gef\u00e4hrdet auch am Ende die Wirtschaft<\/h2>\n\n\n\n<p>Die derzeitigen Gef\u00e4hrdungen der Demokratie lassen sich auf mehrere Ebenen analysieren. Hier sind einige zentrale Aspekte:<\/p>\n\n\n\n<ol class=\"wp-block-list\">\n<li><strong>Polarisierung der Gesellschaft<\/strong><br>Die zunehmende gesellschaftliche Spaltung f\u00fchrt zu einer Abschottung verschiedener Gruppen. Extreme Positionen gewinnen an Einfluss, w\u00e4hrend die F\u00e4higkeit zu Kompromissen schwindet.<\/li>\n\n\n\n<li><strong>Desinformation und Manipulation<\/strong><br>Die Verbreitung von Fake News und gezielte Desinformationskampagnen untergraben das Vertrauen in demokratische Institutionen und Medien.<\/li>\n\n\n\n<li><strong>Populismus<\/strong><br>Populistische Bewegungen und Politiker schw\u00e4chen demokratische Strukturen, indem sie einfache L\u00f6sungen f\u00fcr komplexe Probleme anbieten und die Legitimit\u00e4t von Wahlen und Institutionen infrage stellen.<\/li>\n\n\n\n<li><strong>Wirtschaftliche Ungleichheit<\/strong><br>Ungleichheit kann dazu f\u00fchren, dass B\u00fcrger das Gef\u00fchl verlieren, von der Demokratie repr\u00e4sentiert zu werden. Dies schw\u00e4cht das Vertrauen in das System und f\u00f6rdert Radikalisierung.<\/li>\n\n\n\n<li><strong>Schw\u00e4che von Institutionen<\/strong><br>In vielen L\u00e4ndern zeigt sich eine Erosion der Unabh\u00e4ngigkeit von Justiz, Medien und anderen demokratischen Kontrollinstanzen.<\/li>\n\n\n\n<li><strong>Globale Herausforderungen<\/strong><br>Themen wie Klimawandel, Migration und Digitalisierung erfordern internationale Zusammenarbeit. Diese \u00fcbersteigt oft die nationalstaatlichen Entscheidungsmechanismen, was Skepsis gegen\u00fcber demokratischen Prozessen sch\u00fcrt.<\/li>\n\n\n\n<li><strong>Technologische Einflussnahme<\/strong><br>Algorithmen, die Meinungen verst\u00e4rken oder filterblasenartige Realit\u00e4ten schaffen, f\u00f6rdern die Spaltung der Gesellschaft und verringern die Grundlage f\u00fcr einen offenen Diskurs.<\/li>\n\n\n\n<li><strong>Politikverdrossenheit<\/strong><br>Geringe Wahlbeteiligung und Misstrauen gegen\u00fcber politischen Eliten zeigen, dass viele B\u00fcrger sich nicht mehr geh\u00f6rt f\u00fchlen.<\/li>\n<\/ol>\n\n\n\n<p>Diese Gef\u00e4hrdungen sind miteinander verkn\u00fcpft und verst\u00e4rken sich oft gegenseitig. Eine St\u00e4rkung der demokratischen Strukturen, Bildung und F\u00f6rderung von kritischem Denken sind wichtige Ans\u00e4tze, um diese Herausforderungen anzugehen.<\/p>\n\n\n\n<h2 class=\"wp-block-heading has-large-font-size\">Was k\u00f6nnen wir gegen eine Gef\u00e4hrdung der Demokartie unternehmen?<\/h2>\n\n\n\n<p>Die Verteidigung der Demokratie erfordert sowohl kollektive Anstrengungen als auch individuelle Verantwortung. Hier sind konkrete Ma\u00dfnahmen, die wir ergreifen k\u00f6nnen:<\/p>\n\n\n\n<hr class=\"wp-block-separator has-alpha-channel-opacity\"\/>\n\n\n\n<h3 class=\"wp-block-heading has-large-font-size\">Auf kollektiver Ebene:<\/h3>\n\n\n\n<ol class=\"wp-block-list\">\n<li><strong>St\u00e4rkung demokratischer Institutionen:<\/strong>\n<ul class=\"wp-block-list\">\n<li>Transparenz in der politischen Entscheidungsfindung f\u00f6rdern.<\/li>\n\n\n\n<li>Die Unabh\u00e4ngigkeit von Justiz und Medien sch\u00fctzen.<\/li>\n\n\n\n<li>Ma\u00dfnahmen gegen Korruption verst\u00e4rken.<\/li>\n<\/ul>\n<\/li>\n\n\n\n<li><strong>Bildung und politische Aufkl\u00e4rung:<\/strong>\n<ul class=\"wp-block-list\">\n<li>Demokratief\u00f6rderung als zentralen Bestandteil des Bildungssystems etablieren.<\/li>\n\n\n\n<li>Politische Bildungskampagnen durchf\u00fchren, um die Funktionsweise und den Wert der Demokratie zu erkl\u00e4ren.<\/li>\n\n\n\n<li>Medienkompetenz f\u00f6rdern, um Desinformation entgegenzuwirken.<\/li>\n<\/ul>\n<\/li>\n\n\n\n<li><strong>F\u00f6rderung des Dialogs:<\/strong>\n<ul class=\"wp-block-list\">\n<li>Foren f\u00fcr den Austausch zwischen verschiedenen gesellschaftlichen Gruppen schaffen, um Polarisierungen abzubauen.<\/li>\n\n\n\n<li>Ma\u00dfnahmen zur F\u00f6rderung von Vielfalt und Inklusion in Politik und Gesellschaft umsetzen.<\/li>\n<\/ul>\n<\/li>\n\n\n\n<li><strong>Regulierung von Desinformation und Tech-Unternehmen:<\/strong>\n<ul class=\"wp-block-list\">\n<li>Klare Regeln f\u00fcr soziale Medien und Plattformen einf\u00fchren, um Manipulation und Hassrede zu verhindern.<\/li>\n\n\n\n<li>Algorithmen transparent machen und demokratisch kontrollieren.<\/li>\n<\/ul>\n<\/li>\n\n\n\n<li><strong>Bek\u00e4mpfung wirtschaftlicher Ungleichheit:<\/strong>\n<ul class=\"wp-block-list\">\n<li>Soziale Sicherungssysteme st\u00e4rken, um Chancengleichheit zu f\u00f6rdern.<\/li>\n\n\n\n<li>Steuer- und Finanzsysteme gerechter gestalten, um soziale Spannungen abzubauen.<\/li>\n<\/ul>\n<\/li>\n\n\n\n<li><strong>F\u00f6rderung globaler Zusammenarbeit:<\/strong>\n<ul class=\"wp-block-list\">\n<li>Demokratische Werte international verteidigen und st\u00e4rken.<\/li>\n\n\n\n<li>Mechanismen zur gemeinsamen Bew\u00e4ltigung globaler Herausforderungen entwickeln.<\/li>\n<\/ul>\n<\/li>\n<\/ol>\n\n\n\n<hr class=\"wp-block-separator has-alpha-channel-opacity\"\/>\n\n\n\n<h3 class=\"wp-block-heading has-large-font-size\">Auf individueller Ebene:<\/h3>\n\n\n\n<ol class=\"wp-block-list\">\n<li><strong>Bildung und kritisches Denken:<\/strong>\n<ul class=\"wp-block-list\">\n<li>Sich aktiv \u00fcber politische Themen informieren.<\/li>\n\n\n\n<li>Quellen hinterfragen und keine ungepr\u00fcften Informationen weiterverbreiten.<\/li>\n\n\n\n<li>Kritisch mit eigenen Vorurteilen umgehen.<\/li>\n<\/ul>\n<\/li>\n\n\n\n<li><strong>Engagement:<\/strong>\n<ul class=\"wp-block-list\">\n<li>An Wahlen teilnehmen und politische Entscheidungen aktiv mitgestalten.<\/li>\n\n\n\n<li>Lokale Initiativen und gemeinn\u00fctzige Organisationen unterst\u00fctzen, die demokratische Werte f\u00f6rdern.<\/li>\n\n\n\n<li>Selbst politisch aktiv werden, z. B. durch Mitgliedschaft in Parteien oder B\u00fcrgerbewegungen.<\/li>\n<\/ul>\n<\/li>\n\n\n\n<li><strong>F\u00f6rderung des Dialogs:<\/strong>\n<ul class=\"wp-block-list\">\n<li>Mit Menschen unterschiedlicher Meinungen in den Dialog treten, um Verst\u00e4ndnis und Gemeinsamkeiten zu f\u00f6rdern.<\/li>\n\n\n\n<li>Hass und Intoleranz in sozialen Medien und im pers\u00f6nlichen Umfeld widersprechen.<\/li>\n<\/ul>\n<\/li>\n\n\n\n<li><strong>Verantwortung im digitalen Raum:<\/strong>\n<ul class=\"wp-block-list\">\n<li>Bewusst mit sozialen Medien umgehen, Filterblasen vermeiden.<\/li>\n\n\n\n<li>Desinformation melden und sich f\u00fcr eine faire und respektvolle Kommunikation einsetzen.<\/li>\n<\/ul>\n<\/li>\n\n\n\n<li><strong>Vorbild sein:<\/strong>\n<ul class=\"wp-block-list\">\n<li>Werte wie Toleranz, Respekt und Solidarit\u00e4t vorleben.<\/li>\n\n\n\n<li>Einen offenen, konstruktiven Diskurs f\u00f6rdern, der auf gegenseitigem Respekt basiert.<\/li>\n<\/ul>\n<\/li>\n<\/ol>\n\n\n\n<hr class=\"wp-block-separator has-alpha-channel-opacity\"\/>\n\n\n\n<h3 class=\"wp-block-heading has-large-font-size\">Langfristige Vision:<\/h3>\n\n\n\n<p>Die Demokratie lebt von aktiver Teilnahme und der Bereitschaft, sie kontinuierlich weiterzuentwickeln. Jeder Beitrag z\u00e4hlt, sei es durch Engagement in der Gemeinschaft, den bewussten Umgang mit Medien oder die Unterst\u00fctzung demokratischer Initiativen. Gemeinsam k\u00f6nnen wir eine resiliente, gerechte und nachhaltige demokratische Gesellschaft als Basis f\u00fcr eine prosperierende und gerechte Wirtschaft schaffen.<\/p>\n\n\n\n<h2 class=\"wp-block-heading has-large-font-size\">Schlussfolgerung<\/h2>\n\n\n\n<p>Der Wirtschaftsnobelpreis 2024 erinnert uns daran, dass die Zukunft vieler Nationen in unseren H\u00e4nden liegt und dass wir durch den Aufbau starker, inklusiver Institutionen eine gerechtere Welt schaffen k\u00f6nnen. Wohlstand ist kein Privileg weniger, sondern sollte das Ziel f\u00fcr alle Menschen weltweit sein. <\/p>\n","protected":false},"excerpt":{"rendered":"<p>Die Ursachen von Wohlstand und Ungleichheit zwischen Nationen: Der Wirtschaftsnobelpreis 2024 wurde an Daron Acemoglu, Simon Johnson und James A. Robinson verliehen, deren Forschung die Ursachen von Wohlstand und Ungleichheit zwischen Nationen beleuchtet. Ihre bahnbrechenden Arbeiten bieten wertvolle Einblicke in die Rolle von Institutionen, historischen Entwicklungen und politischen Systemen und zeigen, wie die Weichen f\u00fcr [&hellip;]<\/p>\n","protected":false},"author":1,"featured_media":216,"comment_status":"open","ping_status":"open","sticky":false,"template":"","format":"standard","meta":{"footnotes":""},"categories":[1],"tags":[],"class_list":["post-215","post","type-post","status-publish","format-standard","has-post-thumbnail","hentry","category-allgemein"],"yoast_head":"<!-- This site is optimized with the Yoast SEO Premium plugin v27.2 (Yoast SEO v27.4) - https:\/\/yoast.com\/product\/yoast-seo-premium-wordpress\/ -->\n<title>Wirtschafts-Nobelpreis-2024 - H\u00f6berths-Blog<\/title>\n<meta name=\"robots\" content=\"index, follow, max-snippet:-1, max-image-preview:large, max-video-preview:-1\" \/>\n<link rel=\"canonical\" href=\"https:\/\/struktur.hoeberth.de\/wordpress\/2024\/12\/02\/wirtschafts-nobelpreis-2024\/\" \/>\n<meta property=\"og:locale\" content=\"de_DE\" \/>\n<meta property=\"og:type\" content=\"article\" \/>\n<meta property=\"og:title\" content=\"Wirtschafts-Nobelpreis-2024\" \/>\n<meta property=\"og:description\" content=\"Die Ursachen von Wohlstand und Ungleichheit zwischen Nationen: Der Wirtschaftsnobelpreis 2024 wurde an Daron Acemoglu, Simon Johnson und James A. Robinson verliehen, deren Forschung die Ursachen von Wohlstand und Ungleichheit zwischen Nationen beleuchtet. Ihre bahnbrechenden Arbeiten bieten wertvolle Einblicke in die Rolle von Institutionen, historischen Entwicklungen und politischen Systemen und zeigen, wie die Weichen f\u00fcr [&hellip;]\" \/>\n<meta property=\"og:url\" content=\"https:\/\/struktur.hoeberth.de\/wordpress\/2024\/12\/02\/wirtschafts-nobelpreis-2024\/\" \/>\n<meta property=\"og:site_name\" content=\"H\u00f6berths-Blog\" \/>\n<meta property=\"article:publisher\" content=\"https:\/\/www.facebook.com\/hoeberth\" \/>\n<meta property=\"article:author\" content=\"https:\/\/www.facebook.com\/hoeberth\" \/>\n<meta property=\"article:published_time\" content=\"2024-12-02T15:36:48+00:00\" \/>\n<meta property=\"article:modified_time\" content=\"2024-12-02T15:51:34+00:00\" \/>\n<meta property=\"og:image\" content=\"https:\/\/struktur.hoeberth.de\/wordpress\/wp-content\/uploads\/2024\/12\/0041.jpg\" \/>\n\t<meta property=\"og:image:width\" content=\"1648\" \/>\n\t<meta property=\"og:image:height\" content=\"1088\" \/>\n\t<meta property=\"og:image:type\" content=\"image\/jpeg\" \/>\n<meta name=\"author\" content=\"Gerhard H\u00f6berth\" \/>\n<meta name=\"twitter:card\" content=\"summary_large_image\" \/>\n<meta name=\"twitter:label1\" content=\"Verfasst von\" \/>\n\t<meta name=\"twitter:data1\" content=\"Gerhard H\u00f6berth\" \/>\n\t<meta name=\"twitter:label2\" content=\"Gesch\u00e4tzte Lesezeit\" \/>\n\t<meta name=\"twitter:data2\" content=\"9\u00a0Minuten\" \/>\n<script type=\"application\/ld+json\" class=\"yoast-schema-graph\">{\"@context\":\"https:\\\/\\\/schema.org\",\"@graph\":[{\"@type\":\"Article\",\"@id\":\"https:\\\/\\\/struktur.hoeberth.de\\\/wordpress\\\/2024\\\/12\\\/02\\\/wirtschafts-nobelpreis-2024\\\/#article\",\"isPartOf\":{\"@id\":\"https:\\\/\\\/struktur.hoeberth.de\\\/wordpress\\\/2024\\\/12\\\/02\\\/wirtschafts-nobelpreis-2024\\\/\"},\"author\":{\"name\":\"Gerhard H\u00f6berth\",\"@id\":\"https:\\\/\\\/struktur.hoeberth.de\\\/wordpress\\\/#\\\/schema\\\/person\\\/ed17aa92ca1b7faac8d00dd400eed154\"},\"headline\":\"Wirtschafts-Nobelpreis-2024\",\"datePublished\":\"2024-12-02T15:36:48+00:00\",\"dateModified\":\"2024-12-02T15:51:34+00:00\",\"mainEntityOfPage\":{\"@id\":\"https:\\\/\\\/struktur.hoeberth.de\\\/wordpress\\\/2024\\\/12\\\/02\\\/wirtschafts-nobelpreis-2024\\\/\"},\"wordCount\":1574,\"commentCount\":3,\"publisher\":{\"@id\":\"https:\\\/\\\/struktur.hoeberth.de\\\/wordpress\\\/#\\\/schema\\\/person\\\/ed17aa92ca1b7faac8d00dd400eed154\"},\"image\":{\"@id\":\"https:\\\/\\\/struktur.hoeberth.de\\\/wordpress\\\/2024\\\/12\\\/02\\\/wirtschafts-nobelpreis-2024\\\/#primaryimage\"},\"thumbnailUrl\":\"https:\\\/\\\/struktur.hoeberth.de\\\/wordpress\\\/wp-content\\\/uploads\\\/2024\\\/12\\\/0041.jpg\",\"inLanguage\":\"de\",\"potentialAction\":[{\"@type\":\"CommentAction\",\"name\":\"Comment\",\"target\":[\"https:\\\/\\\/struktur.hoeberth.de\\\/wordpress\\\/2024\\\/12\\\/02\\\/wirtschafts-nobelpreis-2024\\\/#respond\"]}]},{\"@type\":\"WebPage\",\"@id\":\"https:\\\/\\\/struktur.hoeberth.de\\\/wordpress\\\/2024\\\/12\\\/02\\\/wirtschafts-nobelpreis-2024\\\/\",\"url\":\"https:\\\/\\\/struktur.hoeberth.de\\\/wordpress\\\/2024\\\/12\\\/02\\\/wirtschafts-nobelpreis-2024\\\/\",\"name\":\"Wirtschafts-Nobelpreis-2024 - H\u00f6berths-Blog\",\"isPartOf\":{\"@id\":\"https:\\\/\\\/struktur.hoeberth.de\\\/wordpress\\\/#website\"},\"primaryImageOfPage\":{\"@id\":\"https:\\\/\\\/struktur.hoeberth.de\\\/wordpress\\\/2024\\\/12\\\/02\\\/wirtschafts-nobelpreis-2024\\\/#primaryimage\"},\"image\":{\"@id\":\"https:\\\/\\\/struktur.hoeberth.de\\\/wordpress\\\/2024\\\/12\\\/02\\\/wirtschafts-nobelpreis-2024\\\/#primaryimage\"},\"thumbnailUrl\":\"https:\\\/\\\/struktur.hoeberth.de\\\/wordpress\\\/wp-content\\\/uploads\\\/2024\\\/12\\\/0041.jpg\",\"datePublished\":\"2024-12-02T15:36:48+00:00\",\"dateModified\":\"2024-12-02T15:51:34+00:00\",\"breadcrumb\":{\"@id\":\"https:\\\/\\\/struktur.hoeberth.de\\\/wordpress\\\/2024\\\/12\\\/02\\\/wirtschafts-nobelpreis-2024\\\/#breadcrumb\"},\"inLanguage\":\"de\",\"potentialAction\":[{\"@type\":\"ReadAction\",\"target\":[\"https:\\\/\\\/struktur.hoeberth.de\\\/wordpress\\\/2024\\\/12\\\/02\\\/wirtschafts-nobelpreis-2024\\\/\"]}]},{\"@type\":\"ImageObject\",\"inLanguage\":\"de\",\"@id\":\"https:\\\/\\\/struktur.hoeberth.de\\\/wordpress\\\/2024\\\/12\\\/02\\\/wirtschafts-nobelpreis-2024\\\/#primaryimage\",\"url\":\"https:\\\/\\\/struktur.hoeberth.de\\\/wordpress\\\/wp-content\\\/uploads\\\/2024\\\/12\\\/0041.jpg\",\"contentUrl\":\"https:\\\/\\\/struktur.hoeberth.de\\\/wordpress\\\/wp-content\\\/uploads\\\/2024\\\/12\\\/0041.jpg\",\"width\":1648,\"height\":1088},{\"@type\":\"BreadcrumbList\",\"@id\":\"https:\\\/\\\/struktur.hoeberth.de\\\/wordpress\\\/2024\\\/12\\\/02\\\/wirtschafts-nobelpreis-2024\\\/#breadcrumb\",\"itemListElement\":[{\"@type\":\"ListItem\",\"position\":1,\"name\":\"Startseite\",\"item\":\"https:\\\/\\\/struktur.hoeberth.de\\\/wordpress\\\/\"},{\"@type\":\"ListItem\",\"position\":2,\"name\":\"Wirtschafts-Nobelpreis-2024\"}]},{\"@type\":\"WebSite\",\"@id\":\"https:\\\/\\\/struktur.hoeberth.de\\\/wordpress\\\/#website\",\"url\":\"https:\\\/\\\/struktur.hoeberth.de\\\/wordpress\\\/\",\"name\":\"Philosophie-Blog von Gerhard H\u00f6berth\",\"description\":\"Gedanken aus der Perspektive des Evolution\u00e4ren Idealismus\",\"publisher\":{\"@id\":\"https:\\\/\\\/struktur.hoeberth.de\\\/wordpress\\\/#\\\/schema\\\/person\\\/ed17aa92ca1b7faac8d00dd400eed154\"},\"potentialAction\":[{\"@type\":\"SearchAction\",\"target\":{\"@type\":\"EntryPoint\",\"urlTemplate\":\"https:\\\/\\\/struktur.hoeberth.de\\\/wordpress\\\/?s={search_term_string}\"},\"query-input\":{\"@type\":\"PropertyValueSpecification\",\"valueRequired\":true,\"valueName\":\"search_term_string\"}}],\"inLanguage\":\"de\"},{\"@type\":[\"Person\",\"Organization\"],\"@id\":\"https:\\\/\\\/struktur.hoeberth.de\\\/wordpress\\\/#\\\/schema\\\/person\\\/ed17aa92ca1b7faac8d00dd400eed154\",\"name\":\"Gerhard H\u00f6berth\",\"image\":{\"@type\":\"ImageObject\",\"inLanguage\":\"de\",\"@id\":\"https:\\\/\\\/struktur.hoeberth.de\\\/wordpress\\\/wp-content\\\/uploads\\\/2024\\\/11\\\/Gerhard.jpg\",\"url\":\"https:\\\/\\\/struktur.hoeberth.de\\\/wordpress\\\/wp-content\\\/uploads\\\/2024\\\/11\\\/Gerhard.jpg\",\"contentUrl\":\"https:\\\/\\\/struktur.hoeberth.de\\\/wordpress\\\/wp-content\\\/uploads\\\/2024\\\/11\\\/Gerhard.jpg\",\"width\":600,\"height\":800,\"caption\":\"Gerhard H\u00f6berth\"},\"logo\":{\"@id\":\"https:\\\/\\\/struktur.hoeberth.de\\\/wordpress\\\/wp-content\\\/uploads\\\/2024\\\/11\\\/Gerhard.jpg\"},\"sameAs\":[\"http:\\\/\\\/struktur.hoeberth.de\\\/wordpress\",\"https:\\\/\\\/www.facebook.com\\\/hoeberth\",\"https:\\\/\\\/www.youtube.com\\\/channel\\\/UCPMEKSbmuN5IFRXHdhPFniw\"],\"url\":\"https:\\\/\\\/struktur.hoeberth.de\\\/wordpress\\\/author\\\/web925\\\/\"}]}<\/script>\n<!-- \/ Yoast SEO Premium plugin. -->","yoast_head_json":{"title":"Wirtschafts-Nobelpreis-2024 - H\u00f6berths-Blog","robots":{"index":"index","follow":"follow","max-snippet":"max-snippet:-1","max-image-preview":"max-image-preview:large","max-video-preview":"max-video-preview:-1"},"canonical":"https:\/\/struktur.hoeberth.de\/wordpress\/2024\/12\/02\/wirtschafts-nobelpreis-2024\/","og_locale":"de_DE","og_type":"article","og_title":"Wirtschafts-Nobelpreis-2024","og_description":"Die Ursachen von Wohlstand und Ungleichheit zwischen Nationen: Der Wirtschaftsnobelpreis 2024 wurde an Daron Acemoglu, Simon Johnson und James A. Robinson verliehen, deren Forschung die Ursachen von Wohlstand und Ungleichheit zwischen Nationen beleuchtet. Ihre bahnbrechenden Arbeiten bieten wertvolle Einblicke in die Rolle von Institutionen, historischen Entwicklungen und politischen Systemen und zeigen, wie die Weichen f\u00fcr [&hellip;]","og_url":"https:\/\/struktur.hoeberth.de\/wordpress\/2024\/12\/02\/wirtschafts-nobelpreis-2024\/","og_site_name":"H\u00f6berths-Blog","article_publisher":"https:\/\/www.facebook.com\/hoeberth","article_author":"https:\/\/www.facebook.com\/hoeberth","article_published_time":"2024-12-02T15:36:48+00:00","article_modified_time":"2024-12-02T15:51:34+00:00","og_image":[{"width":1648,"height":1088,"url":"https:\/\/struktur.hoeberth.de\/wordpress\/wp-content\/uploads\/2024\/12\/0041.jpg","type":"image\/jpeg"}],"author":"Gerhard H\u00f6berth","twitter_card":"summary_large_image","twitter_misc":{"Verfasst von":"Gerhard H\u00f6berth","Gesch\u00e4tzte Lesezeit":"9\u00a0Minuten"},"schema":{"@context":"https:\/\/schema.org","@graph":[{"@type":"Article","@id":"https:\/\/struktur.hoeberth.de\/wordpress\/2024\/12\/02\/wirtschafts-nobelpreis-2024\/#article","isPartOf":{"@id":"https:\/\/struktur.hoeberth.de\/wordpress\/2024\/12\/02\/wirtschafts-nobelpreis-2024\/"},"author":{"name":"Gerhard H\u00f6berth","@id":"https:\/\/struktur.hoeberth.de\/wordpress\/#\/schema\/person\/ed17aa92ca1b7faac8d00dd400eed154"},"headline":"Wirtschafts-Nobelpreis-2024","datePublished":"2024-12-02T15:36:48+00:00","dateModified":"2024-12-02T15:51:34+00:00","mainEntityOfPage":{"@id":"https:\/\/struktur.hoeberth.de\/wordpress\/2024\/12\/02\/wirtschafts-nobelpreis-2024\/"},"wordCount":1574,"commentCount":3,"publisher":{"@id":"https:\/\/struktur.hoeberth.de\/wordpress\/#\/schema\/person\/ed17aa92ca1b7faac8d00dd400eed154"},"image":{"@id":"https:\/\/struktur.hoeberth.de\/wordpress\/2024\/12\/02\/wirtschafts-nobelpreis-2024\/#primaryimage"},"thumbnailUrl":"https:\/\/struktur.hoeberth.de\/wordpress\/wp-content\/uploads\/2024\/12\/0041.jpg","inLanguage":"de","potentialAction":[{"@type":"CommentAction","name":"Comment","target":["https:\/\/struktur.hoeberth.de\/wordpress\/2024\/12\/02\/wirtschafts-nobelpreis-2024\/#respond"]}]},{"@type":"WebPage","@id":"https:\/\/struktur.hoeberth.de\/wordpress\/2024\/12\/02\/wirtschafts-nobelpreis-2024\/","url":"https:\/\/struktur.hoeberth.de\/wordpress\/2024\/12\/02\/wirtschafts-nobelpreis-2024\/","name":"Wirtschafts-Nobelpreis-2024 - H\u00f6berths-Blog","isPartOf":{"@id":"https:\/\/struktur.hoeberth.de\/wordpress\/#website"},"primaryImageOfPage":{"@id":"https:\/\/struktur.hoeberth.de\/wordpress\/2024\/12\/02\/wirtschafts-nobelpreis-2024\/#primaryimage"},"image":{"@id":"https:\/\/struktur.hoeberth.de\/wordpress\/2024\/12\/02\/wirtschafts-nobelpreis-2024\/#primaryimage"},"thumbnailUrl":"https:\/\/struktur.hoeberth.de\/wordpress\/wp-content\/uploads\/2024\/12\/0041.jpg","datePublished":"2024-12-02T15:36:48+00:00","dateModified":"2024-12-02T15:51:34+00:00","breadcrumb":{"@id":"https:\/\/struktur.hoeberth.de\/wordpress\/2024\/12\/02\/wirtschafts-nobelpreis-2024\/#breadcrumb"},"inLanguage":"de","potentialAction":[{"@type":"ReadAction","target":["https:\/\/struktur.hoeberth.de\/wordpress\/2024\/12\/02\/wirtschafts-nobelpreis-2024\/"]}]},{"@type":"ImageObject","inLanguage":"de","@id":"https:\/\/struktur.hoeberth.de\/wordpress\/2024\/12\/02\/wirtschafts-nobelpreis-2024\/#primaryimage","url":"https:\/\/struktur.hoeberth.de\/wordpress\/wp-content\/uploads\/2024\/12\/0041.jpg","contentUrl":"https:\/\/struktur.hoeberth.de\/wordpress\/wp-content\/uploads\/2024\/12\/0041.jpg","width":1648,"height":1088},{"@type":"BreadcrumbList","@id":"https:\/\/struktur.hoeberth.de\/wordpress\/2024\/12\/02\/wirtschafts-nobelpreis-2024\/#breadcrumb","itemListElement":[{"@type":"ListItem","position":1,"name":"Startseite","item":"https:\/\/struktur.hoeberth.de\/wordpress\/"},{"@type":"ListItem","position":2,"name":"Wirtschafts-Nobelpreis-2024"}]},{"@type":"WebSite","@id":"https:\/\/struktur.hoeberth.de\/wordpress\/#website","url":"https:\/\/struktur.hoeberth.de\/wordpress\/","name":"Philosophie-Blog von Gerhard H\u00f6berth","description":"Gedanken aus der Perspektive des Evolution\u00e4ren Idealismus","publisher":{"@id":"https:\/\/struktur.hoeberth.de\/wordpress\/#\/schema\/person\/ed17aa92ca1b7faac8d00dd400eed154"},"potentialAction":[{"@type":"SearchAction","target":{"@type":"EntryPoint","urlTemplate":"https:\/\/struktur.hoeberth.de\/wordpress\/?s={search_term_string}"},"query-input":{"@type":"PropertyValueSpecification","valueRequired":true,"valueName":"search_term_string"}}],"inLanguage":"de"},{"@type":["Person","Organization"],"@id":"https:\/\/struktur.hoeberth.de\/wordpress\/#\/schema\/person\/ed17aa92ca1b7faac8d00dd400eed154","name":"Gerhard H\u00f6berth","image":{"@type":"ImageObject","inLanguage":"de","@id":"https:\/\/struktur.hoeberth.de\/wordpress\/wp-content\/uploads\/2024\/11\/Gerhard.jpg","url":"https:\/\/struktur.hoeberth.de\/wordpress\/wp-content\/uploads\/2024\/11\/Gerhard.jpg","contentUrl":"https:\/\/struktur.hoeberth.de\/wordpress\/wp-content\/uploads\/2024\/11\/Gerhard.jpg","width":600,"height":800,"caption":"Gerhard H\u00f6berth"},"logo":{"@id":"https:\/\/struktur.hoeberth.de\/wordpress\/wp-content\/uploads\/2024\/11\/Gerhard.jpg"},"sameAs":["http:\/\/struktur.hoeberth.de\/wordpress","https:\/\/www.facebook.com\/hoeberth","https:\/\/www.youtube.com\/channel\/UCPMEKSbmuN5IFRXHdhPFniw"],"url":"https:\/\/struktur.hoeberth.de\/wordpress\/author\/web925\/"}]}},"wp-worthy-pixel":{"ignored":false,"public":"0e9b99e7fb6e40db9276c442fa43f47a","server":"vg07.met.vgwort.de","url":"https:\/\/vg07.met.vgwort.de\/na\/0e9b99e7fb6e40db9276c442fa43f47a"},"wp-worthy-type":"normal","_links":{"self":[{"href":"https:\/\/struktur.hoeberth.de\/wordpress\/wp-json\/wp\/v2\/posts\/215","targetHints":{"allow":["GET"]}}],"collection":[{"href":"https:\/\/struktur.hoeberth.de\/wordpress\/wp-json\/wp\/v2\/posts"}],"about":[{"href":"https:\/\/struktur.hoeberth.de\/wordpress\/wp-json\/wp\/v2\/types\/post"}],"author":[{"embeddable":true,"href":"https:\/\/struktur.hoeberth.de\/wordpress\/wp-json\/wp\/v2\/users\/1"}],"replies":[{"embeddable":true,"href":"https:\/\/struktur.hoeberth.de\/wordpress\/wp-json\/wp\/v2\/comments?post=215"}],"version-history":[{"count":2,"href":"https:\/\/struktur.hoeberth.de\/wordpress\/wp-json\/wp\/v2\/posts\/215\/revisions"}],"predecessor-version":[{"id":219,"href":"https:\/\/struktur.hoeberth.de\/wordpress\/wp-json\/wp\/v2\/posts\/215\/revisions\/219"}],"wp:featuredmedia":[{"embeddable":true,"href":"https:\/\/struktur.hoeberth.de\/wordpress\/wp-json\/wp\/v2\/media\/216"}],"wp:attachment":[{"href":"https:\/\/struktur.hoeberth.de\/wordpress\/wp-json\/wp\/v2\/media?parent=215"}],"wp:term":[{"taxonomy":"category","embeddable":true,"href":"https:\/\/struktur.hoeberth.de\/wordpress\/wp-json\/wp\/v2\/categories?post=215"},{"taxonomy":"post_tag","embeddable":true,"href":"https:\/\/struktur.hoeberth.de\/wordpress\/wp-json\/wp\/v2\/tags?post=215"}],"curies":[{"name":"wp","href":"https:\/\/api.w.org\/{rel}","templated":true}]}}