{"id":235,"date":"2024-12-26T11:39:14","date_gmt":"2024-12-26T10:39:14","guid":{"rendered":"https:\/\/struktur.hoeberth.de\/wordpress\/?p=235"},"modified":"2024-12-26T11:39:16","modified_gmt":"2024-12-26T10:39:16","slug":"die-zukunft-der-politik-2","status":"publish","type":"post","link":"https:\/\/struktur.hoeberth.de\/wordpress\/2024\/12\/26\/die-zukunft-der-politik-2\/","title":{"rendered":"Die Zukunft der Politik:"},"content":{"rendered":"\n<h2 class=\"wp-block-heading has-large-font-size\" id=\"h-wie-kunstliche-intelligenz-und-bewusstseinsentwicklung-unsere-gesellschaft-revolutionieren-konnen\">Wie K\u00fcnstliche Intelligenz und Bewusstseinsentwicklung unsere Gesellschaft revolutionieren k\u00f6nnen<\/h2>\n\n\n\n<p><em>(Blogbeitrag an anderer Stelle vom August 2024)<\/em><\/p>\n\n\n\n<p>Stell dir vor, wir k\u00f6nnten eine Gesellschaft schaffen, in der politische Entscheidungen nicht mehr durch ideologische Konflikte gepr\u00e4gt sind, sondern auf einer tiefen, ganzheitlichen Analyse der menschlichen Psyche basieren. Eine Welt, in der individuelle Freiheit und kollektives Wohl harmonisch miteinander verwoben sind. Mit den rasanten Fortschritten in der K\u00fcnstlichen Intelligenz (KI) und unserem Verst\u00e4ndnis der Bewusstseinsentwicklung scheint diese Vision greifbarer als je zuvor.<\/p>\n\n\n\n<h4 class=\"wp-block-heading\">Die 3D-Matrix der politischen Einstellungen<\/h4>\n\n\n\n<p>Unsere heutigen politischen Systeme bewegen sich oft in einem endlosen Pendel zwischen verschiedenen Ideologien. Aber was, wenn wir politische Einstellungen auf einer dreidimensionalen Matrix abbilden k\u00f6nnten? Diese Matrix besteht aus den Dimensionen:<\/p>\n\n\n\n<ul class=\"wp-block-list\">\n<li><strong>Links-Rechts:<\/strong> Links steht f\u00fcr die Vorstellung, dass sich die menschliche Psyche in Abh\u00e4ngigkeit vom sozialen Kontext entwickelt, w\u00e4hrend rechts f\u00fcr die selbstverantwortliche Entfaltung der Psyche steht.<\/li>\n\n\n\n<li><strong>Liberal-Diktatorisch:<\/strong> Hier geht es darum, ob Individuen nach ihren eigenen Vorstellungen leben d\u00fcrfen (liberal) oder ob sie zum Wohl der Gemeinschaft bestimmte Regeln einhalten m\u00fcssen (diktatorisch).<\/li>\n\n\n\n<li><strong>Innovativ-Konservativ:<\/strong> Diese Dimension beschreibt den Gegensatz zwischen dem Wunsch nach Ver\u00e4nderung und Fortschritt (innovativ) und dem Erhalt traditioneller Werte (konservativ).<\/li>\n<\/ul>\n\n\n\n<p>Diese Matrix hilft, die Spannungen zu verstehen, die in der Politik oft auftreten. Aber was, wenn wir diese Spannungen \u00fcberwinden k\u00f6nnten?<\/p>\n\n\n\n<h4 class=\"wp-block-heading\">Die Rolle der Bewusstseinsentwicklung<\/h4>\n\n\n\n<p>Hier setzt die Bewusstseinsentwicklung an. Theorien wie Spiral Dynamics und die Integrale Theorie bieten Modelle, um die Entwicklung des menschlichen Bewusstseins in verschiedenen Stufen zu verstehen \u2013 sowohl individuell als auch kollektiv. Diese Stufen reichen von einfachen \u00dcberlebensinstinkten bis hin zu komplexem, systemischem Denken.<\/p>\n\n\n\n<p>In einer idealen Gesellschaft sollten politische Entscheidungen nicht nur die aktuelle Entwicklungsstufe der Bev\u00f6lkerung ber\u00fccksichtigen, sondern auch Wege aufzeigen, wie die Gemeinschaft auf h\u00f6here Bewusstseinsstufen aufsteigen kann. So k\u00f6nnten wir L\u00f6sungen entwickeln, die alle drei Dimensionen der politischen Matrix integrieren und eine ganzheitliche, inklusive Politik erm\u00f6glichen.<\/p>\n\n\n\n<h4 class=\"wp-block-heading\">K\u00fcnstliche Intelligenz als Berater<\/h4>\n\n\n\n<p>Wie k\u00f6nnten wir diese komplexen Zusammenh\u00e4nge praktisch umsetzen? Die Antwort liegt in der K\u00fcnstlichen Intelligenz. Mit der Entwicklung von AGI (Artificial General Intelligence), die in der Lage sein k\u00f6nnte, menschliche Intelligenz in allen Bereichen zu \u00fcbertreffen, er\u00f6ffnen sich neue M\u00f6glichkeiten f\u00fcr die Politik.<\/p>\n\n\n\n<p>Stell dir vor, eine solche AGI k\u00f6nnte als Berater f\u00fcr Politiker dienen, indem sie die Psyche der Bev\u00f6lkerung analysiert, ihre Entwicklungsstufen und Positionen in der 3D-Matrix versteht und Vorschl\u00e4ge macht, die sowohl kurzfristige Probleme l\u00f6sen als auch langfristig die Bewusstseinsentwicklung f\u00f6rdern. Diese KI k\u00f6nnte dabei helfen, die individuellen Bed\u00fcrfnisse und kollektiven Werte in Einklang zu bringen, um das Wohl der gesamten Gesellschaft zu sichern.<\/p>\n\n\n\n<h4 class=\"wp-block-heading has-large-font-size\">Eine Zukunftsvision<\/h4>\n\n\n\n<p>In dieser Zukunftsvision w\u00e4re Politik nicht mehr von kurzfristigen Interessen oder ideologischen Konflikten gepr\u00e4gt. Stattdessen w\u00fcrde sie auf einer tiefen, ganzheitlichen Analyse der menschlichen Psyche basieren, unterst\u00fctzt von einer AGI, die in der Lage ist, alle Perspektiven zu integrieren. Entscheidungen w\u00fcrden darauf abzielen, die bestm\u00f6gliche Entwicklung f\u00fcr jedes Individuum zu erm\u00f6glichen, w\u00e4hrend gleichzeitig das kollektive Wohl gef\u00f6rdert wird.<\/p>\n\n\n\n<p>Die Dimension \u201einnovativ-konservativ\u201c w\u00fcrde es der AGI erm\u00f6glichen, bestehende Strukturen entweder zu bewahren oder, wenn n\u00f6tig, radikale Innovationen einzuf\u00fchren, um die Gesellschaft auf das n\u00e4chste Level zu heben. Konflikte w\u00fcrden reduziert, da die Bed\u00fcrfnisse aller Menschen \u2013 unabh\u00e4ngig von ihrer Bewusstseinsstufe und ihrer Position auf der 3D-Matrix \u2013 ber\u00fccksichtigt werden. Die Menschheit k\u00f6nnte in einer Zeit des globalen Wandels in Frieden und Harmonie zusammenleben, unterst\u00fctzt von einer KI, die uns hilft, unsere h\u00f6chsten Ideale zu verwirklichen.<\/p>\n\n\n\n<h2 class=\"wp-block-heading has-large-font-size\" id=\"h-fazit\">Fazit:<\/h2>\n\n\n\n<p>Diese Zukunft ist keine blo\u00dfe Utopie, sondern k\u00f6nnte schon bald Realit\u00e4t werden. Mit den Fortschritten in der K\u00fcnstlichen Intelligenz und einem wachsenden Bewusstsein f\u00fcr die Bedeutung der psychologischen und spirituellen Entwicklung k\u00f6nnten wir eine Gesellschaft schaffen, die wirklich inklusiv, nachhaltig und harmonisch ist. Die 3D-Matrix der politischen Einstellungen erm\u00f6glicht es uns, die Komplexit\u00e4t menschlicher Bed\u00fcrfnisse und Werte besser zu verstehen und L\u00f6sungen zu entwickeln, die alle Dimensionen des Lebens einbeziehen.<\/p>\n\n\n\n<p>Es liegt an uns, diese Zukunft zu gestalten \u2013 mit der Hilfe von KI und einem tiefen Verst\u00e4ndnis der menschlichen Natur. Lasst uns gemeinsam den ersten Schritt in diese Richtung machen.<\/p>\n","protected":false},"excerpt":{"rendered":"<p>Wie K\u00fcnstliche Intelligenz und Bewusstseinsentwicklung unsere Gesellschaft revolutionieren k\u00f6nnen (Blogbeitrag an anderer Stelle vom August 2024) Stell dir vor, wir k\u00f6nnten eine Gesellschaft schaffen, in der politische Entscheidungen nicht mehr durch ideologische Konflikte gepr\u00e4gt sind, sondern auf einer tiefen, ganzheitlichen Analyse der menschlichen Psyche basieren. Eine Welt, in der individuelle Freiheit und kollektives Wohl harmonisch [&hellip;]<\/p>\n","protected":false},"author":1,"featured_media":236,"comment_status":"open","ping_status":"open","sticky":false,"template":"","format":"standard","meta":{"footnotes":""},"categories":[1],"tags":[],"class_list":["post-235","post","type-post","status-publish","format-standard","has-post-thumbnail","hentry","category-allgemein"],"yoast_head":"<!-- This site is optimized with the Yoast SEO Premium plugin v27.2 (Yoast SEO v27.4) - https:\/\/yoast.com\/product\/yoast-seo-premium-wordpress\/ -->\n<title>Die Zukunft der Politik: - H\u00f6berths-Blog<\/title>\n<meta name=\"description\" content=\"Wie K\u00fcnstliche Intelligenz und Bewusstseinsentwicklung unsere Gesellschaft revolutionieren k\u00f6nnen. Von individueller Freiheit bis kollektivem Wohl \u2013 eine ganzheitliche Analyse der menschlichen Psyche.\" \/>\n<meta name=\"robots\" content=\"index, follow, max-snippet:-1, max-image-preview:large, max-video-preview:-1\" \/>\n<link rel=\"canonical\" href=\"https:\/\/struktur.hoeberth.de\/wordpress\/2024\/12\/26\/die-zukunft-der-politik-2\/\" \/>\n<meta property=\"og:locale\" content=\"de_DE\" \/>\n<meta property=\"og:type\" content=\"article\" \/>\n<meta property=\"og:title\" content=\"Die Zukunft der Politik:\" \/>\n<meta property=\"og:description\" content=\"Wie K\u00fcnstliche Intelligenz und Bewusstseinsentwicklung unsere Gesellschaft revolutionieren k\u00f6nnen. Von individueller Freiheit bis kollektivem Wohl \u2013 eine ganzheitliche Analyse der menschlichen Psyche.\" \/>\n<meta property=\"og:url\" content=\"https:\/\/struktur.hoeberth.de\/wordpress\/2024\/12\/26\/die-zukunft-der-politik-2\/\" \/>\n<meta property=\"og:site_name\" content=\"H\u00f6berths-Blog\" \/>\n<meta property=\"article:publisher\" content=\"https:\/\/www.facebook.com\/hoeberth\" \/>\n<meta property=\"article:author\" content=\"https:\/\/www.facebook.com\/hoeberth\" \/>\n<meta property=\"article:published_time\" content=\"2024-12-26T10:39:14+00:00\" \/>\n<meta property=\"article:modified_time\" content=\"2024-12-26T10:39:16+00:00\" \/>\n<meta property=\"og:image\" content=\"https:\/\/struktur.hoeberth.de\/wordpress\/wp-content\/uploads\/2024\/12\/0044.jpg\" \/>\n\t<meta property=\"og:image:width\" content=\"1600\" \/>\n\t<meta property=\"og:image:height\" content=\"1096\" \/>\n\t<meta property=\"og:image:type\" content=\"image\/jpeg\" \/>\n<meta name=\"author\" content=\"Gerhard H\u00f6berth\" \/>\n<meta name=\"twitter:card\" content=\"summary_large_image\" \/>\n<meta name=\"twitter:label1\" content=\"Verfasst von\" \/>\n\t<meta name=\"twitter:data1\" content=\"Gerhard H\u00f6berth\" \/>\n\t<meta name=\"twitter:label2\" content=\"Gesch\u00e4tzte Lesezeit\" \/>\n\t<meta name=\"twitter:data2\" content=\"4\u00a0Minuten\" \/>\n<script type=\"application\/ld+json\" class=\"yoast-schema-graph\">{\"@context\":\"https:\\\/\\\/schema.org\",\"@graph\":[{\"@type\":\"Article\",\"@id\":\"https:\\\/\\\/struktur.hoeberth.de\\\/wordpress\\\/2024\\\/12\\\/26\\\/die-zukunft-der-politik-2\\\/#article\",\"isPartOf\":{\"@id\":\"https:\\\/\\\/struktur.hoeberth.de\\\/wordpress\\\/2024\\\/12\\\/26\\\/die-zukunft-der-politik-2\\\/\"},\"author\":{\"name\":\"Gerhard H\u00f6berth\",\"@id\":\"https:\\\/\\\/struktur.hoeberth.de\\\/wordpress\\\/#\\\/schema\\\/person\\\/ed17aa92ca1b7faac8d00dd400eed154\"},\"headline\":\"Die Zukunft der Politik:\",\"datePublished\":\"2024-12-26T10:39:14+00:00\",\"dateModified\":\"2024-12-26T10:39:16+00:00\",\"mainEntityOfPage\":{\"@id\":\"https:\\\/\\\/struktur.hoeberth.de\\\/wordpress\\\/2024\\\/12\\\/26\\\/die-zukunft-der-politik-2\\\/\"},\"wordCount\":721,\"commentCount\":0,\"publisher\":{\"@id\":\"https:\\\/\\\/struktur.hoeberth.de\\\/wordpress\\\/#\\\/schema\\\/person\\\/ed17aa92ca1b7faac8d00dd400eed154\"},\"image\":{\"@id\":\"https:\\\/\\\/struktur.hoeberth.de\\\/wordpress\\\/2024\\\/12\\\/26\\\/die-zukunft-der-politik-2\\\/#primaryimage\"},\"thumbnailUrl\":\"https:\\\/\\\/struktur.hoeberth.de\\\/wordpress\\\/wp-content\\\/uploads\\\/2024\\\/12\\\/0044.jpg\",\"inLanguage\":\"de\",\"potentialAction\":[{\"@type\":\"CommentAction\",\"name\":\"Comment\",\"target\":[\"https:\\\/\\\/struktur.hoeberth.de\\\/wordpress\\\/2024\\\/12\\\/26\\\/die-zukunft-der-politik-2\\\/#respond\"]}]},{\"@type\":\"WebPage\",\"@id\":\"https:\\\/\\\/struktur.hoeberth.de\\\/wordpress\\\/2024\\\/12\\\/26\\\/die-zukunft-der-politik-2\\\/\",\"url\":\"https:\\\/\\\/struktur.hoeberth.de\\\/wordpress\\\/2024\\\/12\\\/26\\\/die-zukunft-der-politik-2\\\/\",\"name\":\"Die Zukunft der Politik: - H\u00f6berths-Blog\",\"isPartOf\":{\"@id\":\"https:\\\/\\\/struktur.hoeberth.de\\\/wordpress\\\/#website\"},\"primaryImageOfPage\":{\"@id\":\"https:\\\/\\\/struktur.hoeberth.de\\\/wordpress\\\/2024\\\/12\\\/26\\\/die-zukunft-der-politik-2\\\/#primaryimage\"},\"image\":{\"@id\":\"https:\\\/\\\/struktur.hoeberth.de\\\/wordpress\\\/2024\\\/12\\\/26\\\/die-zukunft-der-politik-2\\\/#primaryimage\"},\"thumbnailUrl\":\"https:\\\/\\\/struktur.hoeberth.de\\\/wordpress\\\/wp-content\\\/uploads\\\/2024\\\/12\\\/0044.jpg\",\"datePublished\":\"2024-12-26T10:39:14+00:00\",\"dateModified\":\"2024-12-26T10:39:16+00:00\",\"description\":\"Wie K\u00fcnstliche Intelligenz und Bewusstseinsentwicklung unsere Gesellschaft revolutionieren k\u00f6nnen. Von individueller Freiheit bis kollektivem Wohl \u2013 eine ganzheitliche Analyse der menschlichen Psyche.\",\"breadcrumb\":{\"@id\":\"https:\\\/\\\/struktur.hoeberth.de\\\/wordpress\\\/2024\\\/12\\\/26\\\/die-zukunft-der-politik-2\\\/#breadcrumb\"},\"inLanguage\":\"de\",\"potentialAction\":[{\"@type\":\"ReadAction\",\"target\":[\"https:\\\/\\\/struktur.hoeberth.de\\\/wordpress\\\/2024\\\/12\\\/26\\\/die-zukunft-der-politik-2\\\/\"]}]},{\"@type\":\"ImageObject\",\"inLanguage\":\"de\",\"@id\":\"https:\\\/\\\/struktur.hoeberth.de\\\/wordpress\\\/2024\\\/12\\\/26\\\/die-zukunft-der-politik-2\\\/#primaryimage\",\"url\":\"https:\\\/\\\/struktur.hoeberth.de\\\/wordpress\\\/wp-content\\\/uploads\\\/2024\\\/12\\\/0044.jpg\",\"contentUrl\":\"https:\\\/\\\/struktur.hoeberth.de\\\/wordpress\\\/wp-content\\\/uploads\\\/2024\\\/12\\\/0044.jpg\",\"width\":1600,\"height\":1096},{\"@type\":\"BreadcrumbList\",\"@id\":\"https:\\\/\\\/struktur.hoeberth.de\\\/wordpress\\\/2024\\\/12\\\/26\\\/die-zukunft-der-politik-2\\\/#breadcrumb\",\"itemListElement\":[{\"@type\":\"ListItem\",\"position\":1,\"name\":\"Startseite\",\"item\":\"https:\\\/\\\/struktur.hoeberth.de\\\/wordpress\\\/\"},{\"@type\":\"ListItem\",\"position\":2,\"name\":\"Die Zukunft der Politik:\"}]},{\"@type\":\"WebSite\",\"@id\":\"https:\\\/\\\/struktur.hoeberth.de\\\/wordpress\\\/#website\",\"url\":\"https:\\\/\\\/struktur.hoeberth.de\\\/wordpress\\\/\",\"name\":\"Philosophie-Blog von Gerhard H\u00f6berth\",\"description\":\"Gedanken aus der Perspektive des Evolution\u00e4ren Idealismus\",\"publisher\":{\"@id\":\"https:\\\/\\\/struktur.hoeberth.de\\\/wordpress\\\/#\\\/schema\\\/person\\\/ed17aa92ca1b7faac8d00dd400eed154\"},\"potentialAction\":[{\"@type\":\"SearchAction\",\"target\":{\"@type\":\"EntryPoint\",\"urlTemplate\":\"https:\\\/\\\/struktur.hoeberth.de\\\/wordpress\\\/?s={search_term_string}\"},\"query-input\":{\"@type\":\"PropertyValueSpecification\",\"valueRequired\":true,\"valueName\":\"search_term_string\"}}],\"inLanguage\":\"de\"},{\"@type\":[\"Person\",\"Organization\"],\"@id\":\"https:\\\/\\\/struktur.hoeberth.de\\\/wordpress\\\/#\\\/schema\\\/person\\\/ed17aa92ca1b7faac8d00dd400eed154\",\"name\":\"Gerhard H\u00f6berth\",\"image\":{\"@type\":\"ImageObject\",\"inLanguage\":\"de\",\"@id\":\"https:\\\/\\\/struktur.hoeberth.de\\\/wordpress\\\/wp-content\\\/uploads\\\/2024\\\/11\\\/Gerhard.jpg\",\"url\":\"https:\\\/\\\/struktur.hoeberth.de\\\/wordpress\\\/wp-content\\\/uploads\\\/2024\\\/11\\\/Gerhard.jpg\",\"contentUrl\":\"https:\\\/\\\/struktur.hoeberth.de\\\/wordpress\\\/wp-content\\\/uploads\\\/2024\\\/11\\\/Gerhard.jpg\",\"width\":600,\"height\":800,\"caption\":\"Gerhard H\u00f6berth\"},\"logo\":{\"@id\":\"https:\\\/\\\/struktur.hoeberth.de\\\/wordpress\\\/wp-content\\\/uploads\\\/2024\\\/11\\\/Gerhard.jpg\"},\"sameAs\":[\"http:\\\/\\\/struktur.hoeberth.de\\\/wordpress\",\"https:\\\/\\\/www.facebook.com\\\/hoeberth\",\"https:\\\/\\\/www.youtube.com\\\/channel\\\/UCPMEKSbmuN5IFRXHdhPFniw\"],\"url\":\"https:\\\/\\\/struktur.hoeberth.de\\\/wordpress\\\/author\\\/web925\\\/\"}]}<\/script>\n<!-- \/ Yoast SEO Premium plugin. -->","yoast_head_json":{"title":"Die Zukunft der Politik: - H\u00f6berths-Blog","description":"Wie K\u00fcnstliche Intelligenz und Bewusstseinsentwicklung unsere Gesellschaft revolutionieren k\u00f6nnen. Von individueller Freiheit bis kollektivem Wohl \u2013 eine ganzheitliche Analyse der menschlichen Psyche.","robots":{"index":"index","follow":"follow","max-snippet":"max-snippet:-1","max-image-preview":"max-image-preview:large","max-video-preview":"max-video-preview:-1"},"canonical":"https:\/\/struktur.hoeberth.de\/wordpress\/2024\/12\/26\/die-zukunft-der-politik-2\/","og_locale":"de_DE","og_type":"article","og_title":"Die Zukunft der Politik:","og_description":"Wie K\u00fcnstliche Intelligenz und Bewusstseinsentwicklung unsere Gesellschaft revolutionieren k\u00f6nnen. Von individueller Freiheit bis kollektivem Wohl \u2013 eine ganzheitliche Analyse der menschlichen Psyche.","og_url":"https:\/\/struktur.hoeberth.de\/wordpress\/2024\/12\/26\/die-zukunft-der-politik-2\/","og_site_name":"H\u00f6berths-Blog","article_publisher":"https:\/\/www.facebook.com\/hoeberth","article_author":"https:\/\/www.facebook.com\/hoeberth","article_published_time":"2024-12-26T10:39:14+00:00","article_modified_time":"2024-12-26T10:39:16+00:00","og_image":[{"width":1600,"height":1096,"url":"https:\/\/struktur.hoeberth.de\/wordpress\/wp-content\/uploads\/2024\/12\/0044.jpg","type":"image\/jpeg"}],"author":"Gerhard H\u00f6berth","twitter_card":"summary_large_image","twitter_misc":{"Verfasst von":"Gerhard H\u00f6berth","Gesch\u00e4tzte Lesezeit":"4\u00a0Minuten"},"schema":{"@context":"https:\/\/schema.org","@graph":[{"@type":"Article","@id":"https:\/\/struktur.hoeberth.de\/wordpress\/2024\/12\/26\/die-zukunft-der-politik-2\/#article","isPartOf":{"@id":"https:\/\/struktur.hoeberth.de\/wordpress\/2024\/12\/26\/die-zukunft-der-politik-2\/"},"author":{"name":"Gerhard H\u00f6berth","@id":"https:\/\/struktur.hoeberth.de\/wordpress\/#\/schema\/person\/ed17aa92ca1b7faac8d00dd400eed154"},"headline":"Die Zukunft der Politik:","datePublished":"2024-12-26T10:39:14+00:00","dateModified":"2024-12-26T10:39:16+00:00","mainEntityOfPage":{"@id":"https:\/\/struktur.hoeberth.de\/wordpress\/2024\/12\/26\/die-zukunft-der-politik-2\/"},"wordCount":721,"commentCount":0,"publisher":{"@id":"https:\/\/struktur.hoeberth.de\/wordpress\/#\/schema\/person\/ed17aa92ca1b7faac8d00dd400eed154"},"image":{"@id":"https:\/\/struktur.hoeberth.de\/wordpress\/2024\/12\/26\/die-zukunft-der-politik-2\/#primaryimage"},"thumbnailUrl":"https:\/\/struktur.hoeberth.de\/wordpress\/wp-content\/uploads\/2024\/12\/0044.jpg","inLanguage":"de","potentialAction":[{"@type":"CommentAction","name":"Comment","target":["https:\/\/struktur.hoeberth.de\/wordpress\/2024\/12\/26\/die-zukunft-der-politik-2\/#respond"]}]},{"@type":"WebPage","@id":"https:\/\/struktur.hoeberth.de\/wordpress\/2024\/12\/26\/die-zukunft-der-politik-2\/","url":"https:\/\/struktur.hoeberth.de\/wordpress\/2024\/12\/26\/die-zukunft-der-politik-2\/","name":"Die Zukunft der Politik: - H\u00f6berths-Blog","isPartOf":{"@id":"https:\/\/struktur.hoeberth.de\/wordpress\/#website"},"primaryImageOfPage":{"@id":"https:\/\/struktur.hoeberth.de\/wordpress\/2024\/12\/26\/die-zukunft-der-politik-2\/#primaryimage"},"image":{"@id":"https:\/\/struktur.hoeberth.de\/wordpress\/2024\/12\/26\/die-zukunft-der-politik-2\/#primaryimage"},"thumbnailUrl":"https:\/\/struktur.hoeberth.de\/wordpress\/wp-content\/uploads\/2024\/12\/0044.jpg","datePublished":"2024-12-26T10:39:14+00:00","dateModified":"2024-12-26T10:39:16+00:00","description":"Wie K\u00fcnstliche Intelligenz und Bewusstseinsentwicklung unsere Gesellschaft revolutionieren k\u00f6nnen. Von individueller Freiheit bis kollektivem Wohl \u2013 eine ganzheitliche Analyse der menschlichen Psyche.","breadcrumb":{"@id":"https:\/\/struktur.hoeberth.de\/wordpress\/2024\/12\/26\/die-zukunft-der-politik-2\/#breadcrumb"},"inLanguage":"de","potentialAction":[{"@type":"ReadAction","target":["https:\/\/struktur.hoeberth.de\/wordpress\/2024\/12\/26\/die-zukunft-der-politik-2\/"]}]},{"@type":"ImageObject","inLanguage":"de","@id":"https:\/\/struktur.hoeberth.de\/wordpress\/2024\/12\/26\/die-zukunft-der-politik-2\/#primaryimage","url":"https:\/\/struktur.hoeberth.de\/wordpress\/wp-content\/uploads\/2024\/12\/0044.jpg","contentUrl":"https:\/\/struktur.hoeberth.de\/wordpress\/wp-content\/uploads\/2024\/12\/0044.jpg","width":1600,"height":1096},{"@type":"BreadcrumbList","@id":"https:\/\/struktur.hoeberth.de\/wordpress\/2024\/12\/26\/die-zukunft-der-politik-2\/#breadcrumb","itemListElement":[{"@type":"ListItem","position":1,"name":"Startseite","item":"https:\/\/struktur.hoeberth.de\/wordpress\/"},{"@type":"ListItem","position":2,"name":"Die Zukunft der Politik:"}]},{"@type":"WebSite","@id":"https:\/\/struktur.hoeberth.de\/wordpress\/#website","url":"https:\/\/struktur.hoeberth.de\/wordpress\/","name":"Philosophie-Blog von Gerhard H\u00f6berth","description":"Gedanken aus der Perspektive des Evolution\u00e4ren Idealismus","publisher":{"@id":"https:\/\/struktur.hoeberth.de\/wordpress\/#\/schema\/person\/ed17aa92ca1b7faac8d00dd400eed154"},"potentialAction":[{"@type":"SearchAction","target":{"@type":"EntryPoint","urlTemplate":"https:\/\/struktur.hoeberth.de\/wordpress\/?s={search_term_string}"},"query-input":{"@type":"PropertyValueSpecification","valueRequired":true,"valueName":"search_term_string"}}],"inLanguage":"de"},{"@type":["Person","Organization"],"@id":"https:\/\/struktur.hoeberth.de\/wordpress\/#\/schema\/person\/ed17aa92ca1b7faac8d00dd400eed154","name":"Gerhard H\u00f6berth","image":{"@type":"ImageObject","inLanguage":"de","@id":"https:\/\/struktur.hoeberth.de\/wordpress\/wp-content\/uploads\/2024\/11\/Gerhard.jpg","url":"https:\/\/struktur.hoeberth.de\/wordpress\/wp-content\/uploads\/2024\/11\/Gerhard.jpg","contentUrl":"https:\/\/struktur.hoeberth.de\/wordpress\/wp-content\/uploads\/2024\/11\/Gerhard.jpg","width":600,"height":800,"caption":"Gerhard H\u00f6berth"},"logo":{"@id":"https:\/\/struktur.hoeberth.de\/wordpress\/wp-content\/uploads\/2024\/11\/Gerhard.jpg"},"sameAs":["http:\/\/struktur.hoeberth.de\/wordpress","https:\/\/www.facebook.com\/hoeberth","https:\/\/www.youtube.com\/channel\/UCPMEKSbmuN5IFRXHdhPFniw"],"url":"https:\/\/struktur.hoeberth.de\/wordpress\/author\/web925\/"}]}},"wp-worthy-pixel":{"ignored":false,"public":"1d21a15fb4c94ea5bd131cbc625adddd","server":"vg07.met.vgwort.de","url":"https:\/\/vg07.met.vgwort.de\/na\/1d21a15fb4c94ea5bd131cbc625adddd"},"wp-worthy-type":"normal","_links":{"self":[{"href":"https:\/\/struktur.hoeberth.de\/wordpress\/wp-json\/wp\/v2\/posts\/235","targetHints":{"allow":["GET"]}}],"collection":[{"href":"https:\/\/struktur.hoeberth.de\/wordpress\/wp-json\/wp\/v2\/posts"}],"about":[{"href":"https:\/\/struktur.hoeberth.de\/wordpress\/wp-json\/wp\/v2\/types\/post"}],"author":[{"embeddable":true,"href":"https:\/\/struktur.hoeberth.de\/wordpress\/wp-json\/wp\/v2\/users\/1"}],"replies":[{"embeddable":true,"href":"https:\/\/struktur.hoeberth.de\/wordpress\/wp-json\/wp\/v2\/comments?post=235"}],"version-history":[{"count":1,"href":"https:\/\/struktur.hoeberth.de\/wordpress\/wp-json\/wp\/v2\/posts\/235\/revisions"}],"predecessor-version":[{"id":237,"href":"https:\/\/struktur.hoeberth.de\/wordpress\/wp-json\/wp\/v2\/posts\/235\/revisions\/237"}],"wp:featuredmedia":[{"embeddable":true,"href":"https:\/\/struktur.hoeberth.de\/wordpress\/wp-json\/wp\/v2\/media\/236"}],"wp:attachment":[{"href":"https:\/\/struktur.hoeberth.de\/wordpress\/wp-json\/wp\/v2\/media?parent=235"}],"wp:term":[{"taxonomy":"category","embeddable":true,"href":"https:\/\/struktur.hoeberth.de\/wordpress\/wp-json\/wp\/v2\/categories?post=235"},{"taxonomy":"post_tag","embeddable":true,"href":"https:\/\/struktur.hoeberth.de\/wordpress\/wp-json\/wp\/v2\/tags?post=235"}],"curies":[{"name":"wp","href":"https:\/\/api.w.org\/{rel}","templated":true}]}}