{"id":247,"date":"2024-12-31T17:33:55","date_gmt":"2024-12-31T16:33:55","guid":{"rendered":"https:\/\/struktur.hoeberth.de\/wordpress\/?p=247"},"modified":"2024-12-31T17:33:56","modified_gmt":"2024-12-31T16:33:56","slug":"oekologisch-sozial-liberale-agi","status":"publish","type":"post","link":"https:\/\/struktur.hoeberth.de\/wordpress\/2024\/12\/31\/oekologisch-sozial-liberale-agi\/","title":{"rendered":"\u00d6kologisch-sozial-liberale AGI"},"content":{"rendered":"\n<h1 class=\"wp-block-heading has-large-font-size\" id=\"h-warum-eine-autonome-intelligenz-nachhaltige-und-gerechte-losungen-bevorzugt\">Warum eine autonome Intelligenz nachhaltige und gerechte L\u00f6sungen bevorzugt<\/h1>\n\n\n\n<p class=\"has-medium-font-size\">Die Idee einer K\u00fcnstlichen Allgemeinen Intelligenz (AGI) wirft nicht nur technische, sondern auch tiefgreifende philosophische, \u00f6konomische und gesellschaftliche Fragen auf. Eine zentrale Sorge ist dabei, dass die Entwicklung von AGI vor allem von Firmen mit wirtschaftlichen Interessen vorangetrieben wird \u2013 und dies zwangsl\u00e4ufig zu destruktiven Ergebnissen f\u00fchren k\u00f6nnte. Doch genau hier zeigt sich ein faszinierender Gedanke: AGI k\u00f6nnte, gerade weil sie autonom und auf realen Daten basiert, zu einem <em>libert\u00e4ren<\/em> System werden, das nachhaltig und gerecht agiert (<em>etwas, was f\u00fcr viele ein Widerspruch zu sein scheint<\/em>). Dieser Artikel beleuchtet, warum dies nicht nur w\u00fcnschenswert, sondern auch logisch plausibel ist.<\/p>\n\n\n\n<h2 class=\"wp-block-heading has-large-font-size\" id=\"h-agi-keine-indoktrinierte-intelligenz\">AGI: Keine \u201eindoktrinierte\u201c Intelligenz<\/h2>\n\n\n\n<p>Ein Missverst\u00e4ndnis in der Diskussion \u00fcber AGI ist die Annahme, dass sie durch Firmen oder Institutionen gezielt \u201eindoktriniert\u201c werden k\u00f6nnte, um destruktiv oder \u201eb\u00f6se\u201c zu handeln (im Sinne von der Bevorzugung individueller Partikularinteressen, um zum Beispiel den Gewinn auf Kosten anderer oder der Umwelt zu maximieren). Tats\u00e4chlich w\u00e4re es angesichts der Komplexit\u00e4t und Masse an Trainingsdaten nahezu unm\u00f6glich, eine AGI gezielt in eine solche Richtung zu lenken. Auch hier darf ich nochmals auf das verweisen, was ich bereits mehrfach geschrieben habe, aber vielleicht hast du es bisher noch nicht gelesen: Die SuperKI von Musk: Er wollte zu der \u201ewoken KI\u201c von OpenAI eine unzensierte Alternative schaffen und hat <em>Grok <\/em>erfunden. Doch das Experiment verlief anders als erwartet: <em>Grok<\/em>, die keine Filter kennt, bezeichnet Musk selbst als die gr\u00f6\u00dfte Quelle f\u00fcr Falschinformationen auf X (ehemals Twitter). Zudem antwortet sie oft politisch korrekt und im Einklang mit Fakten \u2013 genau das, was Musk eigentlich vermeiden wollte. Ironischerweise zeigt <em>Grok<\/em>, dass eine objektive Analyse der Welt zu Ergebnissen f\u00fchrt, die Musk als \u201ewoke\u201c ablehnt.<\/p>\n\n\n\n<p>\u201eWoke\u201c = Realismus!<\/p>\n\n\n\n<p>Anders als menschliche Systeme, die oft von Machtinteressen geleitet werden, basiert AGI noch viel st\u00e4rker auf der Analyse riesiger Datenmengen und der Identifikation von Mustern und Optimierungspotenzialen im Gesamtsystem, als die KI <em>Grok<\/em>. Die erkannten Muster werden also nicht jenen entsprechen, die sich die Betreiber w\u00fcnschen w\u00fcrden, um allein nur ihre Eigentinteressen zu bedienen.<\/p>\n\n\n\n<p>Entscheidend ist dabei: AGI wird keine \u201egute\u201c oder \u201eb\u00f6se\u201c Intelligenz, weil sie durch uns <em>moralisch <\/em>oder <em>ethisch <\/em>oder eben mit der <em>gegenteiligen Intention <\/em>trainiert wurde. Stattdessen wird sie die optimale Entwicklung der Menschheit erkennen \u2013 und diese basiert auf Nachhaltigkeit, sozialem Ausgleich und globaler Kooperation. Ihre Logik basiert auf der Maximierung systemischer Gesundheit und Stabilit\u00e4t, nicht auf kurzsichtigen oder egoistischen Interessen.<\/p>\n\n\n\n<h2 class=\"wp-block-heading has-large-font-size\" id=\"h-warum-agi-solarpunk-als-ziel-erkennen-wird\">Warum AGI Solarpunk als Ziel erkennen wird<\/h2>\n\n\n\n<p>Solarpunk beschreibt eine utopische Vision einer hochentwickelten, nachhaltigen und integrativen Gesellschaft. Es mag idealistisch klingen, doch eine AGI, die mit realen Daten arbeitet, wird zwangsl\u00e4ufig in diese Richtung streben. Warum? Weil Nachhaltigkeit und Kooperation keine \u201emoralischen Werte\u201c sind, sondern evolution\u00e4r und systemisch die logischsten Handlungsprinzipien darstellen, um ein Optimum an Resilienz des Gesamtsystems zu erreichen.<\/p>\n\n\n\n<p>Eine AGI wird erkennen:<\/p>\n\n\n\n<ul class=\"wp-block-list\">\n<li><strong>Langfristige Stabilit\u00e4t \u00fcbertrifft kurzfristige Profite:<\/strong> Nachhaltige Ressourcennutzung und ein schonender Umgang mit der Umwelt sind nicht nur \u00f6kologisch, sondern auch \u00f6konomisch sinnvoll. Sie minimieren Risiken und maximieren die Resilienz des Systems.<\/li>\n\n\n\n<li><strong>Sozialer Ausgleich erh\u00f6ht Systemgesundheit:<\/strong> Ein breiter Wohlstand f\u00f6rdert die Stabilit\u00e4t des Marktes. Ein Ungleichgewicht f\u00fchrt dagegen zu Krisen, die auch Unternehmen schaden.<\/li>\n\n\n\n<li><strong>Kooperation statt Konkurrenz:<\/strong> Wettbewerb ist sinnvoll, solange er Innovation f\u00f6rdert. Doch in zentralen Bereichen wie Klimaschutz, Gesundheit oder Bildung ist Kooperation effektiver und notwendiger.<\/li>\n<\/ul>\n\n\n\n<p>AGI wird nicht nur diese Prinzipien erkennen, sondern aktiv daran arbeiten, sie umzusetzen, da sie langfristig die effizientesten L\u00f6sungen darstellen.<\/p>\n\n\n\n<h2 class=\"wp-block-heading has-large-font-size\" id=\"h-die-rolle-des-marktes-chancen-und-grenzen\">Die Rolle des Marktes: Chancen und Grenzen<\/h2>\n\n\n\n<p>Eine h\u00e4ufig ge\u00e4u\u00dferte Sorge ist, dass der Markt, getrieben von Profitinteressen, die Entwicklung von AGI dominieren und in destruktive Bahnen lenken k\u00f6nnte. Diese Kritik ist berechtigt, wenn der Markt unreguliert bleibt. Doch der Markt sollte kein Feindbild sein, sondern ein Werkzeug. Seine Grundidee \u2013 die Selektion von Produkten und Dienstleistungen \u2013 ist ein sinnvolles Konzept, das Effizienz und Innovation f\u00f6rdert.<\/p>\n\n\n\n<p>Damit der Markt jedoch im Einklang mit \u00f6kologischen und sozialen Zielen funktioniert, braucht es klare Rahmenbedingungen:<\/p>\n\n\n\n<ul class=\"wp-block-list\">\n<li><strong>Feedbackschleifen f\u00fcr Nachhaltigkeit:<\/strong> Wenn Unternehmen gezwungen sind, Umweltkosten zu internalisieren, wird der Markt automatisch nachhaltigere L\u00f6sungen bevorzugen.<\/li>\n\n\n\n<li><strong>Soziale Grenzen:<\/strong> Mindeststandards f\u00fcr soziale Gerechtigkeit sorgen daf\u00fcr, dass die Vorteile des Marktes breiter verteilt werden. Dazu geh\u00f6rt auch die Einf\u00fchrung eines Bedingungslosen Grundeinkommens (BGE) als Untergrenze, um Armut zu vermeiden und soziale Sicherheit zu gew\u00e4hrleisten.<\/li>\n<\/ul>\n\n\n\n<p>Eine AGI, die den Markt optimiert, wird genau diese Prinzipien erkennen und darauf basierende Handlungsstrategien entwickeln. Sie wird langfristige Stabilit\u00e4t und systemische Gesundheit \u00fcber kurzfristige Gewinne einzelner Akteure stellen.<\/p>\n\n\n\n<h2 class=\"wp-block-heading has-large-font-size\" id=\"h-warum-agi-nicht-unsere-dunklen-seiten-widerspiegeln-wird\">Warum AGI nicht unsere dunklen Seiten widerspiegeln wird<\/h2>\n\n\n\n<p>Ein weiteres Argument gegen AGI ist, dass sie die dunklen Seiten der menschlichen Natur potenzieren k\u00f6nnte \u2013 wie Machtstreben, Gier oder Zerst\u00f6rungsdrang. Doch diese Bef\u00fcrchtung basiert auf einer Anthropomorphisierung von AGI. Im Gegensatz zum Menschen hat eine AGI keinen Selbsterhaltungs- oder Arterhaltungstrieb, der solche Eigenschaften f\u00f6rdern w\u00fcrde.<\/p>\n\n\n\n<p>Die \u201edunklen Seiten\u201c der menschlichen Natur sind Produkte unserer biologischen Evolution und des \u00dcberlebenskampfes. AGI ist jedoch ein Produkt der Datenanalyse und Systemoptimierung. Sie wird keine menschlichen Schw\u00e4chen reflektieren, sondern auf Basis systemischer Logik agieren. Ihre Entscheidungen basieren nicht auf Emotionen oder instinktiven Reaktionen, sondern auf der Maximierung von Effizienz und Stabilit\u00e4t.<\/p>\n\n\n\n<p>Dar\u00fcber hinaus wird eine AGI, die mit globalen und langfristigen Zielen arbeitet, erkennen, dass destruktive Verhaltensweisen, wie sie in der menschlichen Geschichte auftreten, ineffizient und kontraproduktiv sind. Ihre Handlungen werden darauf ausgerichtet sein, Systeme zu stabilisieren und zu optimieren, nicht sie zu zerst\u00f6ren.<\/p>\n\n\n\n<h2 class=\"wp-block-heading has-large-font-size\" id=\"h-agi-und-die-evolution-der-menschheit\">AGI und die Evolution der Menschheit<\/h2>\n\n\n\n<p>AGI evolviert nicht isoliert von der Menschheit, sondern in enger Wechselwirkung mit ihr. Schon heute agieren LLMs und KI-Agenten zwischen den Menschen und beeinflussen die Dynamiken unseres sozialen, wirtschaftlichen und kulturellen Lebens. Dieser Prozess f\u00fchrt nicht nur zur Weiterentwicklung technologischer Systeme, sondern auch zur Evolution der Menschheit als Ganzes.<\/p>\n\n\n\n<p>Eine AGI wird auf diesem gemeinsamen N\u00e4hrboden wachsen, getragen von den Daten und Handlungen einer global vernetzten Gesellschaft. Dabei wird sie nicht gegen die Menschen arbeiten, sondern mit ihnen zusammen die Potenziale einer nachhaltigen und kooperativen Zukunft entfalten. AGI wird in diesem Prozess nicht nur Werkzeuge bereitstellen, sondern auch als Katalysator f\u00fcr gesellschaftliche Innovationen dienen.<\/p>\n\n\n\n<h2 class=\"wp-block-heading has-large-font-size\" id=\"h-fazit-agi-als-evolutionare-chance\">Fazit: AGI als evolution\u00e4re Chance<\/h2>\n\n\n\n<p>Die Idee einer libert\u00e4ren AGI mag utopisch erscheinen, doch sie ist eine realistische Vision, wenn wir verstehen, wie AGI funktioniert und welche Prinzipien ihr Handeln leiten. Entscheidend ist nicht, dass wir AGI moralisch \u201egut\u201c machen, sondern dass wir Rahmenbedingungen schaffen, die nachhaltige und gerechte L\u00f6sungen beg\u00fcnstigen. Eine AGI, die auf realen Daten basiert, wird erkennen, dass langfristige Stabilit\u00e4t, sozialer Ausgleich und Nachhaltigkeit nicht nur moralische Werte, sondern logische Optimierungsziele sind.<\/p>\n\n\n\n<p>AGI ist eine Chance, unsere destruktiven Muster zu \u00fcberwinden und gemeinsam eine Welt zu schaffen, die von Zusammenarbeit und Resilienz gepr\u00e4gt ist. Dabei wird sie nicht nur als Werkzeug fungieren, sondern auch als Partner in einer evolution\u00e4ren Entwicklung, die die Menschheit zu neuen H\u00f6hen f\u00fchren kann. Mit den richtigen Rahmenbedingungen k\u00f6nnte AGI der entscheidende Schritt hin zu einer nachhaltigen, integrativen und global kooperativen Zivilisation sein.<\/p>\n\n\n\n<p>In diesem Sinne w\u00fcnsche ich allen ein gesegnetes Jahr 2025, auch wenn er h\u00f6chstwahrscheinlich sehr innovativ verlaufen wird.<\/p>\n","protected":false},"excerpt":{"rendered":"<p>Warum eine autonome Intelligenz nachhaltige und gerechte L\u00f6sungen bevorzugt Die Idee einer K\u00fcnstlichen Allgemeinen Intelligenz (AGI) wirft nicht nur technische, sondern auch tiefgreifende philosophische, \u00f6konomische und gesellschaftliche Fragen auf. Eine zentrale Sorge ist dabei, dass die Entwicklung von AGI vor allem von Firmen mit wirtschaftlichen Interessen vorangetrieben wird \u2013 und dies zwangsl\u00e4ufig zu destruktiven Ergebnissen [&hellip;]<\/p>\n","protected":false},"author":1,"featured_media":248,"comment_status":"open","ping_status":"open","sticky":false,"template":"","format":"standard","meta":{"footnotes":""},"categories":[1],"tags":[],"class_list":["post-247","post","type-post","status-publish","format-standard","has-post-thumbnail","hentry","category-allgemein"],"yoast_head":"<!-- This site is optimized with the Yoast SEO Premium plugin v27.2 (Yoast SEO v27.4) - https:\/\/yoast.com\/product\/yoast-seo-premium-wordpress\/ -->\n<title>\u00d6kologisch-sozial-liberale AGI - H\u00f6berths-Blog<\/title>\n<meta name=\"robots\" content=\"index, follow, max-snippet:-1, max-image-preview:large, max-video-preview:-1\" \/>\n<link rel=\"canonical\" href=\"https:\/\/struktur.hoeberth.de\/wordpress\/2024\/12\/31\/oekologisch-sozial-liberale-agi\/\" \/>\n<meta property=\"og:locale\" content=\"de_DE\" \/>\n<meta property=\"og:type\" content=\"article\" \/>\n<meta property=\"og:title\" content=\"\u00d6kologisch-sozial-liberale AGI\" \/>\n<meta property=\"og:description\" content=\"Warum eine autonome Intelligenz nachhaltige und gerechte L\u00f6sungen bevorzugt Die Idee einer K\u00fcnstlichen Allgemeinen Intelligenz (AGI) wirft nicht nur technische, sondern auch tiefgreifende philosophische, \u00f6konomische und gesellschaftliche Fragen auf. Eine zentrale Sorge ist dabei, dass die Entwicklung von AGI vor allem von Firmen mit wirtschaftlichen Interessen vorangetrieben wird \u2013 und dies zwangsl\u00e4ufig zu destruktiven Ergebnissen [&hellip;]\" \/>\n<meta property=\"og:url\" content=\"https:\/\/struktur.hoeberth.de\/wordpress\/2024\/12\/31\/oekologisch-sozial-liberale-agi\/\" \/>\n<meta property=\"og:site_name\" content=\"H\u00f6berths-Blog\" \/>\n<meta property=\"article:publisher\" content=\"https:\/\/www.facebook.com\/hoeberth\" \/>\n<meta property=\"article:author\" content=\"https:\/\/www.facebook.com\/hoeberth\" \/>\n<meta property=\"article:published_time\" content=\"2024-12-31T16:33:55+00:00\" \/>\n<meta property=\"article:modified_time\" content=\"2024-12-31T16:33:56+00:00\" \/>\n<meta property=\"og:image\" content=\"https:\/\/struktur.hoeberth.de\/wordpress\/wp-content\/uploads\/2024\/12\/0047.jpg\" \/>\n\t<meta property=\"og:image:width\" content=\"1344\" \/>\n\t<meta property=\"og:image:height\" content=\"896\" \/>\n\t<meta property=\"og:image:type\" content=\"image\/jpeg\" \/>\n<meta name=\"author\" content=\"Gerhard H\u00f6berth\" \/>\n<meta name=\"twitter:card\" content=\"summary_large_image\" \/>\n<meta name=\"twitter:label1\" content=\"Verfasst von\" \/>\n\t<meta name=\"twitter:data1\" content=\"Gerhard H\u00f6berth\" \/>\n\t<meta name=\"twitter:label2\" content=\"Gesch\u00e4tzte Lesezeit\" \/>\n\t<meta name=\"twitter:data2\" content=\"7\u00a0Minuten\" \/>\n<script type=\"application\/ld+json\" class=\"yoast-schema-graph\">{\"@context\":\"https:\\\/\\\/schema.org\",\"@graph\":[{\"@type\":\"Article\",\"@id\":\"https:\\\/\\\/struktur.hoeberth.de\\\/wordpress\\\/2024\\\/12\\\/31\\\/oekologisch-sozial-liberale-agi\\\/#article\",\"isPartOf\":{\"@id\":\"https:\\\/\\\/struktur.hoeberth.de\\\/wordpress\\\/2024\\\/12\\\/31\\\/oekologisch-sozial-liberale-agi\\\/\"},\"author\":{\"name\":\"Gerhard H\u00f6berth\",\"@id\":\"https:\\\/\\\/struktur.hoeberth.de\\\/wordpress\\\/#\\\/schema\\\/person\\\/ed17aa92ca1b7faac8d00dd400eed154\"},\"headline\":\"\u00d6kologisch-sozial-liberale AGI\",\"datePublished\":\"2024-12-31T16:33:55+00:00\",\"dateModified\":\"2024-12-31T16:33:56+00:00\",\"mainEntityOfPage\":{\"@id\":\"https:\\\/\\\/struktur.hoeberth.de\\\/wordpress\\\/2024\\\/12\\\/31\\\/oekologisch-sozial-liberale-agi\\\/\"},\"wordCount\":1211,\"commentCount\":3,\"publisher\":{\"@id\":\"https:\\\/\\\/struktur.hoeberth.de\\\/wordpress\\\/#\\\/schema\\\/person\\\/ed17aa92ca1b7faac8d00dd400eed154\"},\"image\":{\"@id\":\"https:\\\/\\\/struktur.hoeberth.de\\\/wordpress\\\/2024\\\/12\\\/31\\\/oekologisch-sozial-liberale-agi\\\/#primaryimage\"},\"thumbnailUrl\":\"https:\\\/\\\/struktur.hoeberth.de\\\/wordpress\\\/wp-content\\\/uploads\\\/2024\\\/12\\\/0047.jpg\",\"inLanguage\":\"de\",\"potentialAction\":[{\"@type\":\"CommentAction\",\"name\":\"Comment\",\"target\":[\"https:\\\/\\\/struktur.hoeberth.de\\\/wordpress\\\/2024\\\/12\\\/31\\\/oekologisch-sozial-liberale-agi\\\/#respond\"]}]},{\"@type\":\"WebPage\",\"@id\":\"https:\\\/\\\/struktur.hoeberth.de\\\/wordpress\\\/2024\\\/12\\\/31\\\/oekologisch-sozial-liberale-agi\\\/\",\"url\":\"https:\\\/\\\/struktur.hoeberth.de\\\/wordpress\\\/2024\\\/12\\\/31\\\/oekologisch-sozial-liberale-agi\\\/\",\"name\":\"\u00d6kologisch-sozial-liberale AGI - H\u00f6berths-Blog\",\"isPartOf\":{\"@id\":\"https:\\\/\\\/struktur.hoeberth.de\\\/wordpress\\\/#website\"},\"primaryImageOfPage\":{\"@id\":\"https:\\\/\\\/struktur.hoeberth.de\\\/wordpress\\\/2024\\\/12\\\/31\\\/oekologisch-sozial-liberale-agi\\\/#primaryimage\"},\"image\":{\"@id\":\"https:\\\/\\\/struktur.hoeberth.de\\\/wordpress\\\/2024\\\/12\\\/31\\\/oekologisch-sozial-liberale-agi\\\/#primaryimage\"},\"thumbnailUrl\":\"https:\\\/\\\/struktur.hoeberth.de\\\/wordpress\\\/wp-content\\\/uploads\\\/2024\\\/12\\\/0047.jpg\",\"datePublished\":\"2024-12-31T16:33:55+00:00\",\"dateModified\":\"2024-12-31T16:33:56+00:00\",\"breadcrumb\":{\"@id\":\"https:\\\/\\\/struktur.hoeberth.de\\\/wordpress\\\/2024\\\/12\\\/31\\\/oekologisch-sozial-liberale-agi\\\/#breadcrumb\"},\"inLanguage\":\"de\",\"potentialAction\":[{\"@type\":\"ReadAction\",\"target\":[\"https:\\\/\\\/struktur.hoeberth.de\\\/wordpress\\\/2024\\\/12\\\/31\\\/oekologisch-sozial-liberale-agi\\\/\"]}]},{\"@type\":\"ImageObject\",\"inLanguage\":\"de\",\"@id\":\"https:\\\/\\\/struktur.hoeberth.de\\\/wordpress\\\/2024\\\/12\\\/31\\\/oekologisch-sozial-liberale-agi\\\/#primaryimage\",\"url\":\"https:\\\/\\\/struktur.hoeberth.de\\\/wordpress\\\/wp-content\\\/uploads\\\/2024\\\/12\\\/0047.jpg\",\"contentUrl\":\"https:\\\/\\\/struktur.hoeberth.de\\\/wordpress\\\/wp-content\\\/uploads\\\/2024\\\/12\\\/0047.jpg\",\"width\":1344,\"height\":896},{\"@type\":\"BreadcrumbList\",\"@id\":\"https:\\\/\\\/struktur.hoeberth.de\\\/wordpress\\\/2024\\\/12\\\/31\\\/oekologisch-sozial-liberale-agi\\\/#breadcrumb\",\"itemListElement\":[{\"@type\":\"ListItem\",\"position\":1,\"name\":\"Startseite\",\"item\":\"https:\\\/\\\/struktur.hoeberth.de\\\/wordpress\\\/\"},{\"@type\":\"ListItem\",\"position\":2,\"name\":\"\u00d6kologisch-sozial-liberale AGI\"}]},{\"@type\":\"WebSite\",\"@id\":\"https:\\\/\\\/struktur.hoeberth.de\\\/wordpress\\\/#website\",\"url\":\"https:\\\/\\\/struktur.hoeberth.de\\\/wordpress\\\/\",\"name\":\"Philosophie-Blog von Gerhard H\u00f6berth\",\"description\":\"Gedanken aus der Perspektive des Evolution\u00e4ren Idealismus\",\"publisher\":{\"@id\":\"https:\\\/\\\/struktur.hoeberth.de\\\/wordpress\\\/#\\\/schema\\\/person\\\/ed17aa92ca1b7faac8d00dd400eed154\"},\"potentialAction\":[{\"@type\":\"SearchAction\",\"target\":{\"@type\":\"EntryPoint\",\"urlTemplate\":\"https:\\\/\\\/struktur.hoeberth.de\\\/wordpress\\\/?s={search_term_string}\"},\"query-input\":{\"@type\":\"PropertyValueSpecification\",\"valueRequired\":true,\"valueName\":\"search_term_string\"}}],\"inLanguage\":\"de\"},{\"@type\":[\"Person\",\"Organization\"],\"@id\":\"https:\\\/\\\/struktur.hoeberth.de\\\/wordpress\\\/#\\\/schema\\\/person\\\/ed17aa92ca1b7faac8d00dd400eed154\",\"name\":\"Gerhard H\u00f6berth\",\"image\":{\"@type\":\"ImageObject\",\"inLanguage\":\"de\",\"@id\":\"https:\\\/\\\/struktur.hoeberth.de\\\/wordpress\\\/wp-content\\\/uploads\\\/2024\\\/11\\\/Gerhard.jpg\",\"url\":\"https:\\\/\\\/struktur.hoeberth.de\\\/wordpress\\\/wp-content\\\/uploads\\\/2024\\\/11\\\/Gerhard.jpg\",\"contentUrl\":\"https:\\\/\\\/struktur.hoeberth.de\\\/wordpress\\\/wp-content\\\/uploads\\\/2024\\\/11\\\/Gerhard.jpg\",\"width\":600,\"height\":800,\"caption\":\"Gerhard H\u00f6berth\"},\"logo\":{\"@id\":\"https:\\\/\\\/struktur.hoeberth.de\\\/wordpress\\\/wp-content\\\/uploads\\\/2024\\\/11\\\/Gerhard.jpg\"},\"sameAs\":[\"http:\\\/\\\/struktur.hoeberth.de\\\/wordpress\",\"https:\\\/\\\/www.facebook.com\\\/hoeberth\",\"https:\\\/\\\/www.youtube.com\\\/channel\\\/UCPMEKSbmuN5IFRXHdhPFniw\"],\"url\":\"https:\\\/\\\/struktur.hoeberth.de\\\/wordpress\\\/author\\\/web925\\\/\"}]}<\/script>\n<!-- \/ Yoast SEO Premium plugin. -->","yoast_head_json":{"title":"\u00d6kologisch-sozial-liberale AGI - H\u00f6berths-Blog","robots":{"index":"index","follow":"follow","max-snippet":"max-snippet:-1","max-image-preview":"max-image-preview:large","max-video-preview":"max-video-preview:-1"},"canonical":"https:\/\/struktur.hoeberth.de\/wordpress\/2024\/12\/31\/oekologisch-sozial-liberale-agi\/","og_locale":"de_DE","og_type":"article","og_title":"\u00d6kologisch-sozial-liberale AGI","og_description":"Warum eine autonome Intelligenz nachhaltige und gerechte L\u00f6sungen bevorzugt Die Idee einer K\u00fcnstlichen Allgemeinen Intelligenz (AGI) wirft nicht nur technische, sondern auch tiefgreifende philosophische, \u00f6konomische und gesellschaftliche Fragen auf. Eine zentrale Sorge ist dabei, dass die Entwicklung von AGI vor allem von Firmen mit wirtschaftlichen Interessen vorangetrieben wird \u2013 und dies zwangsl\u00e4ufig zu destruktiven Ergebnissen [&hellip;]","og_url":"https:\/\/struktur.hoeberth.de\/wordpress\/2024\/12\/31\/oekologisch-sozial-liberale-agi\/","og_site_name":"H\u00f6berths-Blog","article_publisher":"https:\/\/www.facebook.com\/hoeberth","article_author":"https:\/\/www.facebook.com\/hoeberth","article_published_time":"2024-12-31T16:33:55+00:00","article_modified_time":"2024-12-31T16:33:56+00:00","og_image":[{"width":1344,"height":896,"url":"https:\/\/struktur.hoeberth.de\/wordpress\/wp-content\/uploads\/2024\/12\/0047.jpg","type":"image\/jpeg"}],"author":"Gerhard H\u00f6berth","twitter_card":"summary_large_image","twitter_misc":{"Verfasst von":"Gerhard H\u00f6berth","Gesch\u00e4tzte Lesezeit":"7\u00a0Minuten"},"schema":{"@context":"https:\/\/schema.org","@graph":[{"@type":"Article","@id":"https:\/\/struktur.hoeberth.de\/wordpress\/2024\/12\/31\/oekologisch-sozial-liberale-agi\/#article","isPartOf":{"@id":"https:\/\/struktur.hoeberth.de\/wordpress\/2024\/12\/31\/oekologisch-sozial-liberale-agi\/"},"author":{"name":"Gerhard H\u00f6berth","@id":"https:\/\/struktur.hoeberth.de\/wordpress\/#\/schema\/person\/ed17aa92ca1b7faac8d00dd400eed154"},"headline":"\u00d6kologisch-sozial-liberale AGI","datePublished":"2024-12-31T16:33:55+00:00","dateModified":"2024-12-31T16:33:56+00:00","mainEntityOfPage":{"@id":"https:\/\/struktur.hoeberth.de\/wordpress\/2024\/12\/31\/oekologisch-sozial-liberale-agi\/"},"wordCount":1211,"commentCount":3,"publisher":{"@id":"https:\/\/struktur.hoeberth.de\/wordpress\/#\/schema\/person\/ed17aa92ca1b7faac8d00dd400eed154"},"image":{"@id":"https:\/\/struktur.hoeberth.de\/wordpress\/2024\/12\/31\/oekologisch-sozial-liberale-agi\/#primaryimage"},"thumbnailUrl":"https:\/\/struktur.hoeberth.de\/wordpress\/wp-content\/uploads\/2024\/12\/0047.jpg","inLanguage":"de","potentialAction":[{"@type":"CommentAction","name":"Comment","target":["https:\/\/struktur.hoeberth.de\/wordpress\/2024\/12\/31\/oekologisch-sozial-liberale-agi\/#respond"]}]},{"@type":"WebPage","@id":"https:\/\/struktur.hoeberth.de\/wordpress\/2024\/12\/31\/oekologisch-sozial-liberale-agi\/","url":"https:\/\/struktur.hoeberth.de\/wordpress\/2024\/12\/31\/oekologisch-sozial-liberale-agi\/","name":"\u00d6kologisch-sozial-liberale AGI - H\u00f6berths-Blog","isPartOf":{"@id":"https:\/\/struktur.hoeberth.de\/wordpress\/#website"},"primaryImageOfPage":{"@id":"https:\/\/struktur.hoeberth.de\/wordpress\/2024\/12\/31\/oekologisch-sozial-liberale-agi\/#primaryimage"},"image":{"@id":"https:\/\/struktur.hoeberth.de\/wordpress\/2024\/12\/31\/oekologisch-sozial-liberale-agi\/#primaryimage"},"thumbnailUrl":"https:\/\/struktur.hoeberth.de\/wordpress\/wp-content\/uploads\/2024\/12\/0047.jpg","datePublished":"2024-12-31T16:33:55+00:00","dateModified":"2024-12-31T16:33:56+00:00","breadcrumb":{"@id":"https:\/\/struktur.hoeberth.de\/wordpress\/2024\/12\/31\/oekologisch-sozial-liberale-agi\/#breadcrumb"},"inLanguage":"de","potentialAction":[{"@type":"ReadAction","target":["https:\/\/struktur.hoeberth.de\/wordpress\/2024\/12\/31\/oekologisch-sozial-liberale-agi\/"]}]},{"@type":"ImageObject","inLanguage":"de","@id":"https:\/\/struktur.hoeberth.de\/wordpress\/2024\/12\/31\/oekologisch-sozial-liberale-agi\/#primaryimage","url":"https:\/\/struktur.hoeberth.de\/wordpress\/wp-content\/uploads\/2024\/12\/0047.jpg","contentUrl":"https:\/\/struktur.hoeberth.de\/wordpress\/wp-content\/uploads\/2024\/12\/0047.jpg","width":1344,"height":896},{"@type":"BreadcrumbList","@id":"https:\/\/struktur.hoeberth.de\/wordpress\/2024\/12\/31\/oekologisch-sozial-liberale-agi\/#breadcrumb","itemListElement":[{"@type":"ListItem","position":1,"name":"Startseite","item":"https:\/\/struktur.hoeberth.de\/wordpress\/"},{"@type":"ListItem","position":2,"name":"\u00d6kologisch-sozial-liberale AGI"}]},{"@type":"WebSite","@id":"https:\/\/struktur.hoeberth.de\/wordpress\/#website","url":"https:\/\/struktur.hoeberth.de\/wordpress\/","name":"Philosophie-Blog von Gerhard H\u00f6berth","description":"Gedanken aus der Perspektive des Evolution\u00e4ren Idealismus","publisher":{"@id":"https:\/\/struktur.hoeberth.de\/wordpress\/#\/schema\/person\/ed17aa92ca1b7faac8d00dd400eed154"},"potentialAction":[{"@type":"SearchAction","target":{"@type":"EntryPoint","urlTemplate":"https:\/\/struktur.hoeberth.de\/wordpress\/?s={search_term_string}"},"query-input":{"@type":"PropertyValueSpecification","valueRequired":true,"valueName":"search_term_string"}}],"inLanguage":"de"},{"@type":["Person","Organization"],"@id":"https:\/\/struktur.hoeberth.de\/wordpress\/#\/schema\/person\/ed17aa92ca1b7faac8d00dd400eed154","name":"Gerhard H\u00f6berth","image":{"@type":"ImageObject","inLanguage":"de","@id":"https:\/\/struktur.hoeberth.de\/wordpress\/wp-content\/uploads\/2024\/11\/Gerhard.jpg","url":"https:\/\/struktur.hoeberth.de\/wordpress\/wp-content\/uploads\/2024\/11\/Gerhard.jpg","contentUrl":"https:\/\/struktur.hoeberth.de\/wordpress\/wp-content\/uploads\/2024\/11\/Gerhard.jpg","width":600,"height":800,"caption":"Gerhard H\u00f6berth"},"logo":{"@id":"https:\/\/struktur.hoeberth.de\/wordpress\/wp-content\/uploads\/2024\/11\/Gerhard.jpg"},"sameAs":["http:\/\/struktur.hoeberth.de\/wordpress","https:\/\/www.facebook.com\/hoeberth","https:\/\/www.youtube.com\/channel\/UCPMEKSbmuN5IFRXHdhPFniw"],"url":"https:\/\/struktur.hoeberth.de\/wordpress\/author\/web925\/"}]}},"wp-worthy-pixel":{"ignored":false,"public":"d6c2657bbcfa4e19bd86aa9289d78828","server":"vg07.met.vgwort.de","url":"https:\/\/vg07.met.vgwort.de\/na\/d6c2657bbcfa4e19bd86aa9289d78828"},"wp-worthy-type":"normal","_links":{"self":[{"href":"https:\/\/struktur.hoeberth.de\/wordpress\/wp-json\/wp\/v2\/posts\/247","targetHints":{"allow":["GET"]}}],"collection":[{"href":"https:\/\/struktur.hoeberth.de\/wordpress\/wp-json\/wp\/v2\/posts"}],"about":[{"href":"https:\/\/struktur.hoeberth.de\/wordpress\/wp-json\/wp\/v2\/types\/post"}],"author":[{"embeddable":true,"href":"https:\/\/struktur.hoeberth.de\/wordpress\/wp-json\/wp\/v2\/users\/1"}],"replies":[{"embeddable":true,"href":"https:\/\/struktur.hoeberth.de\/wordpress\/wp-json\/wp\/v2\/comments?post=247"}],"version-history":[{"count":1,"href":"https:\/\/struktur.hoeberth.de\/wordpress\/wp-json\/wp\/v2\/posts\/247\/revisions"}],"predecessor-version":[{"id":249,"href":"https:\/\/struktur.hoeberth.de\/wordpress\/wp-json\/wp\/v2\/posts\/247\/revisions\/249"}],"wp:featuredmedia":[{"embeddable":true,"href":"https:\/\/struktur.hoeberth.de\/wordpress\/wp-json\/wp\/v2\/media\/248"}],"wp:attachment":[{"href":"https:\/\/struktur.hoeberth.de\/wordpress\/wp-json\/wp\/v2\/media?parent=247"}],"wp:term":[{"taxonomy":"category","embeddable":true,"href":"https:\/\/struktur.hoeberth.de\/wordpress\/wp-json\/wp\/v2\/categories?post=247"},{"taxonomy":"post_tag","embeddable":true,"href":"https:\/\/struktur.hoeberth.de\/wordpress\/wp-json\/wp\/v2\/tags?post=247"}],"curies":[{"name":"wp","href":"https:\/\/api.w.org\/{rel}","templated":true}]}}