{"id":318,"date":"2025-03-14T12:11:49","date_gmt":"2025-03-14T11:11:49","guid":{"rendered":"https:\/\/struktur.hoeberth.de\/wordpress\/?p=318"},"modified":"2026-03-18T19:09:23","modified_gmt":"2026-03-18T18:09:23","slug":"westliche-werte","status":"publish","type":"post","link":"https:\/\/struktur.hoeberth.de\/wordpress\/2025\/03\/14\/westliche-werte\/","title":{"rendered":"Westliche Werte!(?)"},"content":{"rendered":"\n<p class=\"wp-block-yoast-seo-estimated-reading-time yoast-reading-time__wrapper\"><span class=\"yoast-reading-time__icon\"><svg aria-hidden=\"true\" focusable=\"false\" data-icon=\"clock\" width=\"20\" height=\"20\" fill=\"none\" stroke=\"currentColor\" style=\"display:inline-block;vertical-align:-0.1em\" role=\"img\" xmlns=\"http:\/\/www.w3.org\/2000\/svg\" viewBox=\"0 0 24 24\"><path stroke-linecap=\"round\" stroke-linejoin=\"round\" stroke-width=\"2\" d=\"M12 8v4l3 3m6-3a9 9 0 11-18 0 9 9 0 0118 0z\"><\/path><\/svg><\/span><span class=\"yoast-reading-time__spacer\" style=\"display:inline-block;width:1em\"><\/span><span class=\"yoast-reading-time__descriptive-text\">Estimated reading time: <\/span><span class=\"yoast-reading-time__reading-time\">6<\/span><span class=\"yoast-reading-time__time-unit\"> Minuten<\/span><\/p>\n\n\n\n<div class=\"wp-block-yoast-seo-ai-summarize yoast-ai-summarize\"><h5>\u00dcbersicht<\/h5>\n<ul class=\"wp-block-list yoast-ai-summarize-list\">\n<li>Die Diskussion \u00fcber westliche Werte besch\u00e4ftigt die Gesellschaft und stellt deren universellen Charakter in Frage.<\/li>\n\n\n\n<li>Universelle ethische Prinzipien f\u00f6rdern kulturelle Vielfalt und verhindern Machiavellismus in der Politik.<\/li>\n\n\n\n<li>Postmoderner Pluralismus birgt die Gefahr, dass keine verbindliche ethische Grundlage existiert, um Konflikte zu l\u00f6sen.<\/li>\n\n\n\n<li>Autokratien scheitern langfristig, weil sie universelle Werte missachten und die Stabilit\u00e4t gef\u00e4hrden.<\/li>\n\n\n\n<li>Europa muss die universellen ethischen Werte verteidigen, um Machtkonflikte zu vermeiden und langfristigen Erfolg zu sichern.<\/li>\n<\/ul>\n<\/div>\n\n\n\n<h2 class=\"wp-block-heading has-large-font-size\" id=\"h-westliche-werte-universelle-grundlage-oder-imperialistischer-chauvinismus\"><strong>Westliche Werte \u2013 universelle Grundlage oder imperialistischer Chauvinismus?<\/strong><\/h2>\n\n\n\n<p>In den letzten Jahrzehnten wird in gesellschaftlichen Debatten oft die Frage gestellt, ob sogenannte \u201ewestliche Werte\u201c \u2013 insbesondere jene der liberalen Demokratien \u2013 tats\u00e4chlich universellen Charakter haben oder ob sie blo\u00df eine Form kulturellen oder gar imperialistischen Chauvinismus darstellen. Diese Diskussion erh\u00e4lt aktuell eine besondere Dringlichkeit, weil der globale Einfluss des Westens, besonders der USA, zur\u00fcckgeht und das politische Gewicht Europas herausgefordert ist, diese Werte hochzuhalten, damit sie die Krise \u00fcberdauern. Dabei ist es entscheidend, den Begriff der \u201ewestlichen Werte\u201c genau zu definieren und seine universellen Aspekte von kulturell spezifischen Interpretationen zu unterscheiden.<\/p>\n\n\n\n<h2 class=\"wp-block-heading has-large-font-size\" id=\"h-universelle-ethik-versus-kulturelle-vielfalt\"><strong>Universelle Ethik versus kulturelle Vielfalt<\/strong><\/h2>\n\n\n\n<p>Ein zentraler Fehler in der postmodernen Kritik an universellen Werten liegt darin, Universalit\u00e4t mit kultureller Einheitlichkeit oder Uniformit\u00e4t gleichzusetzen. Kulturelle Vielfalt bedeutet keineswegs, dass keine gemeinsamen ethischen Grundlagen existieren k\u00f6nnten. Ganz im Gegenteil: universelle ethische Prinzipien wie Fairness, Kooperation, Vertragstreue und Reziprozit\u00e4t bilden die notwendige Grundlage daf\u00fcr, dass kulturelle Vielfalt \u00fcberhaupt erst gelebt werden kann. Diese ethischen Grundlagen sind nicht kulturell beliebig oder austauschbar, sondern evolution\u00e4r entstanden und weltweit anzutreffen.<\/p>\n\n\n\n<p>Der Evolutionsbiologe Emerich Sumser hat in seiner Arbeit \u201eEvolution der Ethik\u201c deutlich gezeigt, dass es drei evolution\u00e4r bedingte Ebenen der Ethik gibt: eine stammesbezogene Ethik, eine vertragliche Reziprozit\u00e4tsethik und schlie\u00dflich eine universelle Ethik, die die G\u00fcltigkeit ihrer Prinzipien nicht auf bestimmte Gruppen beschr\u00e4nkt. W\u00e4hrend die stammesbezogene Ethik Loyalit\u00e4t prim\u00e4r gegen\u00fcber der eigenen Gemeinschaft fordert, erweitert sich die ethische Perspektive im Zuge gesellschaftlicher Entwicklung und Interaktion zu immer gr\u00f6\u00dferen und komplexeren Gemeinschaften. Gerade auf dieser universellen Ebene entstehen jene Werte, die heute als \u201ewestliche Werte\u201c bezeichnet werden, ohne jedoch ausschlie\u00dflich dem Westen zuzugeh\u00f6ren. Diese universelle Ethik schafft eine Basis, auf der sich unterschiedliche Kulturen begegnen, austauschen und voneinander lernen k\u00f6nnen.<\/p>\n\n\n\n<h2 class=\"wp-block-heading has-large-font-size\" id=\"h-die-gefahren-postmodernen-pluralismus\"><strong>Die Gefahren postmodernen Pluralismus<\/strong><\/h2>\n\n\n\n<p>Die postmoderne Sichtweise, wonach alle Kulturen und deren ethische Systeme gleichwertig und beliebig nebeneinanderstehen, erscheint auf den ersten Blick tolerant und demokratisch. Doch birgt sie eine immense Gefahr: Wenn jede ethische Orientierung gleichwertig sein soll, existiert keine \u00fcbergeordnete Instanz, keine verbindliche ethische Grundlage mehr, um Konflikte zwischen unterschiedlichen Gruppen fair zu l\u00f6sen. In dieser L\u00fccke setzt sich zwangsl\u00e4ufig die reine Machtpolitik durch. Machiavellistische Strategien gewinnen dann an Attraktivit\u00e4t, da allein Macht und St\u00e4rke entscheiden, welche ethischen Regeln gelten.<\/p>\n\n\n\n<p>Gerade in der globalen Politik zeigt sich aktuell, wie zerst\u00f6rerisch ein solcher Ansatz ist. Politiker, die nur noch nach dem Prinzip des maximalen eigenen Vorteils und ohne R\u00fccksicht auf Vereinbarungen oder universelle ethische Prinzipien handeln, untergraben langfristig Vertrauen, B\u00fcndnistreue und damit die Stabilit\u00e4t internationaler Gemeinschaften. Dieses Verhalten, das gelegentlich in der Wirtschaft als \u201eKillerkapitalismus\u201c zu beobachten ist und politisch beispielsweise von Donald Trump vorgef\u00fchrt wurde, zeigt auf drastische Weise, wie wichtig universelle Prinzipien und ethische Verl\u00e4sslichkeit gerade im globalen Kontext sind.<\/p>\n\n\n\n<h2 class=\"wp-block-heading has-large-font-size\" id=\"h-warum-autokratien-langfristig-scheitern\"><strong>Warum Autokratien langfristig scheitern<\/strong><\/h2>\n\n\n\n<p>Die aktuelle Verschiebung hin zu mehr Autokratien und weg von liberalen Demokratien mit ihren universellen ethischen Prinzipien mag kurzfristig bedrohlich wirken, wird sich aber langfristig nicht halten. Autokratien, die universelle Werte missachten, verlieren auf Dauer ihre gesellschaftliche Stabilit\u00e4t, Innovationskraft und Anpassungsf\u00e4higkeit. Denn offene Gesellschaften f\u00f6rdern Kreativit\u00e4t, Innovation und langfristiges Vertrauen \u2013 Faktoren, die f\u00fcr nachhaltigen Wohlstand entscheidend sind. In meinem Artikel \u201eAGI als Trojanisches Pferd f\u00fcr Autokratien\u201c erl\u00e4utere ich ausf\u00fchrlich, warum gerade technologische Entwicklungen langfristig Demokratien st\u00e4rken und autokratische Strukturen schw\u00e4chen werden. (<a href=\"https:\/\/struktur.hoeberth.de\/wordpress\/2025\/02\/09\/agi-als-trojanisches-pferd-fuer-autokratien\/\">https:\/\/struktur.hoeberth.de\/wordpress\/2025\/02\/09\/agi-als-trojanisches-pferd-fuer-autokratien\/<\/a>)<\/p>\n\n\n\n<h2 class=\"wp-block-heading has-large-font-size\" id=\"h-meta-ethik-orientierung-statt-absoluter-wahrheiten\"><strong>Meta-Ethik \u2013 Orientierung statt absoluter Wahrheiten<\/strong><\/h2>\n\n\n\n<p>Hier kommt die Bedeutung von Meta-Ethik ins Spiel. Meta-Ethik meint nicht eine abstrakte, lebensferne Theorie, sondern eine bewusste Reflexion der grundlegenden ethischen Prinzipien, auf denen unser Zusammenleben beruht. Sie liefert keine endg\u00fcltigen Antworten und l\u00f6st auch nicht automatisch alle Konflikte auf. Sie hilft vielmehr, Konflikte klarer zu erkennen und besser einzuordnen.<\/p>\n\n\n\n<p>Meta-Ethik macht uns bewusst, dass Entscheidungen komplex sind und dass verschiedene Ebenen ethischer Verpflichtung (famili\u00e4r, vertraglich, universell) miteinander konkurrieren k\u00f6nnen. Das bedeutet aber gerade nicht, dass man immer eindeutig zwischen \u201eGut\u201c und \u201eB\u00f6se\u201c unterscheiden kann. Vielmehr f\u00fchrt Meta-Ethik dazu, die moralischen Konsequenzen verschiedener Entscheidungen klarer abzuw\u00e4gen. Beispielsweise m\u00fcssen wir zwischen gegenw\u00e4rtigem Lebensgl\u00fcck und langfristiger Zukunftsf\u00e4higkeit w\u00e4hlen \u2013 von individuellen Entscheidungen zwischen Konsum und Geldanlage bis hin zu globalen Entscheidungen zwischen g\u00fcnstiger Energie und Klimaschutz. Meta-Ethik erleichtert es, diese Entscheidungen bewusst und reflektiert zu treffen, indem sie uns zeigt, auf welchen Ebenen die Konflikte liegen und welche ethischen Prinzipien jeweils involviert sind.<\/p>\n\n\n\n<h2 class=\"wp-block-heading has-large-font-size\" id=\"h-die-verantwortung-europas-in-einer-zeit-des-umbruchs\"><strong>Die Verantwortung Europas in einer Zeit des Umbruchs<\/strong><\/h2>\n\n\n\n<p>Angesichts des teilweisen R\u00fcckzugs der USA aus ihrer Rolle als globaler moralischer und politischer F\u00fchrungsmacht liegt es nun an Europa, die universellen ethischen Werte hochzuhalten und zu verteidigen, die wir zu Recht als Grundprinzipien des menschlichen Zusammenlebens betrachten. Liberale Demokratien haben sich zudem als technologisch und wirtschaftlich erfolgreicher erwiesen, da sie auf Prinzipien von Transparenz, Innovation und pers\u00f6nlicher Freiheit aufbauen. Wie ich in meinem Artikel zum Wirtschafts-Nobelpreis 2024 ausf\u00fchrlich dargestellt habe, sind demokratische Gesellschaften nicht nur moralisch \u00fcberlegen, sondern auch \u00f6konomisch robuster und langfristig erfolgreicher. (<a href=\"https:\/\/struktur.hoeberth.de\/wordpress\/2024\/12\/02\/wirtschafts-nobelpreis-2024\/\">https:\/\/struktur.hoeberth.de\/wordpress\/2024\/12\/02\/wirtschafts-nobelpreis-2024\/<\/a>)<\/p>\n\n\n\n<p>In diesem Sinne m\u00fcssen wir klar erkennen, dass sogenannte \u201ewestliche Werte\u201c nicht Ausdruck einer kulturellen \u00dcberlegenheit sind, sondern evolution\u00e4r entstandene, universelle Prinzipien, auf denen jede langfristig erfolgreiche Gesellschaft aufbauen muss. Diese Werte nicht zu verteidigen, bedeutet letztlich, Machtpolitik und Konflikte T\u00fcr und Tor zu \u00f6ffnen.<\/p>\n","protected":false},"excerpt":{"rendered":"<p>Westliche Werte \u2013 universelle Grundlage oder imperialistischer Chauvinismus? In den letzten Jahrzehnten wird in gesellschaftlichen Debatten oft die Frage gestellt, ob sogenannte \u201ewestliche Werte\u201c \u2013 insbesondere jene der liberalen Demokratien \u2013 tats\u00e4chlich universellen Charakter haben oder ob sie blo\u00df eine Form kulturellen oder gar imperialistischen Chauvinismus darstellen. Diese Diskussion erh\u00e4lt aktuell eine besondere Dringlichkeit, weil [&hellip;]<\/p>\n","protected":false},"author":1,"featured_media":319,"comment_status":"open","ping_status":"open","sticky":false,"template":"","format":"standard","meta":{"footnotes":""},"categories":[1],"tags":[],"class_list":["post-318","post","type-post","status-publish","format-standard","has-post-thumbnail","hentry","category-allgemein"],"yoast_head":"<!-- This site is optimized with the Yoast SEO Premium plugin v27.2 (Yoast SEO v27.4) - https:\/\/yoast.com\/product\/yoast-seo-premium-wordpress\/ -->\n<title>Europa als Bollwerk westlicher Werte und Vielfalt - H\u00f6berths-Blog<\/title>\n<meta name=\"description\" content=\"Erfahren Sie, wie Europa als Bollwerk westlicher Werte fungiert und welche universellen ethischen Prinzipien dessen Bedeutung untermauern.\" \/>\n<meta name=\"robots\" content=\"index, follow, max-snippet:-1, max-image-preview:large, max-video-preview:-1\" \/>\n<link rel=\"canonical\" href=\"https:\/\/struktur.hoeberth.de\/wordpress\/2025\/03\/14\/westliche-werte\/\" \/>\n<meta property=\"og:locale\" content=\"de_DE\" \/>\n<meta property=\"og:type\" content=\"article\" \/>\n<meta property=\"og:title\" content=\"Westliche Werte!(?)\" \/>\n<meta property=\"og:description\" content=\"Erfahren Sie, wie Europa als Bollwerk westlicher Werte fungiert und welche universellen ethischen Prinzipien dessen Bedeutung untermauern.\" \/>\n<meta property=\"og:url\" content=\"https:\/\/struktur.hoeberth.de\/wordpress\/2025\/03\/14\/westliche-werte\/\" \/>\n<meta property=\"og:site_name\" content=\"H\u00f6berths-Blog\" \/>\n<meta property=\"article:publisher\" content=\"https:\/\/www.facebook.com\/hoeberth\" \/>\n<meta property=\"article:author\" content=\"https:\/\/www.facebook.com\/hoeberth\" \/>\n<meta property=\"article:published_time\" content=\"2025-03-14T11:11:49+00:00\" \/>\n<meta property=\"article:modified_time\" content=\"2026-03-18T18:09:23+00:00\" \/>\n<meta property=\"og:image\" content=\"https:\/\/struktur.hoeberth.de\/wordpress\/wp-content\/uploads\/2025\/03\/0061.jpg\" \/>\n\t<meta property=\"og:image:width\" content=\"1000\" \/>\n\t<meta property=\"og:image:height\" content=\"667\" \/>\n\t<meta property=\"og:image:type\" content=\"image\/jpeg\" \/>\n<meta name=\"author\" content=\"Gerhard H\u00f6berth\" \/>\n<meta name=\"twitter:card\" content=\"summary_large_image\" \/>\n<meta name=\"twitter:label1\" content=\"Verfasst von\" \/>\n\t<meta name=\"twitter:data1\" content=\"Gerhard H\u00f6berth\" \/>\n\t<meta name=\"twitter:label2\" content=\"Gesch\u00e4tzte Lesezeit\" \/>\n\t<meta name=\"twitter:data2\" content=\"6\u00a0Minuten\" \/>\n<script type=\"application\/ld+json\" class=\"yoast-schema-graph\">{\"@context\":\"https:\\\/\\\/schema.org\",\"@graph\":[{\"@type\":\"Article\",\"@id\":\"https:\\\/\\\/struktur.hoeberth.de\\\/wordpress\\\/2025\\\/03\\\/14\\\/westliche-werte\\\/#article\",\"isPartOf\":{\"@id\":\"https:\\\/\\\/struktur.hoeberth.de\\\/wordpress\\\/2025\\\/03\\\/14\\\/westliche-werte\\\/\"},\"author\":{\"name\":\"Gerhard H\u00f6berth\",\"@id\":\"https:\\\/\\\/struktur.hoeberth.de\\\/wordpress\\\/#\\\/schema\\\/person\\\/ed17aa92ca1b7faac8d00dd400eed154\"},\"headline\":\"Westliche Werte!(?)\",\"datePublished\":\"2025-03-14T11:11:49+00:00\",\"dateModified\":\"2026-03-18T18:09:23+00:00\",\"mainEntityOfPage\":{\"@id\":\"https:\\\/\\\/struktur.hoeberth.de\\\/wordpress\\\/2025\\\/03\\\/14\\\/westliche-werte\\\/\"},\"wordCount\":980,\"commentCount\":0,\"publisher\":{\"@id\":\"https:\\\/\\\/struktur.hoeberth.de\\\/wordpress\\\/#\\\/schema\\\/person\\\/ed17aa92ca1b7faac8d00dd400eed154\"},\"image\":{\"@id\":\"https:\\\/\\\/struktur.hoeberth.de\\\/wordpress\\\/2025\\\/03\\\/14\\\/westliche-werte\\\/#primaryimage\"},\"thumbnailUrl\":\"https:\\\/\\\/struktur.hoeberth.de\\\/wordpress\\\/wp-content\\\/uploads\\\/2025\\\/03\\\/0061.jpg\",\"inLanguage\":\"de\",\"potentialAction\":[{\"@type\":\"CommentAction\",\"name\":\"Comment\",\"target\":[\"https:\\\/\\\/struktur.hoeberth.de\\\/wordpress\\\/2025\\\/03\\\/14\\\/westliche-werte\\\/#respond\"]}]},{\"@type\":\"WebPage\",\"@id\":\"https:\\\/\\\/struktur.hoeberth.de\\\/wordpress\\\/2025\\\/03\\\/14\\\/westliche-werte\\\/\",\"url\":\"https:\\\/\\\/struktur.hoeberth.de\\\/wordpress\\\/2025\\\/03\\\/14\\\/westliche-werte\\\/\",\"name\":\"Europa als Bollwerk westlicher Werte und Vielfalt - H\u00f6berths-Blog\",\"isPartOf\":{\"@id\":\"https:\\\/\\\/struktur.hoeberth.de\\\/wordpress\\\/#website\"},\"primaryImageOfPage\":{\"@id\":\"https:\\\/\\\/struktur.hoeberth.de\\\/wordpress\\\/2025\\\/03\\\/14\\\/westliche-werte\\\/#primaryimage\"},\"image\":{\"@id\":\"https:\\\/\\\/struktur.hoeberth.de\\\/wordpress\\\/2025\\\/03\\\/14\\\/westliche-werte\\\/#primaryimage\"},\"thumbnailUrl\":\"https:\\\/\\\/struktur.hoeberth.de\\\/wordpress\\\/wp-content\\\/uploads\\\/2025\\\/03\\\/0061.jpg\",\"datePublished\":\"2025-03-14T11:11:49+00:00\",\"dateModified\":\"2026-03-18T18:09:23+00:00\",\"description\":\"Erfahren Sie, wie Europa als Bollwerk westlicher Werte fungiert und welche universellen ethischen Prinzipien dessen Bedeutung untermauern.\",\"breadcrumb\":{\"@id\":\"https:\\\/\\\/struktur.hoeberth.de\\\/wordpress\\\/2025\\\/03\\\/14\\\/westliche-werte\\\/#breadcrumb\"},\"inLanguage\":\"de\",\"potentialAction\":[{\"@type\":\"ReadAction\",\"target\":[\"https:\\\/\\\/struktur.hoeberth.de\\\/wordpress\\\/2025\\\/03\\\/14\\\/westliche-werte\\\/\"]}]},{\"@type\":\"ImageObject\",\"inLanguage\":\"de\",\"@id\":\"https:\\\/\\\/struktur.hoeberth.de\\\/wordpress\\\/2025\\\/03\\\/14\\\/westliche-werte\\\/#primaryimage\",\"url\":\"https:\\\/\\\/struktur.hoeberth.de\\\/wordpress\\\/wp-content\\\/uploads\\\/2025\\\/03\\\/0061.jpg\",\"contentUrl\":\"https:\\\/\\\/struktur.hoeberth.de\\\/wordpress\\\/wp-content\\\/uploads\\\/2025\\\/03\\\/0061.jpg\",\"width\":1000,\"height\":667},{\"@type\":\"BreadcrumbList\",\"@id\":\"https:\\\/\\\/struktur.hoeberth.de\\\/wordpress\\\/2025\\\/03\\\/14\\\/westliche-werte\\\/#breadcrumb\",\"itemListElement\":[{\"@type\":\"ListItem\",\"position\":1,\"name\":\"Startseite\",\"item\":\"https:\\\/\\\/struktur.hoeberth.de\\\/wordpress\\\/\"},{\"@type\":\"ListItem\",\"position\":2,\"name\":\"Westliche Werte!(?)\"}]},{\"@type\":\"WebSite\",\"@id\":\"https:\\\/\\\/struktur.hoeberth.de\\\/wordpress\\\/#website\",\"url\":\"https:\\\/\\\/struktur.hoeberth.de\\\/wordpress\\\/\",\"name\":\"Philosophie-Blog von Gerhard H\u00f6berth\",\"description\":\"Gedanken aus der Perspektive des Evolution\u00e4ren Idealismus\",\"publisher\":{\"@id\":\"https:\\\/\\\/struktur.hoeberth.de\\\/wordpress\\\/#\\\/schema\\\/person\\\/ed17aa92ca1b7faac8d00dd400eed154\"},\"potentialAction\":[{\"@type\":\"SearchAction\",\"target\":{\"@type\":\"EntryPoint\",\"urlTemplate\":\"https:\\\/\\\/struktur.hoeberth.de\\\/wordpress\\\/?s={search_term_string}\"},\"query-input\":{\"@type\":\"PropertyValueSpecification\",\"valueRequired\":true,\"valueName\":\"search_term_string\"}}],\"inLanguage\":\"de\"},{\"@type\":[\"Person\",\"Organization\"],\"@id\":\"https:\\\/\\\/struktur.hoeberth.de\\\/wordpress\\\/#\\\/schema\\\/person\\\/ed17aa92ca1b7faac8d00dd400eed154\",\"name\":\"Gerhard H\u00f6berth\",\"image\":{\"@type\":\"ImageObject\",\"inLanguage\":\"de\",\"@id\":\"https:\\\/\\\/struktur.hoeberth.de\\\/wordpress\\\/wp-content\\\/uploads\\\/2024\\\/11\\\/Gerhard.jpg\",\"url\":\"https:\\\/\\\/struktur.hoeberth.de\\\/wordpress\\\/wp-content\\\/uploads\\\/2024\\\/11\\\/Gerhard.jpg\",\"contentUrl\":\"https:\\\/\\\/struktur.hoeberth.de\\\/wordpress\\\/wp-content\\\/uploads\\\/2024\\\/11\\\/Gerhard.jpg\",\"width\":600,\"height\":800,\"caption\":\"Gerhard H\u00f6berth\"},\"logo\":{\"@id\":\"https:\\\/\\\/struktur.hoeberth.de\\\/wordpress\\\/wp-content\\\/uploads\\\/2024\\\/11\\\/Gerhard.jpg\"},\"sameAs\":[\"http:\\\/\\\/struktur.hoeberth.de\\\/wordpress\",\"https:\\\/\\\/www.facebook.com\\\/hoeberth\",\"https:\\\/\\\/www.youtube.com\\\/channel\\\/UCPMEKSbmuN5IFRXHdhPFniw\"],\"url\":\"https:\\\/\\\/struktur.hoeberth.de\\\/wordpress\\\/author\\\/web925\\\/\"}]}<\/script>\n<!-- \/ Yoast SEO Premium plugin. -->","yoast_head_json":{"title":"Europa als Bollwerk westlicher Werte und Vielfalt - H\u00f6berths-Blog","description":"Erfahren Sie, wie Europa als Bollwerk westlicher Werte fungiert und welche universellen ethischen Prinzipien dessen Bedeutung untermauern.","robots":{"index":"index","follow":"follow","max-snippet":"max-snippet:-1","max-image-preview":"max-image-preview:large","max-video-preview":"max-video-preview:-1"},"canonical":"https:\/\/struktur.hoeberth.de\/wordpress\/2025\/03\/14\/westliche-werte\/","og_locale":"de_DE","og_type":"article","og_title":"Westliche Werte!(?)","og_description":"Erfahren Sie, wie Europa als Bollwerk westlicher Werte fungiert und welche universellen ethischen Prinzipien dessen Bedeutung untermauern.","og_url":"https:\/\/struktur.hoeberth.de\/wordpress\/2025\/03\/14\/westliche-werte\/","og_site_name":"H\u00f6berths-Blog","article_publisher":"https:\/\/www.facebook.com\/hoeberth","article_author":"https:\/\/www.facebook.com\/hoeberth","article_published_time":"2025-03-14T11:11:49+00:00","article_modified_time":"2026-03-18T18:09:23+00:00","og_image":[{"width":1000,"height":667,"url":"https:\/\/struktur.hoeberth.de\/wordpress\/wp-content\/uploads\/2025\/03\/0061.jpg","type":"image\/jpeg"}],"author":"Gerhard H\u00f6berth","twitter_card":"summary_large_image","twitter_misc":{"Verfasst von":"Gerhard H\u00f6berth","Gesch\u00e4tzte Lesezeit":"6\u00a0Minuten"},"schema":{"@context":"https:\/\/schema.org","@graph":[{"@type":"Article","@id":"https:\/\/struktur.hoeberth.de\/wordpress\/2025\/03\/14\/westliche-werte\/#article","isPartOf":{"@id":"https:\/\/struktur.hoeberth.de\/wordpress\/2025\/03\/14\/westliche-werte\/"},"author":{"name":"Gerhard H\u00f6berth","@id":"https:\/\/struktur.hoeberth.de\/wordpress\/#\/schema\/person\/ed17aa92ca1b7faac8d00dd400eed154"},"headline":"Westliche Werte!(?)","datePublished":"2025-03-14T11:11:49+00:00","dateModified":"2026-03-18T18:09:23+00:00","mainEntityOfPage":{"@id":"https:\/\/struktur.hoeberth.de\/wordpress\/2025\/03\/14\/westliche-werte\/"},"wordCount":980,"commentCount":0,"publisher":{"@id":"https:\/\/struktur.hoeberth.de\/wordpress\/#\/schema\/person\/ed17aa92ca1b7faac8d00dd400eed154"},"image":{"@id":"https:\/\/struktur.hoeberth.de\/wordpress\/2025\/03\/14\/westliche-werte\/#primaryimage"},"thumbnailUrl":"https:\/\/struktur.hoeberth.de\/wordpress\/wp-content\/uploads\/2025\/03\/0061.jpg","inLanguage":"de","potentialAction":[{"@type":"CommentAction","name":"Comment","target":["https:\/\/struktur.hoeberth.de\/wordpress\/2025\/03\/14\/westliche-werte\/#respond"]}]},{"@type":"WebPage","@id":"https:\/\/struktur.hoeberth.de\/wordpress\/2025\/03\/14\/westliche-werte\/","url":"https:\/\/struktur.hoeberth.de\/wordpress\/2025\/03\/14\/westliche-werte\/","name":"Europa als Bollwerk westlicher Werte und Vielfalt - H\u00f6berths-Blog","isPartOf":{"@id":"https:\/\/struktur.hoeberth.de\/wordpress\/#website"},"primaryImageOfPage":{"@id":"https:\/\/struktur.hoeberth.de\/wordpress\/2025\/03\/14\/westliche-werte\/#primaryimage"},"image":{"@id":"https:\/\/struktur.hoeberth.de\/wordpress\/2025\/03\/14\/westliche-werte\/#primaryimage"},"thumbnailUrl":"https:\/\/struktur.hoeberth.de\/wordpress\/wp-content\/uploads\/2025\/03\/0061.jpg","datePublished":"2025-03-14T11:11:49+00:00","dateModified":"2026-03-18T18:09:23+00:00","description":"Erfahren Sie, wie Europa als Bollwerk westlicher Werte fungiert und welche universellen ethischen Prinzipien dessen Bedeutung untermauern.","breadcrumb":{"@id":"https:\/\/struktur.hoeberth.de\/wordpress\/2025\/03\/14\/westliche-werte\/#breadcrumb"},"inLanguage":"de","potentialAction":[{"@type":"ReadAction","target":["https:\/\/struktur.hoeberth.de\/wordpress\/2025\/03\/14\/westliche-werte\/"]}]},{"@type":"ImageObject","inLanguage":"de","@id":"https:\/\/struktur.hoeberth.de\/wordpress\/2025\/03\/14\/westliche-werte\/#primaryimage","url":"https:\/\/struktur.hoeberth.de\/wordpress\/wp-content\/uploads\/2025\/03\/0061.jpg","contentUrl":"https:\/\/struktur.hoeberth.de\/wordpress\/wp-content\/uploads\/2025\/03\/0061.jpg","width":1000,"height":667},{"@type":"BreadcrumbList","@id":"https:\/\/struktur.hoeberth.de\/wordpress\/2025\/03\/14\/westliche-werte\/#breadcrumb","itemListElement":[{"@type":"ListItem","position":1,"name":"Startseite","item":"https:\/\/struktur.hoeberth.de\/wordpress\/"},{"@type":"ListItem","position":2,"name":"Westliche Werte!(?)"}]},{"@type":"WebSite","@id":"https:\/\/struktur.hoeberth.de\/wordpress\/#website","url":"https:\/\/struktur.hoeberth.de\/wordpress\/","name":"Philosophie-Blog von Gerhard H\u00f6berth","description":"Gedanken aus der Perspektive des Evolution\u00e4ren Idealismus","publisher":{"@id":"https:\/\/struktur.hoeberth.de\/wordpress\/#\/schema\/person\/ed17aa92ca1b7faac8d00dd400eed154"},"potentialAction":[{"@type":"SearchAction","target":{"@type":"EntryPoint","urlTemplate":"https:\/\/struktur.hoeberth.de\/wordpress\/?s={search_term_string}"},"query-input":{"@type":"PropertyValueSpecification","valueRequired":true,"valueName":"search_term_string"}}],"inLanguage":"de"},{"@type":["Person","Organization"],"@id":"https:\/\/struktur.hoeberth.de\/wordpress\/#\/schema\/person\/ed17aa92ca1b7faac8d00dd400eed154","name":"Gerhard H\u00f6berth","image":{"@type":"ImageObject","inLanguage":"de","@id":"https:\/\/struktur.hoeberth.de\/wordpress\/wp-content\/uploads\/2024\/11\/Gerhard.jpg","url":"https:\/\/struktur.hoeberth.de\/wordpress\/wp-content\/uploads\/2024\/11\/Gerhard.jpg","contentUrl":"https:\/\/struktur.hoeberth.de\/wordpress\/wp-content\/uploads\/2024\/11\/Gerhard.jpg","width":600,"height":800,"caption":"Gerhard H\u00f6berth"},"logo":{"@id":"https:\/\/struktur.hoeberth.de\/wordpress\/wp-content\/uploads\/2024\/11\/Gerhard.jpg"},"sameAs":["http:\/\/struktur.hoeberth.de\/wordpress","https:\/\/www.facebook.com\/hoeberth","https:\/\/www.youtube.com\/channel\/UCPMEKSbmuN5IFRXHdhPFniw"],"url":"https:\/\/struktur.hoeberth.de\/wordpress\/author\/web925\/"}]}},"wp-worthy-pixel":{"ignored":false,"public":"663230c5d9ed49ef80ace45e5781876d","server":"vg07.met.vgwort.de","url":"https:\/\/vg07.met.vgwort.de\/na\/663230c5d9ed49ef80ace45e5781876d"},"wp-worthy-type":"normal","_links":{"self":[{"href":"https:\/\/struktur.hoeberth.de\/wordpress\/wp-json\/wp\/v2\/posts\/318","targetHints":{"allow":["GET"]}}],"collection":[{"href":"https:\/\/struktur.hoeberth.de\/wordpress\/wp-json\/wp\/v2\/posts"}],"about":[{"href":"https:\/\/struktur.hoeberth.de\/wordpress\/wp-json\/wp\/v2\/types\/post"}],"author":[{"embeddable":true,"href":"https:\/\/struktur.hoeberth.de\/wordpress\/wp-json\/wp\/v2\/users\/1"}],"replies":[{"embeddable":true,"href":"https:\/\/struktur.hoeberth.de\/wordpress\/wp-json\/wp\/v2\/comments?post=318"}],"version-history":[{"count":3,"href":"https:\/\/struktur.hoeberth.de\/wordpress\/wp-json\/wp\/v2\/posts\/318\/revisions"}],"predecessor-version":[{"id":798,"href":"https:\/\/struktur.hoeberth.de\/wordpress\/wp-json\/wp\/v2\/posts\/318\/revisions\/798"}],"wp:featuredmedia":[{"embeddable":true,"href":"https:\/\/struktur.hoeberth.de\/wordpress\/wp-json\/wp\/v2\/media\/319"}],"wp:attachment":[{"href":"https:\/\/struktur.hoeberth.de\/wordpress\/wp-json\/wp\/v2\/media?parent=318"}],"wp:term":[{"taxonomy":"category","embeddable":true,"href":"https:\/\/struktur.hoeberth.de\/wordpress\/wp-json\/wp\/v2\/categories?post=318"},{"taxonomy":"post_tag","embeddable":true,"href":"https:\/\/struktur.hoeberth.de\/wordpress\/wp-json\/wp\/v2\/tags?post=318"}],"curies":[{"name":"wp","href":"https:\/\/api.w.org\/{rel}","templated":true}]}}