{"id":409,"date":"2025-05-10T20:33:45","date_gmt":"2025-05-10T18:33:45","guid":{"rendered":"https:\/\/struktur.hoeberth.de\/wordpress\/?p=409"},"modified":"2025-05-10T20:37:53","modified_gmt":"2025-05-10T18:37:53","slug":"warum-die-gruenen-politisch-so-wichtig-sind","status":"publish","type":"post","link":"https:\/\/struktur.hoeberth.de\/wordpress\/2025\/05\/10\/warum-die-gruenen-politisch-so-wichtig-sind\/","title":{"rendered":"Warum die Gr\u00fcnen politisch so wichtig sind \u2013"},"content":{"rendered":"\n<h2 class=\"wp-block-heading has-large-font-size\" id=\"h-und-warum-der-markt-die-energiewende-nicht-allein-schaffen-wird\"> und warum der Markt die Energiewende nicht allein schaffen wird<\/h2>\n\n\n\n<p>Stellen wir uns einen Patienten vor, der schwer krank ist \u2013 aber nicht, weil sein K\u00f6rper versagt, sondern weil sein Lebensstil \u00fcber Jahrzehnte hinweg die Krankheit herbeigef\u00fchrt hat. Fossile Energietr\u00e4ger sind f\u00fcr unsere globale Wirtschaft genau das: ein jahrzehntelanges Erfolgsmodell, das nun zum Problem geworden ist.<\/p>\n\n\n\n<p>Allein im Jahr 2025 wird der weltweite Markt f\u00fcr fossile Energien \u2013 also f\u00fcr \u00d6l, Gas und Kohle \u2013 auf rund <strong>8,32 Billionen US-Dollar<\/strong> gesch\u00e4tzt. Das sind <strong>8,5 % der gesamten globalen Wirtschaftsleistung<\/strong>. Zum Vergleich: Der \u00d6lmarkt allein macht etwa 2,1 Billionen aus. Der gesamte Markt f\u00fcr die zehn wichtigsten Metalle kommt gerade einmal auf 987 Milliarden. Fossile Energie ist nicht nur ein Brennstoff \u2013 sie ist ein wirtschaftliches Fundament.<\/p>\n\n\n\n<p>Doch dieses Fundament wankt.<\/p>\n\n\n\n<h3 class=\"wp-block-heading has-large-font-size\" id=\"h-energieverschwendung-im-system\">Energieverschwendung im System<\/h3>\n\n\n\n<p>J\u00e4hrlich verbraucht die Welt rund <strong>180 Petawattstunden (PWh)<\/strong> Energie. Doch nur ein Bruchteil davon landet tats\u00e4chlich in n\u00fctzlicher Form beim Endverbraucher \u2013 sei es in Form von Licht, Bewegung oder W\u00e4rme. Der Rest verpufft auf dem Weg: bei der F\u00f6rderung, dem Transport, der Umwandlung oder schlicht durch Ineffizienz.<\/p>\n\n\n\n<p>Wenn wir die Energie direkt dort erzeugen k\u00f6nnten, wo sie gebraucht wird \u2013 etwa durch lokale Solaranlagen oder W\u00e4rmepumpen \u2013 bliebe <strong>nur rund 40\u201345 %<\/strong> dieser Energie als tats\u00e4chlicher Bedarf \u00fcbrig: etwa <strong>72\u201381 PWh<\/strong>. Und auch diese lie\u00dfen sich durch Effizienzgewinne (z.\u202fB. durch W\u00e4rmed\u00e4mmung, Elektromobilit\u00e4t oder smarte Netze) nochmals deutlich senken \u2013 auf etwa <strong>45\u201357 PWh<\/strong>. Das ist weniger als ein Drittel des heutigen Verbrauchs.<\/p>\n\n\n\n<p>Die Vision ist also klar: Weniger Energieverbrauch, mehr Effizienz, lokale und erneuerbare Quellen. Warum also gelingt der Wandel nicht schneller?<\/p>\n\n\n\n<h3 class=\"wp-block-heading has-large-font-size\" id=\"h-das-beharrungsvermogen-des-fossilismus\">Das Beharrungsverm\u00f6gen des Fossilismus<\/h3>\n\n\n\n<p>Die fossile Industrie ist nicht nur ein Energiesystem \u2013 sie ist ein globales Machtgef\u00fcge. Fast <strong>die H\u00e4lfte der weltweiten Hochseeschifffahrt<\/strong> dient allein dem Transport von fossilen Brennstoffen. Das zeigt, wie tief fossile Logistik in die globale Infrastruktur eingebettet ist.<\/p>\n\n\n\n<p>Hinzu kommt: Weltweit sind sch\u00e4tzungsweise <strong>10 bis 15 Millionen Menschen direkt<\/strong> in der fossilen Industrie besch\u00e4ftigt. Rechnet man indirekte Arbeitspl\u00e4tze (Zulieferer, Logistik, Dienstleistungen) mit ein, steigt die Zahl auf <strong>bis zu 50 Millionen Menschen<\/strong>. In vielen Regionen \u2013 von der Lausitz bis Nigeria \u2013 ist Kohle, \u00d6l oder Gas nicht nur Energiequelle, sondern Lebensgrundlage.<\/p>\n\n\n\n<p>Ein schneller Wandel bedroht ganze Regionen, Staaten, ja politische Systeme. <strong>Saudi-Arabien<\/strong>, <strong>Kasachstan<\/strong>, <strong>Nigeria<\/strong> \u2013 sie alle h\u00e4ngen am Tropf der fossilen Exporte. Und <strong>Russland<\/strong> ist vielleicht das prominenteste Beispiel: Seine Staatseinnahmen h\u00e4ngen in hohem Ma\u00dfe von Gas- und \u00d6lexporten ab. Die wirtschaftliche Abh\u00e4ngigkeit pr\u00e4gt auch seine Klimapolitik \u2013 oder besser: seine Vermeidung einer solchen. Russlands Strategie, den Klimawandel \u00f6ffentlich zu relativieren oder zu leugnen, ist kein Zufall, sondern ein machtpolitischer Reflex. Ein globaler Ausstieg aus fossiler Energie w\u00fcrde die russische Wirtschaft schwer ersch\u00fcttern \u2013 und das wei\u00df man dort ganz genau.<\/p>\n\n\n\n<h3 class=\"wp-block-heading has-large-font-size\" id=\"h-warum-der-markt-versagt\">Warum der Markt versagt<\/h3>\n\n\n\n<p>All das zeigt: Die Energiewende ist kein technisches Problem. Sie ist ein <strong>politisches und \u00f6konomisches Projekt von historischem Ausma\u00df<\/strong>. Und genau hier kommt der entscheidende Punkt: <strong>Der Markt allein wird diese Transformation nicht leisten k\u00f6nnen.<\/strong><\/p>\n\n\n\n<p>Warum?<\/p>\n\n\n\n<ul class=\"wp-block-list\">\n<li><strong>Subventionen und Fehlanreize<\/strong>: Noch immer werden fossile Energien weltweit massiv subventioniert. Der Erhalt der Arbeitspl\u00e4tze gilt noch immer als wichtiger als die Vermeidung des Klimawandels. Die Fossilenindustrie fordert den Einsatz von Wasserstoff und E-Fuels, um ihre Strukturen zu erhalten und die Politik setzt Anreize, um dies durchzusetzen.<\/li>\n\n\n\n<li><strong>Soziale Verwerfungen<\/strong>: Der Strukturwandel bedeutet Arbeitsplatzverluste in fossilen Industrien. Ohne politische Begleitung \u2013 Umschulungen, soziale Absicherungen, Innovationen \u2013 entstehen Unsicherheiten und Widerst\u00e4nde.<\/li>\n\n\n\n<li><strong>Zielkonflikte<\/strong>: Klimaschutz, Versorgungssicherheit, Preisstabilit\u00e4t, Wettbewerbsf\u00e4higkeit \u2013 diese vier Ziele stehen oft in Spannung zueinander, wobei kurzfristige Ziele \u00f6konomisch oft als relevanter angesehen werden. Ohne politische Steuerung drohen deshalb langfristig Fehlentwicklungen.<\/li>\n\n\n\n<li><strong>Internationale Herausforderungen<\/strong>: Kein Land kann die Energiewende im Alleingang schaffen. Es braucht internationale Koordination, technologische Kooperation und faire Handelsbedingungen, um die Transformation weltweit sozialvertr\u00e4glich zu gestalten.<\/li>\n<\/ul>\n\n\n\n<h3 class=\"wp-block-heading has-large-font-size\" id=\"h-warum-die-grunen-unverzichtbar-sind\">Warum die Gr\u00fcnen unverzichtbar sind<\/h3>\n\n\n\n<p>Und genau an diesem Punkt wird klar, warum die Gr\u00fcnen \u2013 trotz aller berechtigten Kritik im Detail \u2013 <strong>eine systemrelevante politische Kraft<\/strong> sind.<\/p>\n\n\n\n<p>Sie sind die einzige gro\u00dfe Partei in Deutschland, die die <strong>Dekarbonisierung nicht als Risiko, sondern als zentrale Zukunftsaufgabe<\/strong> begreift. Sie betonen nicht nur die \u00f6kologischen Notwendigkeiten, sondern auch die <strong>strukturellen Hindernisse<\/strong> und <strong>gesellschaftlichen Spannungen<\/strong>, die mit diesem Wandel einhergehen \u2013 und suchen politische Antworten darauf.<\/p>\n\n\n\n<p>Sie vertreten eine Haltung, die in einem Satz zusammengefasst werden kann:<\/p>\n\n\n\n<blockquote class=\"wp-block-quote is-layout-flow wp-block-quote-is-layout-flow\">\n<p><strong>Die Energiewende ist zu wichtig, um sie dem Markt allein zu \u00fcberlassen.<\/strong><\/p>\n<\/blockquote>\n\n\n\n<p>Ohne politische Leitplanken bleibt der Markt blind gegen\u00fcber sozialen H\u00e4rten, regionalen Ungleichheiten und globalen Abh\u00e4ngigkeiten. Ohne politischen Mut bleibt die Energiepolitik ein Reparaturbetrieb. Und ohne eine klare Vision bleibt der Wandel St\u00fcckwerk.<\/p>\n\n\n\n<h3 class=\"wp-block-heading has-large-font-size\" id=\"h-fazit-politik-als-hebel-der-zukunft\">Fazit: Politik als Hebel der Zukunft<\/h3>\n\n\n\n<p>Die globale Energiewende ist ein Wettlauf gegen die Zeit \u2013 und ein Kr\u00e4ftemessen mit alten Strukturen. Sie wird nicht nur neue Technologien hervorbringen, sondern auch neue Allianzen, neue Gerechtigkeitsfragen und neue Konfliktlinien.<\/p>\n\n\n\n<p>Gerade deshalb braucht es Parteien, die das Ganze sehen \u2013 nicht nur die Technik, nicht nur die Wirtschaft, nicht nur die sozialen Aspekte, sondern <strong>das Zusammenspiel aller Kr\u00e4fte<\/strong>. Parteien, die bereit sind, Verantwortung zu \u00fcbernehmen, Zielkonflikte auszuhalten und den Wandel aktiv zu gestalten.<\/p>\n\n\n\n<p>Ob die Gr\u00fcnen dieser Verantwortung immer gerecht werden, mag man diskutieren. Doch dass ihre politische Rolle in der Energiewende unverzichtbar ist, <strong>d\u00fcrfte au\u00dfer Frage stehen.<\/strong><\/p>\n\n\n\n<p>Denn eines ist sicher: Der Markt allein wird es nicht richten. Aber kluge, mutige Politik k\u00f6nnte es.<\/p>\n","protected":false},"excerpt":{"rendered":"<p>und warum der Markt die Energiewende nicht allein schaffen wird Stellen wir uns einen Patienten vor, der schwer krank ist \u2013 aber nicht, weil sein K\u00f6rper versagt, sondern weil sein Lebensstil \u00fcber Jahrzehnte hinweg die Krankheit herbeigef\u00fchrt hat. Fossile Energietr\u00e4ger sind f\u00fcr unsere globale Wirtschaft genau das: ein jahrzehntelanges Erfolgsmodell, das nun zum Problem geworden [&hellip;]<\/p>\n","protected":false},"author":1,"featured_media":410,"comment_status":"open","ping_status":"open","sticky":false,"template":"","format":"standard","meta":{"footnotes":""},"categories":[1],"tags":[],"class_list":["post-409","post","type-post","status-publish","format-standard","has-post-thumbnail","hentry","category-allgemein"],"yoast_head":"<!-- This site is optimized with the Yoast SEO Premium plugin v27.2 (Yoast SEO v27.4) - https:\/\/yoast.com\/product\/yoast-seo-premium-wordpress\/ -->\n<title>Warum die Gr\u00fcnen politisch so wichtig sind \u2013 - H\u00f6berths-Blog<\/title>\n<meta name=\"description\" content=\"Die Abh\u00e4ngigkeit von fossilen Energietr\u00e4gern stellt unsere globale Wirtschaft vor gro\u00dfe Herausforderungen. Finden Sie heraus, warum das so ist.\" \/>\n<meta name=\"robots\" content=\"index, follow, max-snippet:-1, max-image-preview:large, max-video-preview:-1\" \/>\n<link rel=\"canonical\" href=\"https:\/\/struktur.hoeberth.de\/wordpress\/2025\/05\/10\/warum-die-gruenen-politisch-so-wichtig-sind\/\" \/>\n<meta property=\"og:locale\" content=\"de_DE\" \/>\n<meta property=\"og:type\" content=\"article\" \/>\n<meta property=\"og:title\" content=\"Warum die Gr\u00fcnen politisch so wichtig sind \u2013\" \/>\n<meta property=\"og:description\" content=\"Die Abh\u00e4ngigkeit von fossilen Energietr\u00e4gern stellt unsere globale Wirtschaft vor gro\u00dfe Herausforderungen. Finden Sie heraus, warum das so ist.\" \/>\n<meta property=\"og:url\" content=\"https:\/\/struktur.hoeberth.de\/wordpress\/2025\/05\/10\/warum-die-gruenen-politisch-so-wichtig-sind\/\" \/>\n<meta property=\"og:site_name\" content=\"H\u00f6berths-Blog\" \/>\n<meta property=\"article:publisher\" content=\"https:\/\/www.facebook.com\/hoeberth\" \/>\n<meta property=\"article:author\" content=\"https:\/\/www.facebook.com\/hoeberth\" \/>\n<meta property=\"article:published_time\" content=\"2025-05-10T18:33:45+00:00\" \/>\n<meta property=\"article:modified_time\" content=\"2025-05-10T18:37:53+00:00\" \/>\n<meta property=\"og:image\" content=\"https:\/\/struktur.hoeberth.de\/wordpress\/wp-content\/uploads\/2025\/05\/0074.jpg\" \/>\n\t<meta property=\"og:image:width\" content=\"1200\" \/>\n\t<meta property=\"og:image:height\" content=\"800\" \/>\n\t<meta property=\"og:image:type\" content=\"image\/jpeg\" \/>\n<meta name=\"author\" content=\"Gerhard H\u00f6berth\" \/>\n<meta name=\"twitter:card\" content=\"summary_large_image\" \/>\n<meta name=\"twitter:label1\" content=\"Verfasst von\" \/>\n\t<meta name=\"twitter:data1\" content=\"Gerhard H\u00f6berth\" \/>\n\t<meta name=\"twitter:label2\" content=\"Gesch\u00e4tzte Lesezeit\" \/>\n\t<meta name=\"twitter:data2\" content=\"5\u00a0Minuten\" \/>\n<script type=\"application\/ld+json\" class=\"yoast-schema-graph\">{\"@context\":\"https:\\\/\\\/schema.org\",\"@graph\":[{\"@type\":\"Article\",\"@id\":\"https:\\\/\\\/struktur.hoeberth.de\\\/wordpress\\\/2025\\\/05\\\/10\\\/warum-die-gruenen-politisch-so-wichtig-sind\\\/#article\",\"isPartOf\":{\"@id\":\"https:\\\/\\\/struktur.hoeberth.de\\\/wordpress\\\/2025\\\/05\\\/10\\\/warum-die-gruenen-politisch-so-wichtig-sind\\\/\"},\"author\":{\"name\":\"Gerhard H\u00f6berth\",\"@id\":\"https:\\\/\\\/struktur.hoeberth.de\\\/wordpress\\\/#\\\/schema\\\/person\\\/ed17aa92ca1b7faac8d00dd400eed154\"},\"headline\":\"Warum die Gr\u00fcnen politisch so wichtig sind \u2013\",\"datePublished\":\"2025-05-10T18:33:45+00:00\",\"dateModified\":\"2025-05-10T18:37:53+00:00\",\"mainEntityOfPage\":{\"@id\":\"https:\\\/\\\/struktur.hoeberth.de\\\/wordpress\\\/2025\\\/05\\\/10\\\/warum-die-gruenen-politisch-so-wichtig-sind\\\/\"},\"wordCount\":895,\"commentCount\":1,\"publisher\":{\"@id\":\"https:\\\/\\\/struktur.hoeberth.de\\\/wordpress\\\/#\\\/schema\\\/person\\\/ed17aa92ca1b7faac8d00dd400eed154\"},\"image\":{\"@id\":\"https:\\\/\\\/struktur.hoeberth.de\\\/wordpress\\\/2025\\\/05\\\/10\\\/warum-die-gruenen-politisch-so-wichtig-sind\\\/#primaryimage\"},\"thumbnailUrl\":\"https:\\\/\\\/struktur.hoeberth.de\\\/wordpress\\\/wp-content\\\/uploads\\\/2025\\\/05\\\/0074.jpg\",\"inLanguage\":\"de\",\"potentialAction\":[{\"@type\":\"CommentAction\",\"name\":\"Comment\",\"target\":[\"https:\\\/\\\/struktur.hoeberth.de\\\/wordpress\\\/2025\\\/05\\\/10\\\/warum-die-gruenen-politisch-so-wichtig-sind\\\/#respond\"]}]},{\"@type\":\"WebPage\",\"@id\":\"https:\\\/\\\/struktur.hoeberth.de\\\/wordpress\\\/2025\\\/05\\\/10\\\/warum-die-gruenen-politisch-so-wichtig-sind\\\/\",\"url\":\"https:\\\/\\\/struktur.hoeberth.de\\\/wordpress\\\/2025\\\/05\\\/10\\\/warum-die-gruenen-politisch-so-wichtig-sind\\\/\",\"name\":\"Warum die Gr\u00fcnen politisch so wichtig sind \u2013 - H\u00f6berths-Blog\",\"isPartOf\":{\"@id\":\"https:\\\/\\\/struktur.hoeberth.de\\\/wordpress\\\/#website\"},\"primaryImageOfPage\":{\"@id\":\"https:\\\/\\\/struktur.hoeberth.de\\\/wordpress\\\/2025\\\/05\\\/10\\\/warum-die-gruenen-politisch-so-wichtig-sind\\\/#primaryimage\"},\"image\":{\"@id\":\"https:\\\/\\\/struktur.hoeberth.de\\\/wordpress\\\/2025\\\/05\\\/10\\\/warum-die-gruenen-politisch-so-wichtig-sind\\\/#primaryimage\"},\"thumbnailUrl\":\"https:\\\/\\\/struktur.hoeberth.de\\\/wordpress\\\/wp-content\\\/uploads\\\/2025\\\/05\\\/0074.jpg\",\"datePublished\":\"2025-05-10T18:33:45+00:00\",\"dateModified\":\"2025-05-10T18:37:53+00:00\",\"description\":\"Die Abh\u00e4ngigkeit von fossilen Energietr\u00e4gern stellt unsere globale Wirtschaft vor gro\u00dfe Herausforderungen. Finden Sie heraus, warum das so ist.\",\"breadcrumb\":{\"@id\":\"https:\\\/\\\/struktur.hoeberth.de\\\/wordpress\\\/2025\\\/05\\\/10\\\/warum-die-gruenen-politisch-so-wichtig-sind\\\/#breadcrumb\"},\"inLanguage\":\"de\",\"potentialAction\":[{\"@type\":\"ReadAction\",\"target\":[\"https:\\\/\\\/struktur.hoeberth.de\\\/wordpress\\\/2025\\\/05\\\/10\\\/warum-die-gruenen-politisch-so-wichtig-sind\\\/\"]}]},{\"@type\":\"ImageObject\",\"inLanguage\":\"de\",\"@id\":\"https:\\\/\\\/struktur.hoeberth.de\\\/wordpress\\\/2025\\\/05\\\/10\\\/warum-die-gruenen-politisch-so-wichtig-sind\\\/#primaryimage\",\"url\":\"https:\\\/\\\/struktur.hoeberth.de\\\/wordpress\\\/wp-content\\\/uploads\\\/2025\\\/05\\\/0074.jpg\",\"contentUrl\":\"https:\\\/\\\/struktur.hoeberth.de\\\/wordpress\\\/wp-content\\\/uploads\\\/2025\\\/05\\\/0074.jpg\",\"width\":1200,\"height\":800},{\"@type\":\"BreadcrumbList\",\"@id\":\"https:\\\/\\\/struktur.hoeberth.de\\\/wordpress\\\/2025\\\/05\\\/10\\\/warum-die-gruenen-politisch-so-wichtig-sind\\\/#breadcrumb\",\"itemListElement\":[{\"@type\":\"ListItem\",\"position\":1,\"name\":\"Startseite\",\"item\":\"https:\\\/\\\/struktur.hoeberth.de\\\/wordpress\\\/\"},{\"@type\":\"ListItem\",\"position\":2,\"name\":\"Warum die Gr\u00fcnen politisch so wichtig sind \u2013\"}]},{\"@type\":\"WebSite\",\"@id\":\"https:\\\/\\\/struktur.hoeberth.de\\\/wordpress\\\/#website\",\"url\":\"https:\\\/\\\/struktur.hoeberth.de\\\/wordpress\\\/\",\"name\":\"Philosophie-Blog von Gerhard H\u00f6berth\",\"description\":\"Gedanken aus der Perspektive des Evolution\u00e4ren Idealismus\",\"publisher\":{\"@id\":\"https:\\\/\\\/struktur.hoeberth.de\\\/wordpress\\\/#\\\/schema\\\/person\\\/ed17aa92ca1b7faac8d00dd400eed154\"},\"potentialAction\":[{\"@type\":\"SearchAction\",\"target\":{\"@type\":\"EntryPoint\",\"urlTemplate\":\"https:\\\/\\\/struktur.hoeberth.de\\\/wordpress\\\/?s={search_term_string}\"},\"query-input\":{\"@type\":\"PropertyValueSpecification\",\"valueRequired\":true,\"valueName\":\"search_term_string\"}}],\"inLanguage\":\"de\"},{\"@type\":[\"Person\",\"Organization\"],\"@id\":\"https:\\\/\\\/struktur.hoeberth.de\\\/wordpress\\\/#\\\/schema\\\/person\\\/ed17aa92ca1b7faac8d00dd400eed154\",\"name\":\"Gerhard H\u00f6berth\",\"image\":{\"@type\":\"ImageObject\",\"inLanguage\":\"de\",\"@id\":\"https:\\\/\\\/struktur.hoeberth.de\\\/wordpress\\\/wp-content\\\/uploads\\\/2024\\\/11\\\/Gerhard.jpg\",\"url\":\"https:\\\/\\\/struktur.hoeberth.de\\\/wordpress\\\/wp-content\\\/uploads\\\/2024\\\/11\\\/Gerhard.jpg\",\"contentUrl\":\"https:\\\/\\\/struktur.hoeberth.de\\\/wordpress\\\/wp-content\\\/uploads\\\/2024\\\/11\\\/Gerhard.jpg\",\"width\":600,\"height\":800,\"caption\":\"Gerhard H\u00f6berth\"},\"logo\":{\"@id\":\"https:\\\/\\\/struktur.hoeberth.de\\\/wordpress\\\/wp-content\\\/uploads\\\/2024\\\/11\\\/Gerhard.jpg\"},\"sameAs\":[\"http:\\\/\\\/struktur.hoeberth.de\\\/wordpress\",\"https:\\\/\\\/www.facebook.com\\\/hoeberth\",\"https:\\\/\\\/www.youtube.com\\\/channel\\\/UCPMEKSbmuN5IFRXHdhPFniw\"],\"url\":\"https:\\\/\\\/struktur.hoeberth.de\\\/wordpress\\\/author\\\/web925\\\/\"}]}<\/script>\n<!-- \/ Yoast SEO Premium plugin. -->","yoast_head_json":{"title":"Warum die Gr\u00fcnen politisch so wichtig sind \u2013 - H\u00f6berths-Blog","description":"Die Abh\u00e4ngigkeit von fossilen Energietr\u00e4gern stellt unsere globale Wirtschaft vor gro\u00dfe Herausforderungen. Finden Sie heraus, warum das so ist.","robots":{"index":"index","follow":"follow","max-snippet":"max-snippet:-1","max-image-preview":"max-image-preview:large","max-video-preview":"max-video-preview:-1"},"canonical":"https:\/\/struktur.hoeberth.de\/wordpress\/2025\/05\/10\/warum-die-gruenen-politisch-so-wichtig-sind\/","og_locale":"de_DE","og_type":"article","og_title":"Warum die Gr\u00fcnen politisch so wichtig sind \u2013","og_description":"Die Abh\u00e4ngigkeit von fossilen Energietr\u00e4gern stellt unsere globale Wirtschaft vor gro\u00dfe Herausforderungen. Finden Sie heraus, warum das so ist.","og_url":"https:\/\/struktur.hoeberth.de\/wordpress\/2025\/05\/10\/warum-die-gruenen-politisch-so-wichtig-sind\/","og_site_name":"H\u00f6berths-Blog","article_publisher":"https:\/\/www.facebook.com\/hoeberth","article_author":"https:\/\/www.facebook.com\/hoeberth","article_published_time":"2025-05-10T18:33:45+00:00","article_modified_time":"2025-05-10T18:37:53+00:00","og_image":[{"width":1200,"height":800,"url":"https:\/\/struktur.hoeberth.de\/wordpress\/wp-content\/uploads\/2025\/05\/0074.jpg","type":"image\/jpeg"}],"author":"Gerhard H\u00f6berth","twitter_card":"summary_large_image","twitter_misc":{"Verfasst von":"Gerhard H\u00f6berth","Gesch\u00e4tzte Lesezeit":"5\u00a0Minuten"},"schema":{"@context":"https:\/\/schema.org","@graph":[{"@type":"Article","@id":"https:\/\/struktur.hoeberth.de\/wordpress\/2025\/05\/10\/warum-die-gruenen-politisch-so-wichtig-sind\/#article","isPartOf":{"@id":"https:\/\/struktur.hoeberth.de\/wordpress\/2025\/05\/10\/warum-die-gruenen-politisch-so-wichtig-sind\/"},"author":{"name":"Gerhard H\u00f6berth","@id":"https:\/\/struktur.hoeberth.de\/wordpress\/#\/schema\/person\/ed17aa92ca1b7faac8d00dd400eed154"},"headline":"Warum die Gr\u00fcnen politisch so wichtig sind \u2013","datePublished":"2025-05-10T18:33:45+00:00","dateModified":"2025-05-10T18:37:53+00:00","mainEntityOfPage":{"@id":"https:\/\/struktur.hoeberth.de\/wordpress\/2025\/05\/10\/warum-die-gruenen-politisch-so-wichtig-sind\/"},"wordCount":895,"commentCount":1,"publisher":{"@id":"https:\/\/struktur.hoeberth.de\/wordpress\/#\/schema\/person\/ed17aa92ca1b7faac8d00dd400eed154"},"image":{"@id":"https:\/\/struktur.hoeberth.de\/wordpress\/2025\/05\/10\/warum-die-gruenen-politisch-so-wichtig-sind\/#primaryimage"},"thumbnailUrl":"https:\/\/struktur.hoeberth.de\/wordpress\/wp-content\/uploads\/2025\/05\/0074.jpg","inLanguage":"de","potentialAction":[{"@type":"CommentAction","name":"Comment","target":["https:\/\/struktur.hoeberth.de\/wordpress\/2025\/05\/10\/warum-die-gruenen-politisch-so-wichtig-sind\/#respond"]}]},{"@type":"WebPage","@id":"https:\/\/struktur.hoeberth.de\/wordpress\/2025\/05\/10\/warum-die-gruenen-politisch-so-wichtig-sind\/","url":"https:\/\/struktur.hoeberth.de\/wordpress\/2025\/05\/10\/warum-die-gruenen-politisch-so-wichtig-sind\/","name":"Warum die Gr\u00fcnen politisch so wichtig sind \u2013 - H\u00f6berths-Blog","isPartOf":{"@id":"https:\/\/struktur.hoeberth.de\/wordpress\/#website"},"primaryImageOfPage":{"@id":"https:\/\/struktur.hoeberth.de\/wordpress\/2025\/05\/10\/warum-die-gruenen-politisch-so-wichtig-sind\/#primaryimage"},"image":{"@id":"https:\/\/struktur.hoeberth.de\/wordpress\/2025\/05\/10\/warum-die-gruenen-politisch-so-wichtig-sind\/#primaryimage"},"thumbnailUrl":"https:\/\/struktur.hoeberth.de\/wordpress\/wp-content\/uploads\/2025\/05\/0074.jpg","datePublished":"2025-05-10T18:33:45+00:00","dateModified":"2025-05-10T18:37:53+00:00","description":"Die Abh\u00e4ngigkeit von fossilen Energietr\u00e4gern stellt unsere globale Wirtschaft vor gro\u00dfe Herausforderungen. Finden Sie heraus, warum das so ist.","breadcrumb":{"@id":"https:\/\/struktur.hoeberth.de\/wordpress\/2025\/05\/10\/warum-die-gruenen-politisch-so-wichtig-sind\/#breadcrumb"},"inLanguage":"de","potentialAction":[{"@type":"ReadAction","target":["https:\/\/struktur.hoeberth.de\/wordpress\/2025\/05\/10\/warum-die-gruenen-politisch-so-wichtig-sind\/"]}]},{"@type":"ImageObject","inLanguage":"de","@id":"https:\/\/struktur.hoeberth.de\/wordpress\/2025\/05\/10\/warum-die-gruenen-politisch-so-wichtig-sind\/#primaryimage","url":"https:\/\/struktur.hoeberth.de\/wordpress\/wp-content\/uploads\/2025\/05\/0074.jpg","contentUrl":"https:\/\/struktur.hoeberth.de\/wordpress\/wp-content\/uploads\/2025\/05\/0074.jpg","width":1200,"height":800},{"@type":"BreadcrumbList","@id":"https:\/\/struktur.hoeberth.de\/wordpress\/2025\/05\/10\/warum-die-gruenen-politisch-so-wichtig-sind\/#breadcrumb","itemListElement":[{"@type":"ListItem","position":1,"name":"Startseite","item":"https:\/\/struktur.hoeberth.de\/wordpress\/"},{"@type":"ListItem","position":2,"name":"Warum die Gr\u00fcnen politisch so wichtig sind \u2013"}]},{"@type":"WebSite","@id":"https:\/\/struktur.hoeberth.de\/wordpress\/#website","url":"https:\/\/struktur.hoeberth.de\/wordpress\/","name":"Philosophie-Blog von Gerhard H\u00f6berth","description":"Gedanken aus der Perspektive des Evolution\u00e4ren Idealismus","publisher":{"@id":"https:\/\/struktur.hoeberth.de\/wordpress\/#\/schema\/person\/ed17aa92ca1b7faac8d00dd400eed154"},"potentialAction":[{"@type":"SearchAction","target":{"@type":"EntryPoint","urlTemplate":"https:\/\/struktur.hoeberth.de\/wordpress\/?s={search_term_string}"},"query-input":{"@type":"PropertyValueSpecification","valueRequired":true,"valueName":"search_term_string"}}],"inLanguage":"de"},{"@type":["Person","Organization"],"@id":"https:\/\/struktur.hoeberth.de\/wordpress\/#\/schema\/person\/ed17aa92ca1b7faac8d00dd400eed154","name":"Gerhard H\u00f6berth","image":{"@type":"ImageObject","inLanguage":"de","@id":"https:\/\/struktur.hoeberth.de\/wordpress\/wp-content\/uploads\/2024\/11\/Gerhard.jpg","url":"https:\/\/struktur.hoeberth.de\/wordpress\/wp-content\/uploads\/2024\/11\/Gerhard.jpg","contentUrl":"https:\/\/struktur.hoeberth.de\/wordpress\/wp-content\/uploads\/2024\/11\/Gerhard.jpg","width":600,"height":800,"caption":"Gerhard H\u00f6berth"},"logo":{"@id":"https:\/\/struktur.hoeberth.de\/wordpress\/wp-content\/uploads\/2024\/11\/Gerhard.jpg"},"sameAs":["http:\/\/struktur.hoeberth.de\/wordpress","https:\/\/www.facebook.com\/hoeberth","https:\/\/www.youtube.com\/channel\/UCPMEKSbmuN5IFRXHdhPFniw"],"url":"https:\/\/struktur.hoeberth.de\/wordpress\/author\/web925\/"}]}},"wp-worthy-pixel":{"ignored":false,"public":"7bec372dddfc4a238d36f18e03dcadb5","server":"vg07.met.vgwort.de","url":"https:\/\/vg07.met.vgwort.de\/na\/7bec372dddfc4a238d36f18e03dcadb5"},"wp-worthy-type":"normal","_links":{"self":[{"href":"https:\/\/struktur.hoeberth.de\/wordpress\/wp-json\/wp\/v2\/posts\/409","targetHints":{"allow":["GET"]}}],"collection":[{"href":"https:\/\/struktur.hoeberth.de\/wordpress\/wp-json\/wp\/v2\/posts"}],"about":[{"href":"https:\/\/struktur.hoeberth.de\/wordpress\/wp-json\/wp\/v2\/types\/post"}],"author":[{"embeddable":true,"href":"https:\/\/struktur.hoeberth.de\/wordpress\/wp-json\/wp\/v2\/users\/1"}],"replies":[{"embeddable":true,"href":"https:\/\/struktur.hoeberth.de\/wordpress\/wp-json\/wp\/v2\/comments?post=409"}],"version-history":[{"count":2,"href":"https:\/\/struktur.hoeberth.de\/wordpress\/wp-json\/wp\/v2\/posts\/409\/revisions"}],"predecessor-version":[{"id":413,"href":"https:\/\/struktur.hoeberth.de\/wordpress\/wp-json\/wp\/v2\/posts\/409\/revisions\/413"}],"wp:featuredmedia":[{"embeddable":true,"href":"https:\/\/struktur.hoeberth.de\/wordpress\/wp-json\/wp\/v2\/media\/410"}],"wp:attachment":[{"href":"https:\/\/struktur.hoeberth.de\/wordpress\/wp-json\/wp\/v2\/media?parent=409"}],"wp:term":[{"taxonomy":"category","embeddable":true,"href":"https:\/\/struktur.hoeberth.de\/wordpress\/wp-json\/wp\/v2\/categories?post=409"},{"taxonomy":"post_tag","embeddable":true,"href":"https:\/\/struktur.hoeberth.de\/wordpress\/wp-json\/wp\/v2\/tags?post=409"}],"curies":[{"name":"wp","href":"https:\/\/api.w.org\/{rel}","templated":true}]}}