{"id":525,"date":"2025-07-23T10:15:52","date_gmt":"2025-07-23T08:15:52","guid":{"rendered":"https:\/\/struktur.hoeberth.de\/wordpress\/?p=525"},"modified":"2025-07-23T10:15:54","modified_gmt":"2025-07-23T08:15:54","slug":"werden-wir-die-ki-revolution-verschlafen","status":"publish","type":"post","link":"https:\/\/struktur.hoeberth.de\/wordpress\/2025\/07\/23\/werden-wir-die-ki-revolution-verschlafen\/","title":{"rendered":"Werden wir die KI-Revolution verschlafen?"},"content":{"rendered":"\n<h3 class=\"wp-block-heading has-large-font-size\" id=\"h-aktuelle-schlagzeilen-der-politik\">Aktuelle Schlagzeilen der Politik:<\/h3>\n\n\n\n<ul class=\"wp-block-list\">\n<li>B\u00fcrgergeld wird gek\u00fcrzt \u2013 \u201eFaulheit\u201c soll bestraft werden<\/li>\n\n\n\n<li>Rentenalter steigt weiter \u2013 l\u00e4nger arbeiten f\u00fcr eine unsichere Zukunft<\/li>\n\n\n\n<li>Mindestlohnabstand zum B\u00fcrgergeld bleibt umstritten<\/li>\n\n\n\n<li>Sanktionen f\u00fcr Arbeitsverweigerer werden versch\u00e4rft<\/li>\n\n\n\n<li>B\u00fcrokratie bei Sozialleistungen w\u00e4chst unaufh\u00f6rlich<\/li>\n\n\n\n<li>\u201eArbeitsmarkt\u201c bleibt Kernfokus der Sozialpolitik<\/li>\n<\/ul>\n\n\n\n<p>Diese Schlagzeilen spiegeln wider, womit sich Politik und \u00f6ffentliche Debatten derzeit besch\u00e4ftigen. Doch w\u00e4hrend \u00fcber immer engere Grenzen f\u00fcr Unterst\u00fctzungen und die \u201eLeistungsbereitschaft\u201c der Menschen und um die Rechtm\u00e4\u00dfigkeit einer &#8222;Work-Life-Balance&#8220; gestritten wird, zeichnet sich am Horizont ein viel fundamentalerer Wandel ab \u2013 eine Umw\u00e4lzung, die die Grundfesten von Arbeit, Gesellschaft und Wirtschaft auf den Kopf stellen wird.<\/p>\n\n\n\n<hr class=\"wp-block-separator has-alpha-channel-opacity\"\/>\n\n\n\n<h2 class=\"wp-block-heading has-large-font-size\" id=\"h-die-kommende-umwalzung-ki-agi-asi-und-robotik-automatisieren-die-arbeitswelt\">Die kommende Umw\u00e4lzung: KI, AGI, ASI und Robotik automatisieren die Arbeitswelt<\/h2>\n\n\n\n<p>K\u00fcnstliche Intelligenz (KI), insbesondere die Entwicklung zu Allgemeiner K\u00fcnstlicher Intelligenz (AGI) und Superintelligenter KI (ASI), zusammen mit immer leistungsf\u00e4higeren Robotiksystemen, werden in den kommenden Jahren viele \u2013 wenn nicht die meisten \u2013 menschlichen Arbeitsfelder automatisieren. Die Folgen sind dramatisch:<\/p>\n\n\n\n<ul class=\"wp-block-list\">\n<li>Erwerbsarbeit verliert ihre zentrale Rolle als Mittel zur Existenzsicherung<\/li>\n\n\n\n<li>Klassische Sozialsysteme geraten unter Druck und sind nicht f\u00fcr den Wandel ausgelegt<\/li>\n\n\n\n<li>Wohlstand wird zunehmend durch technologische Produktivit\u00e4t generiert \u2013 doch wie wird dieser verteilt?<\/li>\n<\/ul>\n\n\n\n<p>Diese Realit\u00e4t wird die politische Debatte und gesellschaftliche Organisation fundamental ver\u00e4ndern. B\u00fcrgergeldk\u00fcrzungen, Rentenalterdebatten und Sanktionen werden r\u00fcckblickend und relativ zu dieser Entwicklung marginal und unbedeutend erscheinen.<\/p>\n\n\n\n<hr class=\"wp-block-separator has-alpha-channel-opacity\"\/>\n\n\n\n<h2 class=\"wp-block-heading has-large-font-size\" id=\"h-wo-bleibt-die-politische-vision-fur-das-zeitalter-der-automatisierung\">Wo bleibt die politische Vision f\u00fcr das Zeitalter der Automatisierung?<\/h2>\n\n\n\n<p>Trotz der offenkundigen Bedeutung dieser Transformation scheinen offizielle Stellen das Ausma\u00df der Ver\u00e4nderungen noch kaum wahrzunehmen. Fragen, die jetzt dringend auf die Agenda geh\u00f6ren, sind:<\/p>\n\n\n\n<ul class=\"wp-block-list\">\n<li><strong>Wie gestalten wir ein universelles Grundeinkommen, das die Verteilung des entstehenden Wohlstands sicherstellt?<\/strong><br>Das universelle Grundeinkommen (UBI) ist eine zentrale Idee, um den durch Automatisierung und KI entstehenden Wohlstand gerecht und nachhaltig zu verteilen. Anders als herk\u00f6mmliche Sozialleistungen w\u00e4re das UBI eine regelm\u00e4\u00dfige, bedingungslose Zahlung an alle B\u00fcrger, die unabh\u00e4ngig von Einkommen oder Arbeitsleistung gew\u00e4hrt wird. Dies w\u00fcrde existenzielle Sicherheit bieten und den sozialen Zusammenhalt st\u00e4rken, gerade wenn Erwerbsarbeit als Einkommensquelle immer seltener wird. F\u00fcr die praktische Umsetzung scheint die Einf\u00fchrung einer Negativen Einkommensteuer ein besonders effektiver Weg zu sein: Dabei erhalten Personen unterhalb einer bestimmten Einkommensgrenze staatliche Zahlungen, w\u00e4hrend h\u00f6here Einkommen entsprechend besteuert werden. So wird das Grundeinkommen automatisch an den individuellen Bedarf angepasst, ohne komplizierte b\u00fcrokratische Kontrollmechanismen. Die Finanzierungsbasis liegt dabei auf der gemeinsamen Nutzung des durch KI und Robotik gesteigerten Produktivit\u00e4tszuwachses, etwa durch Unternehmenssteuern oder Abgaben auf automatisierte Produktion. Zugleich braucht es eine transparente, demokratische Infrastruktur, die \u00fcber die Verteilung entscheidet und so das Vertrauen der Bev\u00f6lkerung in das neue System sichert. Damit wird das UBI, realisiert durch eine Negative Einkommensteuer, nicht nur ein soziales Sicherheitsnetz, sondern ein grundlegendes Element einer gerechten und post-arbeitsteiligen Gesellschaft.<\/li>\n\n\n\n<li><strong>Welche neuen Modelle der B\u00fcrgerbeteiligung und demokratischen Teilhabe sind n\u00f6tig, um Gesellschaften in der Post-Erwerbsarbeitswelt zusammenzuhalten?<\/strong><br>Die klassische Demokratie, die stark auf Erwerbsarbeit und \u00f6konomische Teilhabe basiert, steht durch den Wandel hin zu einer Post-Erwerbsarbeitsgesellschaft vor gro\u00dfen Herausforderungen. Um sozialen Zusammenhalt und politische Legitimit\u00e4t zu sichern, sind neue Formen der B\u00fcrgerbeteiligung notwendig, die weit \u00fcber Wahlurnen und Parteien hinausgehen. Digitale Plattformen k\u00f6nnen hier eine Schl\u00fcsselrolle spielen, indem sie transparente, partizipative Entscheidungsprozesse erm\u00f6glichen, die B\u00fcrger direkt und kontinuierlich in politische Gestaltungsprozesse einbinden. Solche Systeme k\u00f6nnen Debattenr\u00e4ume schaffen, bei denen nicht nur Meinungen ausgetauscht, sondern auch Kompromisse in Echtzeit erarbeitet werden. Dar\u00fcber hinaus sind partizipative Budgets, B\u00fcrgerr\u00e4te oder deliberative Demokratieformate wichtige Instrumente, um B\u00fcrger*innen in lokaler und \u00fcberregionaler Ebene konkrete Mitbestimmung zu erm\u00f6glichen. Gerade in einer Zeit, in der traditionelle Arbeitsrollen an Bedeutung verlieren, gewinnen soziale und politische Engagements als Quellen von Sinn und Identit\u00e4t an Gewicht. Demokratie muss sich daher zu einem aktiven, lernenden Prozess wandeln, der die Vielfalt und Kreativit\u00e4t der Gesellschaft in den Mittelpunkt stellt und so den Zusammenhalt in einer sich rapide ver\u00e4ndernden Welt st\u00e4rkt. Wie dies geschehen k\u00f6nnte, habe ich auch in meinem Buch &#8222;<a href=\"https:\/\/amzn.to\/4m6ojtx\">T\u00fcrkise Transformation<\/a>&#8220; beschrieben.<\/li>\n\n\n\n<li><strong>Wie kann die Politik psychologische und soziale Resilienz f\u00f6rdern, damit Menschen den Wandel als Chance und nicht als Bedrohung erleben?<\/strong><br>Der psychologische Umgang mit dem tiefgreifenden Wandel durch Automatisierung und KI ist eine der gr\u00f6\u00dften Herausforderungen f\u00fcr Politik und Gesellschaft. Gegenw\u00e4rtig wird in vielen politischen Diskursen das Narrativ gepflegt, das die Gesellschaft spaltet: Mindestlohnempf\u00e4nger werden gegen B\u00fcrgergeldempf\u00e4nger ausgespielt, \u201efaule\u201c Sozialleistungsbezieher stigmatisiert, w\u00e4hrend der \u201eflei\u00dfige B\u00fcrger\u201c als moralische Instanz gefeiert wird. Dieses Narrativ ist nicht nur sozial spaltend, sondern verliert in einer Post-Erwerbsarbeitsgesellschaft seine Grundlage, denn die Bedeutung von Erwerbsarbeit als Ma\u00dfstab f\u00fcr Wert und Moral wird abnehmen. Um den Wandel als Chance und nicht als Bedrohung erfahrbar zu machen, muss Politik aktiv soziale und psychologische Resilienz f\u00f6rdern: Das bedeutet, \u00c4ngste vor sozialem Abstieg und Identit\u00e4tsverlust ernst zu nehmen und R\u00e4ume zu schaffen, in denen neue Formen von Sinn, Gemeinschaft und Engagement entdeckt werden k\u00f6nnen. Bildungsprogramme, psychosoziale Begleitung und \u00f6ffentlich gef\u00fchrte Diskurse, die das alte Leistungsdenken hinterfragen und neue Werte wie Kreativit\u00e4t, Solidarit\u00e4t und lebenslanges Lernen hervorheben, sind hier entscheidend. Nur wenn Menschen sich als Teil einer gemeinsamen, sinnstiftenden Zukunft begreifen, kann die Gesellschaft den bevorstehenden Wandel gemeinsam tragen und gestalten.<\/li>\n\n\n\n<li>W<strong>elche organisatorischen und wirtschaftlichen Roadmaps helfen, die Transformation sozial gerecht und nachhaltig zu gestalten?<\/strong><br>Die anstehende Transformation hin zu einer post-industriellen, KI-gest\u00fctzten Gesellschaft verlangt klare, langfristig angelegte Roadmaps, die sowohl soziale Gerechtigkeit als auch \u00f6kologische Nachhaltigkeit ins Zentrum stellen. Organisatorisch bedeutet dies, bestehende Institutionen flexibel und innovationsf\u00e4hig zu machen: Staatliche Strukturen m\u00fcssen partizipative Entscheidungsprozesse erm\u00f6glichen und eng mit zivilgesellschaftlichen Akteuren zusammenarbeiten, um L\u00f6sungen aus der Gesellschaft heraus zu f\u00f6rdern. Wirtschaftlich ist eine Abkehr vom klassischen Wachstumsparadigma hin zu einer Kreislaufwirtschaft unabdingbar, die Ressourcen schont und Lebensqualit\u00e4t statt blo\u00dfen Konsum maximiert. Das bisher dominierende Wachstumsparadigma verliert zudem an Notwendigkeit, wenn ein bedingungsloses Grundeinkommen (BGE) etabliert ist: Denn dann ist Erwerbsarbeit nicht mehr Voraussetzung f\u00fcr gesellschaftliche Teilhabe und Existenzsicherung \u2013 eine fundamentale Voraussetzung, um das bisherige \u201eImmer mehr\u201c-Prinzip, das unseren Planeten \u00fcberlastet, zu \u00fcberwinden. Steuerpolitisch sollten Modelle implementiert werden, die die durch KI und Automatisierung generierten Produktivit\u00e4tsgewinne fair verteilen \u2013 etwa durch Maschinen- oder Robotiksteuern sowie eine Reform der Unternehmensbesteuerung. Ebenso wichtig ist die F\u00f6rderung von Innovationen im sozialen Sektor, die neue Arbeits- und Beteiligungsformen erm\u00f6glichen, sowie Investitionen in Bildung und Infrastruktur, die die Gesellschaft resilienter gegen\u00fcber k\u00fcnftigen Ver\u00e4nderungen machen. Nur mit einem ganzheitlichen, interdisziplin\u00e4ren Ansatz l\u00e4sst sich die Transformation so gestalten, dass sie nicht zu sozialen Verwerfungen f\u00fchrt, sondern nachhaltigen Wohlstand f\u00fcr alle schafft.<\/li>\n<\/ul>\n\n\n\n<hr class=\"wp-block-separator has-alpha-channel-opacity\"\/>\n\n\n\n<h2 class=\"wp-block-heading has-large-font-size\" id=\"h-die-notwendigkeit-einer-roadmap-fur-eine-humane-zukunft\">Die Notwendigkeit einer Roadmap f\u00fcr eine humane Zukunft<\/h2>\n\n\n\n<p>Es reicht nicht, nur auf die technischen Entwicklungen zu reagieren. Politik und Gesellschaft m\u00fcssen proaktiv Strategien entwickeln, um die Folgen zu gestalten. Eine m\u00f6gliche Roadmap k\u00f6nnte folgende Schritte umfassen:<\/p>\n\n\n\n<ol class=\"wp-block-list\">\n<li><strong>Umfassende gesellschaftliche Aufkl\u00e4rung und Diskurs<\/strong> \u00fcber die Tragweite der Automatisierung.<br>Eine solche Aufkl\u00e4rung schafft das notwendige Bewusstsein f\u00fcr die tiefgreifenden Folgen der Automatisierung und f\u00f6rdert einen offenen, inklusiven Diskurs, der \u00c4ngste abbaut und Chancen sichtbar macht. Nur so kann die Gesellschaft gemeinsam fundierte Entscheidungen f\u00fcr die Zukunft treffen.<\/li>\n\n\n\n<li><strong>Experimentelle Einf\u00fchrung und Erprobung von bedingungslosen Grundeinkommen<\/strong> als finanzielles Sicherheitsnetz.<br>Die schrittweise Einf\u00fchrung einer Negativen Einkommensteuer \u2013 beginnend mit einem niedrigen Satz, der allm\u00e4hlich erh\u00f6ht wird \u2013 erm\u00f6glicht eine kontrollierte Erprobung des bedingungslosen Grundeinkommens und liefert wichtige Erkenntnisse \u00fcber seine wirtschaftlichen und gesellschaftlichen Auswirkungen.<\/li>\n\n\n\n<li><strong>Entwicklung neuer demokratischer Beteiligungsformen<\/strong>, etwa digitale Plattformen f\u00fcr Mitbestimmung.<br>In einer Zeit zunehmender Komplexit\u00e4t und Vielfalt politischer Themen ist es entscheidend, die B\u00fcrger*innen aktiv in Entscheidungsprozesse einzubeziehen. In meinem Blogbeitrag <em><a href=\"https:\/\/struktur.hoeberth.de\/wordpress\/2024\/09\/18\/die-zukunft-der-politik\/\">\u201eDie Zukunft der Politik\u201c<\/a><\/em> schlage ich innovative digitale Plattformen vor, die Echtzeit-Kommunikation und kollektive Intelligenz nutzen, um politische Diskurse zu f\u00f6rdern. Ein Beispiel hierf\u00fcr ist die Plattform <a href=\"https:\/\/www.thinkscape.ai\/\">Thinkscape<\/a>, die es erm\u00f6glicht, gro\u00dfe Gruppen in produktive Diskussionen einzubinden und durch Schwarm-KI-Technologie die kollektive Intelligenz effizient zu nutzen. Solche Plattformen k\u00f6nnen die Transparenz erh\u00f6hen, die Inklusivit\u00e4t st\u00e4rken und die Qualit\u00e4t politischer Entscheidungen verbessern, indem sie eine breitere Beteiligung und fundierte Konsensbildung erm\u00f6glichen.<\/li>\n\n\n\n<li><strong>Psychologische Begleitung und Bildungsprogramme<\/strong>, die Menschen auf neue Rollen und Identit\u00e4ten vorbereiten.<br>Der Wandel zur Post-Erwerbsarbeitsgesellschaft ver\u00e4ndert nicht nur \u00f6konomische Strukturen, sondern auch das Selbstverst\u00e4ndnis vieler Menschen. Um diesen \u00dcbergang zu erleichtern, sind gezielte psychologische Unterst\u00fctzungsangebote wichtig, die \u00c4ngste vor Identit\u00e4tsverlust und sozialer Isolation abfedern. Gleichzeitig m\u00fcssen Bildungsprogramme entwickelt werden, die nicht nur fachliche Kompetenzen vermitteln, sondern auch Pers\u00f6nlichkeitsentwicklung, Kreativit\u00e4t und lebenslanges Lernen f\u00f6rdern. So k\u00f6nnen Menschen neue Rollen finden, die jenseits traditioneller Erwerbsarbeit Sinn stiften \u2013 sei es im sozialen Engagement, in k\u00fcnstlerischen T\u00e4tigkeiten oder in der Mitgestaltung der Gesellschaft. Diese ganzheitliche Vorbereitung ist essenziell, um den Wandel als Chance und nicht als Bedrohung zu erleben.<\/li>\n\n\n\n<li><strong>\u00d6konomische Neuausrichtung hin zu nachhaltiger Produktion und Verteilung<\/strong>.<br>Eine zukunftsf\u00e4hige Gesellschaft muss das Wirtschaftssystem grundlegend neu ausrichten: Weg von kurzfristigem Profitstreben und Ressourcenverbrauch hin zu einer nachhaltigen, ressourcenschonenden Produktion, die langfristige Lebensqualit\u00e4t in den Mittelpunkt stellt. Dies beinhaltet die F\u00f6rderung von Kreislaufwirtschaft, erneuerbaren Energien und sozial verantwortlichem Unternehmertum. Gleichzeitig sind gerechte Verteilungsmechanismen essenziell, um die durch technologische Produktivit\u00e4t entstehenden Mehrwerte breit und fair in der Gesellschaft zu verankern. Nur durch diese \u00f6kologische und soziale Umgestaltung kann wirtschaftlicher Fortschritt mit dem Schutz unseres Planeten und sozialem Frieden Hand in Hand gehen.<\/li>\n<\/ol>\n\n\n\n<p>Diese Schritte sollen helfen, einen sanften \u00dcbergang zu erm\u00f6glichen, der nicht in sozialen Verwerfungen oder wachsender Ungleichheit endet.<\/p>\n\n\n\n<hr class=\"wp-block-separator has-alpha-channel-opacity\"\/>\n\n\n\n<h2 class=\"wp-block-heading has-large-font-size\" id=\"h-es-ist-zeit-jetzt-die-richtigen-fragen-zu-stellen\">Es ist Zeit, jetzt die richtigen Fragen zu stellen<\/h2>\n\n\n\n<p>W\u00e4hrend die Politik heute noch in alten Kategorien denkt, steht die Menschheit am Beginn eines epochalen Wandels. KI, AGI, ASI und Robotik werden Arbeit radikal ver\u00e4ndern \u2013 und damit auch den gesellschaftlichen Zusammenhalt und die Verteilung von Wohlstand grundlegend neu formen. Es drohen soziale Spannungen, wenn diese Umbr\u00fcche nicht aktiv gestaltet werden, aber zugleich bieten sich ungeahnte Chancen f\u00fcr eine gerechtere, freiere und kreativere Gesellschaft.<\/p>\n\n\n\n<p>Es ist daher h\u00f6chste Zeit, dass politische Verantwortungstr\u00e4ger und B\u00fcrger gemeinsam mutige Visionen entwickeln und konkrete Strategien formulieren, die diesen Wandel nicht nur verwalten, sondern menschlich, gerecht und nachhaltig gestalten. Dies erfordert ein Umdenken auf allen Ebenen: weg von der Fixierung auf Erwerbsarbeit als Wertma\u00dfstab, hin zu einem Verst\u00e4ndnis von Teilhabe, das auf Solidarit\u00e4t, Sinnstiftung und \u00f6kologischer Verantwortung basiert.<\/p>\n\n\n\n<p>Nur durch eine integrative, offene und vorausschauende Politik k\u00f6nnen wir die Herausforderungen der Zukunft in Chancen verwandeln und eine Gesellschaft formen, in der technologische Innovation und menschliches Wohlbefinden Hand in Hand gehen.<\/p>\n","protected":false},"excerpt":{"rendered":"<p>Aktuelle Schlagzeilen der Politik: Diese Schlagzeilen spiegeln wider, womit sich Politik und \u00f6ffentliche Debatten derzeit besch\u00e4ftigen. Doch w\u00e4hrend \u00fcber immer engere Grenzen f\u00fcr Unterst\u00fctzungen und die \u201eLeistungsbereitschaft\u201c der Menschen und um die Rechtm\u00e4\u00dfigkeit einer &#8222;Work-Life-Balance&#8220; gestritten wird, zeichnet sich am Horizont ein viel fundamentalerer Wandel ab \u2013 eine Umw\u00e4lzung, die die Grundfesten von Arbeit, Gesellschaft [&hellip;]<\/p>\n","protected":false},"author":1,"featured_media":526,"comment_status":"open","ping_status":"open","sticky":false,"template":"","format":"standard","meta":{"footnotes":""},"categories":[1],"tags":[],"class_list":["post-525","post","type-post","status-publish","format-standard","has-post-thumbnail","hentry","category-allgemein"],"yoast_head":"<!-- This site is optimized with the Yoast SEO Premium plugin v27.2 (Yoast SEO v27.4) - https:\/\/yoast.com\/product\/yoast-seo-premium-wordpress\/ -->\n<title>Werden wir die KI-Revolution verschlafen? - H\u00f6berths-Blog<\/title>\n<meta name=\"description\" content=\"K\u00fcnstliche Intelligenz ver\u00e4ndert alles: warum \u201eLeistungsbereitschaft\u201c nicht mehr im Zentrum stehen sollte.\" \/>\n<meta name=\"robots\" content=\"index, follow, max-snippet:-1, max-image-preview:large, max-video-preview:-1\" \/>\n<link rel=\"canonical\" href=\"https:\/\/struktur.hoeberth.de\/wordpress\/2025\/07\/23\/werden-wir-die-ki-revolution-verschlafen\/\" \/>\n<meta property=\"og:locale\" content=\"de_DE\" \/>\n<meta property=\"og:type\" content=\"article\" \/>\n<meta property=\"og:title\" content=\"Werden wir die KI-Revolution verschlafen?\" \/>\n<meta property=\"og:description\" content=\"K\u00fcnstliche Intelligenz ver\u00e4ndert alles: warum \u201eLeistungsbereitschaft\u201c nicht mehr im Zentrum stehen sollte.\" \/>\n<meta property=\"og:url\" content=\"https:\/\/struktur.hoeberth.de\/wordpress\/2025\/07\/23\/werden-wir-die-ki-revolution-verschlafen\/\" \/>\n<meta property=\"og:site_name\" content=\"H\u00f6berths-Blog\" \/>\n<meta property=\"article:publisher\" content=\"https:\/\/www.facebook.com\/hoeberth\" \/>\n<meta property=\"article:author\" content=\"https:\/\/www.facebook.com\/hoeberth\" \/>\n<meta property=\"article:published_time\" content=\"2025-07-23T08:15:52+00:00\" \/>\n<meta property=\"article:modified_time\" content=\"2025-07-23T08:15:54+00:00\" \/>\n<meta property=\"og:image\" content=\"https:\/\/struktur.hoeberth.de\/wordpress\/wp-content\/uploads\/2025\/07\/0094.jpg\" \/>\n\t<meta property=\"og:image:width\" content=\"1200\" \/>\n\t<meta property=\"og:image:height\" content=\"675\" \/>\n\t<meta property=\"og:image:type\" content=\"image\/jpeg\" \/>\n<meta name=\"author\" content=\"Gerhard H\u00f6berth\" \/>\n<meta name=\"twitter:card\" content=\"summary_large_image\" \/>\n<meta name=\"twitter:label1\" content=\"Verfasst von\" \/>\n\t<meta name=\"twitter:data1\" content=\"Gerhard H\u00f6berth\" \/>\n\t<meta name=\"twitter:label2\" content=\"Gesch\u00e4tzte Lesezeit\" \/>\n\t<meta name=\"twitter:data2\" content=\"10\u00a0Minuten\" \/>\n<script type=\"application\/ld+json\" class=\"yoast-schema-graph\">{\"@context\":\"https:\\\/\\\/schema.org\",\"@graph\":[{\"@type\":\"Article\",\"@id\":\"https:\\\/\\\/struktur.hoeberth.de\\\/wordpress\\\/2025\\\/07\\\/23\\\/werden-wir-die-ki-revolution-verschlafen\\\/#article\",\"isPartOf\":{\"@id\":\"https:\\\/\\\/struktur.hoeberth.de\\\/wordpress\\\/2025\\\/07\\\/23\\\/werden-wir-die-ki-revolution-verschlafen\\\/\"},\"author\":{\"name\":\"Gerhard H\u00f6berth\",\"@id\":\"https:\\\/\\\/struktur.hoeberth.de\\\/wordpress\\\/#\\\/schema\\\/person\\\/ed17aa92ca1b7faac8d00dd400eed154\"},\"headline\":\"Werden wir die KI-Revolution verschlafen?\",\"datePublished\":\"2025-07-23T08:15:52+00:00\",\"dateModified\":\"2025-07-23T08:15:54+00:00\",\"mainEntityOfPage\":{\"@id\":\"https:\\\/\\\/struktur.hoeberth.de\\\/wordpress\\\/2025\\\/07\\\/23\\\/werden-wir-die-ki-revolution-verschlafen\\\/\"},\"wordCount\":1791,\"commentCount\":2,\"publisher\":{\"@id\":\"https:\\\/\\\/struktur.hoeberth.de\\\/wordpress\\\/#\\\/schema\\\/person\\\/ed17aa92ca1b7faac8d00dd400eed154\"},\"image\":{\"@id\":\"https:\\\/\\\/struktur.hoeberth.de\\\/wordpress\\\/2025\\\/07\\\/23\\\/werden-wir-die-ki-revolution-verschlafen\\\/#primaryimage\"},\"thumbnailUrl\":\"https:\\\/\\\/struktur.hoeberth.de\\\/wordpress\\\/wp-content\\\/uploads\\\/2025\\\/07\\\/0094.jpg\",\"inLanguage\":\"de\",\"potentialAction\":[{\"@type\":\"CommentAction\",\"name\":\"Comment\",\"target\":[\"https:\\\/\\\/struktur.hoeberth.de\\\/wordpress\\\/2025\\\/07\\\/23\\\/werden-wir-die-ki-revolution-verschlafen\\\/#respond\"]}]},{\"@type\":\"WebPage\",\"@id\":\"https:\\\/\\\/struktur.hoeberth.de\\\/wordpress\\\/2025\\\/07\\\/23\\\/werden-wir-die-ki-revolution-verschlafen\\\/\",\"url\":\"https:\\\/\\\/struktur.hoeberth.de\\\/wordpress\\\/2025\\\/07\\\/23\\\/werden-wir-die-ki-revolution-verschlafen\\\/\",\"name\":\"Werden wir die KI-Revolution verschlafen? - H\u00f6berths-Blog\",\"isPartOf\":{\"@id\":\"https:\\\/\\\/struktur.hoeberth.de\\\/wordpress\\\/#website\"},\"primaryImageOfPage\":{\"@id\":\"https:\\\/\\\/struktur.hoeberth.de\\\/wordpress\\\/2025\\\/07\\\/23\\\/werden-wir-die-ki-revolution-verschlafen\\\/#primaryimage\"},\"image\":{\"@id\":\"https:\\\/\\\/struktur.hoeberth.de\\\/wordpress\\\/2025\\\/07\\\/23\\\/werden-wir-die-ki-revolution-verschlafen\\\/#primaryimage\"},\"thumbnailUrl\":\"https:\\\/\\\/struktur.hoeberth.de\\\/wordpress\\\/wp-content\\\/uploads\\\/2025\\\/07\\\/0094.jpg\",\"datePublished\":\"2025-07-23T08:15:52+00:00\",\"dateModified\":\"2025-07-23T08:15:54+00:00\",\"description\":\"K\u00fcnstliche Intelligenz ver\u00e4ndert alles: warum \u201eLeistungsbereitschaft\u201c nicht mehr im Zentrum stehen sollte.\",\"breadcrumb\":{\"@id\":\"https:\\\/\\\/struktur.hoeberth.de\\\/wordpress\\\/2025\\\/07\\\/23\\\/werden-wir-die-ki-revolution-verschlafen\\\/#breadcrumb\"},\"inLanguage\":\"de\",\"potentialAction\":[{\"@type\":\"ReadAction\",\"target\":[\"https:\\\/\\\/struktur.hoeberth.de\\\/wordpress\\\/2025\\\/07\\\/23\\\/werden-wir-die-ki-revolution-verschlafen\\\/\"]}]},{\"@type\":\"ImageObject\",\"inLanguage\":\"de\",\"@id\":\"https:\\\/\\\/struktur.hoeberth.de\\\/wordpress\\\/2025\\\/07\\\/23\\\/werden-wir-die-ki-revolution-verschlafen\\\/#primaryimage\",\"url\":\"https:\\\/\\\/struktur.hoeberth.de\\\/wordpress\\\/wp-content\\\/uploads\\\/2025\\\/07\\\/0094.jpg\",\"contentUrl\":\"https:\\\/\\\/struktur.hoeberth.de\\\/wordpress\\\/wp-content\\\/uploads\\\/2025\\\/07\\\/0094.jpg\",\"width\":1200,\"height\":675},{\"@type\":\"BreadcrumbList\",\"@id\":\"https:\\\/\\\/struktur.hoeberth.de\\\/wordpress\\\/2025\\\/07\\\/23\\\/werden-wir-die-ki-revolution-verschlafen\\\/#breadcrumb\",\"itemListElement\":[{\"@type\":\"ListItem\",\"position\":1,\"name\":\"Startseite\",\"item\":\"https:\\\/\\\/struktur.hoeberth.de\\\/wordpress\\\/\"},{\"@type\":\"ListItem\",\"position\":2,\"name\":\"Werden wir die KI-Revolution verschlafen?\"}]},{\"@type\":\"WebSite\",\"@id\":\"https:\\\/\\\/struktur.hoeberth.de\\\/wordpress\\\/#website\",\"url\":\"https:\\\/\\\/struktur.hoeberth.de\\\/wordpress\\\/\",\"name\":\"Philosophie-Blog von Gerhard H\u00f6berth\",\"description\":\"Gedanken aus der Perspektive des Evolution\u00e4ren Idealismus\",\"publisher\":{\"@id\":\"https:\\\/\\\/struktur.hoeberth.de\\\/wordpress\\\/#\\\/schema\\\/person\\\/ed17aa92ca1b7faac8d00dd400eed154\"},\"potentialAction\":[{\"@type\":\"SearchAction\",\"target\":{\"@type\":\"EntryPoint\",\"urlTemplate\":\"https:\\\/\\\/struktur.hoeberth.de\\\/wordpress\\\/?s={search_term_string}\"},\"query-input\":{\"@type\":\"PropertyValueSpecification\",\"valueRequired\":true,\"valueName\":\"search_term_string\"}}],\"inLanguage\":\"de\"},{\"@type\":[\"Person\",\"Organization\"],\"@id\":\"https:\\\/\\\/struktur.hoeberth.de\\\/wordpress\\\/#\\\/schema\\\/person\\\/ed17aa92ca1b7faac8d00dd400eed154\",\"name\":\"Gerhard H\u00f6berth\",\"image\":{\"@type\":\"ImageObject\",\"inLanguage\":\"de\",\"@id\":\"https:\\\/\\\/struktur.hoeberth.de\\\/wordpress\\\/wp-content\\\/uploads\\\/2024\\\/11\\\/Gerhard.jpg\",\"url\":\"https:\\\/\\\/struktur.hoeberth.de\\\/wordpress\\\/wp-content\\\/uploads\\\/2024\\\/11\\\/Gerhard.jpg\",\"contentUrl\":\"https:\\\/\\\/struktur.hoeberth.de\\\/wordpress\\\/wp-content\\\/uploads\\\/2024\\\/11\\\/Gerhard.jpg\",\"width\":600,\"height\":800,\"caption\":\"Gerhard H\u00f6berth\"},\"logo\":{\"@id\":\"https:\\\/\\\/struktur.hoeberth.de\\\/wordpress\\\/wp-content\\\/uploads\\\/2024\\\/11\\\/Gerhard.jpg\"},\"sameAs\":[\"http:\\\/\\\/struktur.hoeberth.de\\\/wordpress\",\"https:\\\/\\\/www.facebook.com\\\/hoeberth\",\"https:\\\/\\\/www.youtube.com\\\/channel\\\/UCPMEKSbmuN5IFRXHdhPFniw\"],\"url\":\"https:\\\/\\\/struktur.hoeberth.de\\\/wordpress\\\/author\\\/web925\\\/\"}]}<\/script>\n<!-- \/ Yoast SEO Premium plugin. -->","yoast_head_json":{"title":"Werden wir die KI-Revolution verschlafen? - H\u00f6berths-Blog","description":"K\u00fcnstliche Intelligenz ver\u00e4ndert alles: warum \u201eLeistungsbereitschaft\u201c nicht mehr im Zentrum stehen sollte.","robots":{"index":"index","follow":"follow","max-snippet":"max-snippet:-1","max-image-preview":"max-image-preview:large","max-video-preview":"max-video-preview:-1"},"canonical":"https:\/\/struktur.hoeberth.de\/wordpress\/2025\/07\/23\/werden-wir-die-ki-revolution-verschlafen\/","og_locale":"de_DE","og_type":"article","og_title":"Werden wir die KI-Revolution verschlafen?","og_description":"K\u00fcnstliche Intelligenz ver\u00e4ndert alles: warum \u201eLeistungsbereitschaft\u201c nicht mehr im Zentrum stehen sollte.","og_url":"https:\/\/struktur.hoeberth.de\/wordpress\/2025\/07\/23\/werden-wir-die-ki-revolution-verschlafen\/","og_site_name":"H\u00f6berths-Blog","article_publisher":"https:\/\/www.facebook.com\/hoeberth","article_author":"https:\/\/www.facebook.com\/hoeberth","article_published_time":"2025-07-23T08:15:52+00:00","article_modified_time":"2025-07-23T08:15:54+00:00","og_image":[{"width":1200,"height":675,"url":"https:\/\/struktur.hoeberth.de\/wordpress\/wp-content\/uploads\/2025\/07\/0094.jpg","type":"image\/jpeg"}],"author":"Gerhard H\u00f6berth","twitter_card":"summary_large_image","twitter_misc":{"Verfasst von":"Gerhard H\u00f6berth","Gesch\u00e4tzte Lesezeit":"10\u00a0Minuten"},"schema":{"@context":"https:\/\/schema.org","@graph":[{"@type":"Article","@id":"https:\/\/struktur.hoeberth.de\/wordpress\/2025\/07\/23\/werden-wir-die-ki-revolution-verschlafen\/#article","isPartOf":{"@id":"https:\/\/struktur.hoeberth.de\/wordpress\/2025\/07\/23\/werden-wir-die-ki-revolution-verschlafen\/"},"author":{"name":"Gerhard H\u00f6berth","@id":"https:\/\/struktur.hoeberth.de\/wordpress\/#\/schema\/person\/ed17aa92ca1b7faac8d00dd400eed154"},"headline":"Werden wir die KI-Revolution verschlafen?","datePublished":"2025-07-23T08:15:52+00:00","dateModified":"2025-07-23T08:15:54+00:00","mainEntityOfPage":{"@id":"https:\/\/struktur.hoeberth.de\/wordpress\/2025\/07\/23\/werden-wir-die-ki-revolution-verschlafen\/"},"wordCount":1791,"commentCount":2,"publisher":{"@id":"https:\/\/struktur.hoeberth.de\/wordpress\/#\/schema\/person\/ed17aa92ca1b7faac8d00dd400eed154"},"image":{"@id":"https:\/\/struktur.hoeberth.de\/wordpress\/2025\/07\/23\/werden-wir-die-ki-revolution-verschlafen\/#primaryimage"},"thumbnailUrl":"https:\/\/struktur.hoeberth.de\/wordpress\/wp-content\/uploads\/2025\/07\/0094.jpg","inLanguage":"de","potentialAction":[{"@type":"CommentAction","name":"Comment","target":["https:\/\/struktur.hoeberth.de\/wordpress\/2025\/07\/23\/werden-wir-die-ki-revolution-verschlafen\/#respond"]}]},{"@type":"WebPage","@id":"https:\/\/struktur.hoeberth.de\/wordpress\/2025\/07\/23\/werden-wir-die-ki-revolution-verschlafen\/","url":"https:\/\/struktur.hoeberth.de\/wordpress\/2025\/07\/23\/werden-wir-die-ki-revolution-verschlafen\/","name":"Werden wir die KI-Revolution verschlafen? - H\u00f6berths-Blog","isPartOf":{"@id":"https:\/\/struktur.hoeberth.de\/wordpress\/#website"},"primaryImageOfPage":{"@id":"https:\/\/struktur.hoeberth.de\/wordpress\/2025\/07\/23\/werden-wir-die-ki-revolution-verschlafen\/#primaryimage"},"image":{"@id":"https:\/\/struktur.hoeberth.de\/wordpress\/2025\/07\/23\/werden-wir-die-ki-revolution-verschlafen\/#primaryimage"},"thumbnailUrl":"https:\/\/struktur.hoeberth.de\/wordpress\/wp-content\/uploads\/2025\/07\/0094.jpg","datePublished":"2025-07-23T08:15:52+00:00","dateModified":"2025-07-23T08:15:54+00:00","description":"K\u00fcnstliche Intelligenz ver\u00e4ndert alles: warum \u201eLeistungsbereitschaft\u201c nicht mehr im Zentrum stehen sollte.","breadcrumb":{"@id":"https:\/\/struktur.hoeberth.de\/wordpress\/2025\/07\/23\/werden-wir-die-ki-revolution-verschlafen\/#breadcrumb"},"inLanguage":"de","potentialAction":[{"@type":"ReadAction","target":["https:\/\/struktur.hoeberth.de\/wordpress\/2025\/07\/23\/werden-wir-die-ki-revolution-verschlafen\/"]}]},{"@type":"ImageObject","inLanguage":"de","@id":"https:\/\/struktur.hoeberth.de\/wordpress\/2025\/07\/23\/werden-wir-die-ki-revolution-verschlafen\/#primaryimage","url":"https:\/\/struktur.hoeberth.de\/wordpress\/wp-content\/uploads\/2025\/07\/0094.jpg","contentUrl":"https:\/\/struktur.hoeberth.de\/wordpress\/wp-content\/uploads\/2025\/07\/0094.jpg","width":1200,"height":675},{"@type":"BreadcrumbList","@id":"https:\/\/struktur.hoeberth.de\/wordpress\/2025\/07\/23\/werden-wir-die-ki-revolution-verschlafen\/#breadcrumb","itemListElement":[{"@type":"ListItem","position":1,"name":"Startseite","item":"https:\/\/struktur.hoeberth.de\/wordpress\/"},{"@type":"ListItem","position":2,"name":"Werden wir die KI-Revolution verschlafen?"}]},{"@type":"WebSite","@id":"https:\/\/struktur.hoeberth.de\/wordpress\/#website","url":"https:\/\/struktur.hoeberth.de\/wordpress\/","name":"Philosophie-Blog von Gerhard H\u00f6berth","description":"Gedanken aus der Perspektive des Evolution\u00e4ren Idealismus","publisher":{"@id":"https:\/\/struktur.hoeberth.de\/wordpress\/#\/schema\/person\/ed17aa92ca1b7faac8d00dd400eed154"},"potentialAction":[{"@type":"SearchAction","target":{"@type":"EntryPoint","urlTemplate":"https:\/\/struktur.hoeberth.de\/wordpress\/?s={search_term_string}"},"query-input":{"@type":"PropertyValueSpecification","valueRequired":true,"valueName":"search_term_string"}}],"inLanguage":"de"},{"@type":["Person","Organization"],"@id":"https:\/\/struktur.hoeberth.de\/wordpress\/#\/schema\/person\/ed17aa92ca1b7faac8d00dd400eed154","name":"Gerhard H\u00f6berth","image":{"@type":"ImageObject","inLanguage":"de","@id":"https:\/\/struktur.hoeberth.de\/wordpress\/wp-content\/uploads\/2024\/11\/Gerhard.jpg","url":"https:\/\/struktur.hoeberth.de\/wordpress\/wp-content\/uploads\/2024\/11\/Gerhard.jpg","contentUrl":"https:\/\/struktur.hoeberth.de\/wordpress\/wp-content\/uploads\/2024\/11\/Gerhard.jpg","width":600,"height":800,"caption":"Gerhard H\u00f6berth"},"logo":{"@id":"https:\/\/struktur.hoeberth.de\/wordpress\/wp-content\/uploads\/2024\/11\/Gerhard.jpg"},"sameAs":["http:\/\/struktur.hoeberth.de\/wordpress","https:\/\/www.facebook.com\/hoeberth","https:\/\/www.youtube.com\/channel\/UCPMEKSbmuN5IFRXHdhPFniw"],"url":"https:\/\/struktur.hoeberth.de\/wordpress\/author\/web925\/"}]}},"wp-worthy-pixel":{"ignored":false,"public":"8dce88e75aef4b0984fa6cd9948f1107","server":"vg07.met.vgwort.de","url":"https:\/\/vg07.met.vgwort.de\/na\/8dce88e75aef4b0984fa6cd9948f1107"},"wp-worthy-type":"normal","_links":{"self":[{"href":"https:\/\/struktur.hoeberth.de\/wordpress\/wp-json\/wp\/v2\/posts\/525","targetHints":{"allow":["GET"]}}],"collection":[{"href":"https:\/\/struktur.hoeberth.de\/wordpress\/wp-json\/wp\/v2\/posts"}],"about":[{"href":"https:\/\/struktur.hoeberth.de\/wordpress\/wp-json\/wp\/v2\/types\/post"}],"author":[{"embeddable":true,"href":"https:\/\/struktur.hoeberth.de\/wordpress\/wp-json\/wp\/v2\/users\/1"}],"replies":[{"embeddable":true,"href":"https:\/\/struktur.hoeberth.de\/wordpress\/wp-json\/wp\/v2\/comments?post=525"}],"version-history":[{"count":2,"href":"https:\/\/struktur.hoeberth.de\/wordpress\/wp-json\/wp\/v2\/posts\/525\/revisions"}],"predecessor-version":[{"id":528,"href":"https:\/\/struktur.hoeberth.de\/wordpress\/wp-json\/wp\/v2\/posts\/525\/revisions\/528"}],"wp:featuredmedia":[{"embeddable":true,"href":"https:\/\/struktur.hoeberth.de\/wordpress\/wp-json\/wp\/v2\/media\/526"}],"wp:attachment":[{"href":"https:\/\/struktur.hoeberth.de\/wordpress\/wp-json\/wp\/v2\/media?parent=525"}],"wp:term":[{"taxonomy":"category","embeddable":true,"href":"https:\/\/struktur.hoeberth.de\/wordpress\/wp-json\/wp\/v2\/categories?post=525"},{"taxonomy":"post_tag","embeddable":true,"href":"https:\/\/struktur.hoeberth.de\/wordpress\/wp-json\/wp\/v2\/tags?post=525"}],"curies":[{"name":"wp","href":"https:\/\/api.w.org\/{rel}","templated":true}]}}