{"id":529,"date":"2025-07-25T13:32:49","date_gmt":"2025-07-25T11:32:49","guid":{"rendered":"https:\/\/struktur.hoeberth.de\/wordpress\/?p=529"},"modified":"2025-07-25T13:32:51","modified_gmt":"2025-07-25T11:32:51","slug":"am-anfang-war-die-botschaft","status":"publish","type":"post","link":"https:\/\/struktur.hoeberth.de\/wordpress\/2025\/07\/25\/am-anfang-war-die-botschaft\/","title":{"rendered":"Am Anfang war die Botschaft"},"content":{"rendered":"\n<p><em>Wie Kommunikation den Kosmos hervorbringt<\/em><\/p>\n\n\n\n<p>Stellen Sie sich vor, Sie h\u00f6ren jemandem zu, der sagt:<br>\u201eDieser Satz ist falsch.\u201c<br>Was tun Sie mit dieser Information? Sie versuchen sie zu verstehen \u2013 und geraten ins Schleudern. Wenn der Satz falsch ist, dann ist er wahr. Und wenn er wahr ist, dann ist er falsch. Willkommen im Land der Paradoxien.<\/p>\n\n\n\n<p>Was zun\u00e4chst wie ein sprachlicher Scherz wirkt, ber\u00fchrt in Wahrheit den Kern einer tiefen Einsicht: <strong>Paradoxien entstehen, wenn sich ein System auf sich selbst bezieht und zugleich seine eigene Aussagekraft verneint.<\/strong> Und solche Paradoxien sind nicht blo\u00df kuriose Denksportaufgaben \u2013 sie sind die <strong>Geburtswehen der Wirklichkeit<\/strong> selbst.<\/p>\n\n\n\n<h3 class=\"wp-block-heading has-large-font-size\" id=\"h-drei-elemente-fur-bedeutung\">Drei Elemente f\u00fcr Bedeutung<\/h3>\n\n\n\n<p>Kommunikation ist ein fundamentaler Prozess, der nicht nur zwischen Menschen geschieht. Sie ist strukturell viel \u00e4lter als Sprache und Kultur. Um \u00fcberhaupt von Kommunikation zu sprechen, braucht es drei Dinge:<\/p>\n\n\n\n<ol class=\"wp-block-list\">\n<li><strong>Eine Botschaft<\/strong> \u2013 also Information oder Bedeutung,<\/li>\n\n\n\n<li><strong>einen Botschafter<\/strong> \u2013 also einen Tr\u00e4ger dieser Information,<\/li>\n\n\n\n<li><strong>einen Empf\u00e4nger<\/strong> \u2013 der die Botschaft liest, interpretiert oder verarbeitet.<\/li>\n<\/ol>\n\n\n\n<p>Soweit so einfach. Doch was passiert, wenn Botschafter, Botschaft und Empf\u00e4nger <strong>eins sind<\/strong> \u2013 wenn ein System sich selbst eine Botschaft sendet, sich selbst interpretiert und zugleich hinterfragt? Dann entsteht eine Schleife. Und in dieser Schleife, so werden wir sehen, liegt das Geheimnis von Leben, Bewusstsein \u2013 ja vielleicht des Kosmos selbst.<\/p>\n\n\n\n<h3 class=\"wp-block-heading has-large-font-size\" id=\"h-von-paradoxien-zu-mustern\">Von Paradoxien zu Mustern<\/h3>\n\n\n\n<p>Viele ber\u00fchmte Paradoxien basieren auf diesem Prinzip.<\/p>\n\n\n\n<ul class=\"wp-block-list\">\n<li>Der Kreter, der sagt: \u201eAlle Kreter sind L\u00fcgner.\u201c<\/li>\n\n\n\n<li>Der Barbier, der nur jene rasiert, die sich nicht selbst rasieren.<\/li>\n\n\n\n<li>Oder G\u00f6dels Satz, der sagt: \u201eDiese Aussage ist in diesem System nicht beweisbar.\u201c<\/li>\n<\/ul>\n\n\n\n<p>In all diesen F\u00e4llen steht eine Aussage, ein System, ein Gedanke pl\u00f6tzlich <strong>im Spiegel<\/strong> \u2013 und beginnt sich selbst zu beobachten. Doch mit der Beobachtung kommt die Unsicherheit. Wahrheit und Falschheit, Tun und Lassen, Beweisbarkeit und Unerreichbarkeit verstricken sich in einer Schleife.<\/p>\n\n\n\n<p>Doch genau darin liegt der entscheidende Punkt: Paradoxien sind <strong>nicht destruktiv<\/strong>, sie sind <strong>kreativ<\/strong>. Sie \u00f6ffnen den Raum f\u00fcr neue Ordnungen, neue Ebenen, neue Perspektiven. Sie zwingen das System, sich weiterzuentwickeln \u2013 oder sogar sich selbst zu transzendieren.<\/p>\n\n\n\n<h3 class=\"wp-block-heading has-large-font-size\" id=\"h-leben-als-sich-selbst-lesende-botschaft\">Leben als sich selbst lesende Botschaft<\/h3>\n\n\n\n<p>Was hat das mit Biologie zu tun? Eine Menge.<\/p>\n\n\n\n<p>Die DNA \u2013 jener legend\u00e4re Doppelstrang des Lebens \u2013 ist viel mehr als nur ein Molek\u00fcl. Sie ist ein Text, ein Code, ein Informationsspeicher. Sie enth\u00e4lt Anweisungen zum Bau von Proteinen, zum Ablauf des Stoffwechsels, zur Regulation des Organismus. Und \u2013 das ist der springende Punkt \u2013 sie <strong>kodiert die Maschinen, die sie selbst ablesen und kopieren<\/strong>.<\/p>\n\n\n\n<p>Der genetische Code ist also kein externer Befehl, sondern ein <strong>System, das sich selbst erh\u00e4lt, reproduziert und interpretiert<\/strong>. Mit anderen Worten: <strong>Die DNA ist eine Botschaft, die sich selbst liest.<\/strong> Sie ist Botschafter, Botschaft und Empf\u00e4nger in einem. Eine Schleife.<\/p>\n\n\n\n<p>Und diese Schleife ist nicht stabil, sie ist dynamisch. Mutationen, Fehlerkorrekturen, R\u00fcckkopplungen, epigenetische Schalter \u2013 all das sind Momente, in denen das System mit sich selbst in Dialog tritt, sich neu interpretiert, widerspricht und wieder vers\u00f6hnt. <strong>Leben entsteht nicht trotz, sondern wegen dieser paradoxen Dynamik.<\/strong><\/p>\n\n\n\n<h3 class=\"wp-block-heading has-large-font-size\" id=\"h-kommunikation-als-ursprung-des-kosmos\">Kommunikation als Ursprung des Kosmos?<\/h3>\n\n\n\n<p>Gehen wir noch einen Schritt weiter.<\/p>\n\n\n\n<p>Auch in der Quantenphysik, der vielleicht r\u00e4tselhaftesten Wissenschaft unserer Zeit, begegnen wir einer Art kommunikativer Struktur. Ein Quantenobjekt scheint erst dann \u201ewirklich\u201c zu sein, wenn es gemessen wird \u2013 also wenn eine Art Informationsaustausch stattfindet. Bis dahin schwebt es in einer unbestimmten \u00dcberlagerung aller M\u00f6glichkeiten. Wobei jede Interaktion des Kosmos mit dem Quantenobjekt als &#8222;Messung&#8220; gelten kann.<\/p>\n\n\n\n<p>Auch hier also: Bedeutung entsteht nicht allein aus dem Ding an sich, sondern aus <strong>dem Akt der Interpretation, des Bezugs, der Kommunikation<\/strong>. Die Realit\u00e4t selbst wird zu einem <strong>interaktiven, dialogischen Prozess<\/strong>, bei dem Information, Kontext und Beobachtung eine untrennbare Einheit bilden. Es gibt kein &#8222;ich&#8220; ohne ein &#8222;du&#8220;. Alles existierende ist eine Kommunikation zwischen den Dingen und zwischen Innen und Au\u00dfen.<\/p>\n\n\n\n<p>Man k\u00f6nnte sagen: <strong>Der Kosmos ist nicht einfach \u201eda\u201c. Er spricht \u2013 und wird erst dadurch, dass er sich ausdr\u00fcckt.<\/strong><\/p>\n\n\n\n<h3 class=\"wp-block-heading has-large-font-size\" id=\"h-bewusstsein-als-hochste-schleife\">Bewusstsein als h\u00f6chste Schleife<\/h3>\n\n\n\n<p>Und was ist mit uns?<\/p>\n\n\n\n<p>Bewusstsein ist vielleicht die komplexeste Form von Kommunikation: <strong>ein System, das sich selbst beobachtet, \u00fcber sich nachdenkt, sich in Frage stellt \u2013 und sich dadurch als \u201eIch\u201c erlebt<\/strong>. Unser Denken, unsere Identit\u00e4t, unsere Tr\u00e4ume: Alles das ist in Schleifen strukturiert. Wir erz\u00e4hlen uns Geschichten \u00fcber uns selbst, interpretieren unsere eigenen Gedanken, zweifeln an unseren Zweifeln.<\/p>\n\n\n\n<p>Was als Paradox begann \u2013 ein System, das sich selbst erkennt \u2013 wird zur Grundlage von Freiheit, Kreativit\u00e4t und Sinn.<\/p>\n\n\n\n<h3 class=\"wp-block-heading has-large-font-size\" id=\"h-fazit-das-universum-als-gesprach\">Fazit: Das Universum als Gespr\u00e4ch<\/h3>\n\n\n\n<p>Was also, wenn das Universum nicht aus Materie entstand, sondern aus <strong>Bedeutung<\/strong>?<br>Was, wenn die erste Bewegung des Seins kein Knall, sondern ein <strong>Selbstgespr\u00e4ch<\/strong> war \u2013 eine paradoxe Mitteilung, die sich selbst erzeugte, verneinte und dabei in Formen und Kr\u00e4fte zerfiel?<\/p>\n\n\n\n<p><strong>Nicht Materie bildet den Ursprung von Bedeutung, sondern Bedeutung \u2013 emergierend aus paradoxen Selbstreferenzen \u2013 erschafft erst die Illusion von Materie, Identit\u00e4t und Leben.<\/strong><br>Leben ist der Ausdruck einer sich selbst lesenden Botschaft, Bewusstsein die Emergenz eines Systems, das nicht nur kommuniziert, sondern die Kommunikation <strong>als Sein<\/strong> erlebt.<\/p>\n\n\n\n<p>Dann w\u00e4re das Leben kein Zufall, sondern ein Echo dieses urspr\u00fcnglichen Paradoxons. Und wir, als bewusste Wesen, w\u00e4ren nichts anderes als <strong>Antworten auf eine Frage, die sich das Universum selbst stellt<\/strong>.<\/p>\n\n\n\n<p>Vielleicht ist also der tiefste Ursprung allen Seins nicht ein Ding, nicht ein Gesetz, nicht einmal ein Gott \u2013 sondern ein <strong>Dialog<\/strong>.<br>Ein Gespr\u00e4ch, das noch immer weitergeht.<br>Und dessen Fortsetzung wir sind.<\/p>\n","protected":false},"excerpt":{"rendered":"<p>Wie Kommunikation den Kosmos hervorbringt Stellen Sie sich vor, Sie h\u00f6ren jemandem zu, der sagt:\u201eDieser Satz ist falsch.\u201cWas tun Sie mit dieser Information? Sie versuchen sie zu verstehen \u2013 und geraten ins Schleudern. Wenn der Satz falsch ist, dann ist er wahr. Und wenn er wahr ist, dann ist er falsch. Willkommen im Land der [&hellip;]<\/p>\n","protected":false},"author":1,"featured_media":531,"comment_status":"open","ping_status":"open","sticky":false,"template":"","format":"standard","meta":{"footnotes":""},"categories":[1],"tags":[],"class_list":["post-529","post","type-post","status-publish","format-standard","has-post-thumbnail","hentry","category-allgemein"],"yoast_head":"<!-- This site is optimized with the Yoast SEO Premium plugin v27.2 (Yoast SEO v27.4) - https:\/\/yoast.com\/product\/yoast-seo-premium-wordpress\/ -->\n<title>Am Anfang war die Botschaft - H\u00f6berths-Blog<\/title>\n<meta name=\"description\" content=\"Verstehen Sie die fundamentale Rolle von Kommunikation und wie sie den Kosmos schafft, mit einem Blick auf Paradoxien.\" \/>\n<meta name=\"robots\" content=\"index, follow, max-snippet:-1, max-image-preview:large, max-video-preview:-1\" \/>\n<link rel=\"canonical\" href=\"https:\/\/struktur.hoeberth.de\/wordpress\/2025\/07\/25\/am-anfang-war-die-botschaft\/\" \/>\n<meta property=\"og:locale\" content=\"de_DE\" \/>\n<meta property=\"og:type\" content=\"article\" \/>\n<meta property=\"og:title\" content=\"Am Anfang war die Botschaft\" \/>\n<meta property=\"og:description\" content=\"Verstehen Sie die fundamentale Rolle von Kommunikation und wie sie den Kosmos schafft, mit einem Blick auf Paradoxien.\" \/>\n<meta property=\"og:url\" content=\"https:\/\/struktur.hoeberth.de\/wordpress\/2025\/07\/25\/am-anfang-war-die-botschaft\/\" \/>\n<meta property=\"og:site_name\" content=\"H\u00f6berths-Blog\" \/>\n<meta property=\"article:publisher\" content=\"https:\/\/www.facebook.com\/hoeberth\" \/>\n<meta property=\"article:author\" content=\"https:\/\/www.facebook.com\/hoeberth\" \/>\n<meta property=\"article:published_time\" content=\"2025-07-25T11:32:49+00:00\" \/>\n<meta property=\"article:modified_time\" content=\"2025-07-25T11:32:51+00:00\" \/>\n<meta property=\"og:image\" content=\"https:\/\/struktur.hoeberth.de\/wordpress\/wp-content\/uploads\/2025\/07\/0095.jpg\" \/>\n\t<meta property=\"og:image:width\" content=\"1337\" \/>\n\t<meta property=\"og:image:height\" content=\"742\" \/>\n\t<meta property=\"og:image:type\" content=\"image\/jpeg\" \/>\n<meta name=\"author\" content=\"Gerhard H\u00f6berth\" \/>\n<meta name=\"twitter:card\" content=\"summary_large_image\" \/>\n<meta name=\"twitter:label1\" content=\"Verfasst von\" \/>\n\t<meta name=\"twitter:data1\" content=\"Gerhard H\u00f6berth\" \/>\n\t<meta name=\"twitter:label2\" content=\"Gesch\u00e4tzte Lesezeit\" \/>\n\t<meta name=\"twitter:data2\" content=\"6\u00a0Minuten\" \/>\n<script type=\"application\/ld+json\" class=\"yoast-schema-graph\">{\"@context\":\"https:\\\/\\\/schema.org\",\"@graph\":[{\"@type\":\"Article\",\"@id\":\"https:\\\/\\\/struktur.hoeberth.de\\\/wordpress\\\/2025\\\/07\\\/25\\\/am-anfang-war-die-botschaft\\\/#article\",\"isPartOf\":{\"@id\":\"https:\\\/\\\/struktur.hoeberth.de\\\/wordpress\\\/2025\\\/07\\\/25\\\/am-anfang-war-die-botschaft\\\/\"},\"author\":{\"name\":\"Gerhard H\u00f6berth\",\"@id\":\"https:\\\/\\\/struktur.hoeberth.de\\\/wordpress\\\/#\\\/schema\\\/person\\\/ed17aa92ca1b7faac8d00dd400eed154\"},\"headline\":\"Am Anfang war die Botschaft\",\"datePublished\":\"2025-07-25T11:32:49+00:00\",\"dateModified\":\"2025-07-25T11:32:51+00:00\",\"mainEntityOfPage\":{\"@id\":\"https:\\\/\\\/struktur.hoeberth.de\\\/wordpress\\\/2025\\\/07\\\/25\\\/am-anfang-war-die-botschaft\\\/\"},\"wordCount\":908,\"commentCount\":2,\"publisher\":{\"@id\":\"https:\\\/\\\/struktur.hoeberth.de\\\/wordpress\\\/#\\\/schema\\\/person\\\/ed17aa92ca1b7faac8d00dd400eed154\"},\"image\":{\"@id\":\"https:\\\/\\\/struktur.hoeberth.de\\\/wordpress\\\/2025\\\/07\\\/25\\\/am-anfang-war-die-botschaft\\\/#primaryimage\"},\"thumbnailUrl\":\"https:\\\/\\\/struktur.hoeberth.de\\\/wordpress\\\/wp-content\\\/uploads\\\/2025\\\/07\\\/0095.jpg\",\"inLanguage\":\"de\",\"potentialAction\":[{\"@type\":\"CommentAction\",\"name\":\"Comment\",\"target\":[\"https:\\\/\\\/struktur.hoeberth.de\\\/wordpress\\\/2025\\\/07\\\/25\\\/am-anfang-war-die-botschaft\\\/#respond\"]}]},{\"@type\":\"WebPage\",\"@id\":\"https:\\\/\\\/struktur.hoeberth.de\\\/wordpress\\\/2025\\\/07\\\/25\\\/am-anfang-war-die-botschaft\\\/\",\"url\":\"https:\\\/\\\/struktur.hoeberth.de\\\/wordpress\\\/2025\\\/07\\\/25\\\/am-anfang-war-die-botschaft\\\/\",\"name\":\"Am Anfang war die Botschaft - H\u00f6berths-Blog\",\"isPartOf\":{\"@id\":\"https:\\\/\\\/struktur.hoeberth.de\\\/wordpress\\\/#website\"},\"primaryImageOfPage\":{\"@id\":\"https:\\\/\\\/struktur.hoeberth.de\\\/wordpress\\\/2025\\\/07\\\/25\\\/am-anfang-war-die-botschaft\\\/#primaryimage\"},\"image\":{\"@id\":\"https:\\\/\\\/struktur.hoeberth.de\\\/wordpress\\\/2025\\\/07\\\/25\\\/am-anfang-war-die-botschaft\\\/#primaryimage\"},\"thumbnailUrl\":\"https:\\\/\\\/struktur.hoeberth.de\\\/wordpress\\\/wp-content\\\/uploads\\\/2025\\\/07\\\/0095.jpg\",\"datePublished\":\"2025-07-25T11:32:49+00:00\",\"dateModified\":\"2025-07-25T11:32:51+00:00\",\"description\":\"Verstehen Sie die fundamentale Rolle von Kommunikation und wie sie den Kosmos schafft, mit einem Blick auf Paradoxien.\",\"breadcrumb\":{\"@id\":\"https:\\\/\\\/struktur.hoeberth.de\\\/wordpress\\\/2025\\\/07\\\/25\\\/am-anfang-war-die-botschaft\\\/#breadcrumb\"},\"inLanguage\":\"de\",\"potentialAction\":[{\"@type\":\"ReadAction\",\"target\":[\"https:\\\/\\\/struktur.hoeberth.de\\\/wordpress\\\/2025\\\/07\\\/25\\\/am-anfang-war-die-botschaft\\\/\"]}]},{\"@type\":\"ImageObject\",\"inLanguage\":\"de\",\"@id\":\"https:\\\/\\\/struktur.hoeberth.de\\\/wordpress\\\/2025\\\/07\\\/25\\\/am-anfang-war-die-botschaft\\\/#primaryimage\",\"url\":\"https:\\\/\\\/struktur.hoeberth.de\\\/wordpress\\\/wp-content\\\/uploads\\\/2025\\\/07\\\/0095.jpg\",\"contentUrl\":\"https:\\\/\\\/struktur.hoeberth.de\\\/wordpress\\\/wp-content\\\/uploads\\\/2025\\\/07\\\/0095.jpg\",\"width\":1337,\"height\":742},{\"@type\":\"BreadcrumbList\",\"@id\":\"https:\\\/\\\/struktur.hoeberth.de\\\/wordpress\\\/2025\\\/07\\\/25\\\/am-anfang-war-die-botschaft\\\/#breadcrumb\",\"itemListElement\":[{\"@type\":\"ListItem\",\"position\":1,\"name\":\"Startseite\",\"item\":\"https:\\\/\\\/struktur.hoeberth.de\\\/wordpress\\\/\"},{\"@type\":\"ListItem\",\"position\":2,\"name\":\"Am Anfang war die Botschaft\"}]},{\"@type\":\"WebSite\",\"@id\":\"https:\\\/\\\/struktur.hoeberth.de\\\/wordpress\\\/#website\",\"url\":\"https:\\\/\\\/struktur.hoeberth.de\\\/wordpress\\\/\",\"name\":\"Philosophie-Blog von Gerhard H\u00f6berth\",\"description\":\"Gedanken aus der Perspektive des Evolution\u00e4ren Idealismus\",\"publisher\":{\"@id\":\"https:\\\/\\\/struktur.hoeberth.de\\\/wordpress\\\/#\\\/schema\\\/person\\\/ed17aa92ca1b7faac8d00dd400eed154\"},\"potentialAction\":[{\"@type\":\"SearchAction\",\"target\":{\"@type\":\"EntryPoint\",\"urlTemplate\":\"https:\\\/\\\/struktur.hoeberth.de\\\/wordpress\\\/?s={search_term_string}\"},\"query-input\":{\"@type\":\"PropertyValueSpecification\",\"valueRequired\":true,\"valueName\":\"search_term_string\"}}],\"inLanguage\":\"de\"},{\"@type\":[\"Person\",\"Organization\"],\"@id\":\"https:\\\/\\\/struktur.hoeberth.de\\\/wordpress\\\/#\\\/schema\\\/person\\\/ed17aa92ca1b7faac8d00dd400eed154\",\"name\":\"Gerhard H\u00f6berth\",\"image\":{\"@type\":\"ImageObject\",\"inLanguage\":\"de\",\"@id\":\"https:\\\/\\\/struktur.hoeberth.de\\\/wordpress\\\/wp-content\\\/uploads\\\/2024\\\/11\\\/Gerhard.jpg\",\"url\":\"https:\\\/\\\/struktur.hoeberth.de\\\/wordpress\\\/wp-content\\\/uploads\\\/2024\\\/11\\\/Gerhard.jpg\",\"contentUrl\":\"https:\\\/\\\/struktur.hoeberth.de\\\/wordpress\\\/wp-content\\\/uploads\\\/2024\\\/11\\\/Gerhard.jpg\",\"width\":600,\"height\":800,\"caption\":\"Gerhard H\u00f6berth\"},\"logo\":{\"@id\":\"https:\\\/\\\/struktur.hoeberth.de\\\/wordpress\\\/wp-content\\\/uploads\\\/2024\\\/11\\\/Gerhard.jpg\"},\"sameAs\":[\"http:\\\/\\\/struktur.hoeberth.de\\\/wordpress\",\"https:\\\/\\\/www.facebook.com\\\/hoeberth\",\"https:\\\/\\\/www.youtube.com\\\/channel\\\/UCPMEKSbmuN5IFRXHdhPFniw\"],\"url\":\"https:\\\/\\\/struktur.hoeberth.de\\\/wordpress\\\/author\\\/web925\\\/\"}]}<\/script>\n<!-- \/ Yoast SEO Premium plugin. -->","yoast_head_json":{"title":"Am Anfang war die Botschaft - H\u00f6berths-Blog","description":"Verstehen Sie die fundamentale Rolle von Kommunikation und wie sie den Kosmos schafft, mit einem Blick auf Paradoxien.","robots":{"index":"index","follow":"follow","max-snippet":"max-snippet:-1","max-image-preview":"max-image-preview:large","max-video-preview":"max-video-preview:-1"},"canonical":"https:\/\/struktur.hoeberth.de\/wordpress\/2025\/07\/25\/am-anfang-war-die-botschaft\/","og_locale":"de_DE","og_type":"article","og_title":"Am Anfang war die Botschaft","og_description":"Verstehen Sie die fundamentale Rolle von Kommunikation und wie sie den Kosmos schafft, mit einem Blick auf Paradoxien.","og_url":"https:\/\/struktur.hoeberth.de\/wordpress\/2025\/07\/25\/am-anfang-war-die-botschaft\/","og_site_name":"H\u00f6berths-Blog","article_publisher":"https:\/\/www.facebook.com\/hoeberth","article_author":"https:\/\/www.facebook.com\/hoeberth","article_published_time":"2025-07-25T11:32:49+00:00","article_modified_time":"2025-07-25T11:32:51+00:00","og_image":[{"width":1337,"height":742,"url":"https:\/\/struktur.hoeberth.de\/wordpress\/wp-content\/uploads\/2025\/07\/0095.jpg","type":"image\/jpeg"}],"author":"Gerhard H\u00f6berth","twitter_card":"summary_large_image","twitter_misc":{"Verfasst von":"Gerhard H\u00f6berth","Gesch\u00e4tzte Lesezeit":"6\u00a0Minuten"},"schema":{"@context":"https:\/\/schema.org","@graph":[{"@type":"Article","@id":"https:\/\/struktur.hoeberth.de\/wordpress\/2025\/07\/25\/am-anfang-war-die-botschaft\/#article","isPartOf":{"@id":"https:\/\/struktur.hoeberth.de\/wordpress\/2025\/07\/25\/am-anfang-war-die-botschaft\/"},"author":{"name":"Gerhard H\u00f6berth","@id":"https:\/\/struktur.hoeberth.de\/wordpress\/#\/schema\/person\/ed17aa92ca1b7faac8d00dd400eed154"},"headline":"Am Anfang war die Botschaft","datePublished":"2025-07-25T11:32:49+00:00","dateModified":"2025-07-25T11:32:51+00:00","mainEntityOfPage":{"@id":"https:\/\/struktur.hoeberth.de\/wordpress\/2025\/07\/25\/am-anfang-war-die-botschaft\/"},"wordCount":908,"commentCount":2,"publisher":{"@id":"https:\/\/struktur.hoeberth.de\/wordpress\/#\/schema\/person\/ed17aa92ca1b7faac8d00dd400eed154"},"image":{"@id":"https:\/\/struktur.hoeberth.de\/wordpress\/2025\/07\/25\/am-anfang-war-die-botschaft\/#primaryimage"},"thumbnailUrl":"https:\/\/struktur.hoeberth.de\/wordpress\/wp-content\/uploads\/2025\/07\/0095.jpg","inLanguage":"de","potentialAction":[{"@type":"CommentAction","name":"Comment","target":["https:\/\/struktur.hoeberth.de\/wordpress\/2025\/07\/25\/am-anfang-war-die-botschaft\/#respond"]}]},{"@type":"WebPage","@id":"https:\/\/struktur.hoeberth.de\/wordpress\/2025\/07\/25\/am-anfang-war-die-botschaft\/","url":"https:\/\/struktur.hoeberth.de\/wordpress\/2025\/07\/25\/am-anfang-war-die-botschaft\/","name":"Am Anfang war die Botschaft - H\u00f6berths-Blog","isPartOf":{"@id":"https:\/\/struktur.hoeberth.de\/wordpress\/#website"},"primaryImageOfPage":{"@id":"https:\/\/struktur.hoeberth.de\/wordpress\/2025\/07\/25\/am-anfang-war-die-botschaft\/#primaryimage"},"image":{"@id":"https:\/\/struktur.hoeberth.de\/wordpress\/2025\/07\/25\/am-anfang-war-die-botschaft\/#primaryimage"},"thumbnailUrl":"https:\/\/struktur.hoeberth.de\/wordpress\/wp-content\/uploads\/2025\/07\/0095.jpg","datePublished":"2025-07-25T11:32:49+00:00","dateModified":"2025-07-25T11:32:51+00:00","description":"Verstehen Sie die fundamentale Rolle von Kommunikation und wie sie den Kosmos schafft, mit einem Blick auf Paradoxien.","breadcrumb":{"@id":"https:\/\/struktur.hoeberth.de\/wordpress\/2025\/07\/25\/am-anfang-war-die-botschaft\/#breadcrumb"},"inLanguage":"de","potentialAction":[{"@type":"ReadAction","target":["https:\/\/struktur.hoeberth.de\/wordpress\/2025\/07\/25\/am-anfang-war-die-botschaft\/"]}]},{"@type":"ImageObject","inLanguage":"de","@id":"https:\/\/struktur.hoeberth.de\/wordpress\/2025\/07\/25\/am-anfang-war-die-botschaft\/#primaryimage","url":"https:\/\/struktur.hoeberth.de\/wordpress\/wp-content\/uploads\/2025\/07\/0095.jpg","contentUrl":"https:\/\/struktur.hoeberth.de\/wordpress\/wp-content\/uploads\/2025\/07\/0095.jpg","width":1337,"height":742},{"@type":"BreadcrumbList","@id":"https:\/\/struktur.hoeberth.de\/wordpress\/2025\/07\/25\/am-anfang-war-die-botschaft\/#breadcrumb","itemListElement":[{"@type":"ListItem","position":1,"name":"Startseite","item":"https:\/\/struktur.hoeberth.de\/wordpress\/"},{"@type":"ListItem","position":2,"name":"Am Anfang war die Botschaft"}]},{"@type":"WebSite","@id":"https:\/\/struktur.hoeberth.de\/wordpress\/#website","url":"https:\/\/struktur.hoeberth.de\/wordpress\/","name":"Philosophie-Blog von Gerhard H\u00f6berth","description":"Gedanken aus der Perspektive des Evolution\u00e4ren Idealismus","publisher":{"@id":"https:\/\/struktur.hoeberth.de\/wordpress\/#\/schema\/person\/ed17aa92ca1b7faac8d00dd400eed154"},"potentialAction":[{"@type":"SearchAction","target":{"@type":"EntryPoint","urlTemplate":"https:\/\/struktur.hoeberth.de\/wordpress\/?s={search_term_string}"},"query-input":{"@type":"PropertyValueSpecification","valueRequired":true,"valueName":"search_term_string"}}],"inLanguage":"de"},{"@type":["Person","Organization"],"@id":"https:\/\/struktur.hoeberth.de\/wordpress\/#\/schema\/person\/ed17aa92ca1b7faac8d00dd400eed154","name":"Gerhard H\u00f6berth","image":{"@type":"ImageObject","inLanguage":"de","@id":"https:\/\/struktur.hoeberth.de\/wordpress\/wp-content\/uploads\/2024\/11\/Gerhard.jpg","url":"https:\/\/struktur.hoeberth.de\/wordpress\/wp-content\/uploads\/2024\/11\/Gerhard.jpg","contentUrl":"https:\/\/struktur.hoeberth.de\/wordpress\/wp-content\/uploads\/2024\/11\/Gerhard.jpg","width":600,"height":800,"caption":"Gerhard H\u00f6berth"},"logo":{"@id":"https:\/\/struktur.hoeberth.de\/wordpress\/wp-content\/uploads\/2024\/11\/Gerhard.jpg"},"sameAs":["http:\/\/struktur.hoeberth.de\/wordpress","https:\/\/www.facebook.com\/hoeberth","https:\/\/www.youtube.com\/channel\/UCPMEKSbmuN5IFRXHdhPFniw"],"url":"https:\/\/struktur.hoeberth.de\/wordpress\/author\/web925\/"}]}},"wp-worthy-pixel":{"ignored":false,"public":"990e688c0ad54a0f8a5e350a78505f88","server":"vg07.met.vgwort.de","url":"https:\/\/vg07.met.vgwort.de\/na\/990e688c0ad54a0f8a5e350a78505f88"},"wp-worthy-type":"normal","_links":{"self":[{"href":"https:\/\/struktur.hoeberth.de\/wordpress\/wp-json\/wp\/v2\/posts\/529","targetHints":{"allow":["GET"]}}],"collection":[{"href":"https:\/\/struktur.hoeberth.de\/wordpress\/wp-json\/wp\/v2\/posts"}],"about":[{"href":"https:\/\/struktur.hoeberth.de\/wordpress\/wp-json\/wp\/v2\/types\/post"}],"author":[{"embeddable":true,"href":"https:\/\/struktur.hoeberth.de\/wordpress\/wp-json\/wp\/v2\/users\/1"}],"replies":[{"embeddable":true,"href":"https:\/\/struktur.hoeberth.de\/wordpress\/wp-json\/wp\/v2\/comments?post=529"}],"version-history":[{"count":1,"href":"https:\/\/struktur.hoeberth.de\/wordpress\/wp-json\/wp\/v2\/posts\/529\/revisions"}],"predecessor-version":[{"id":530,"href":"https:\/\/struktur.hoeberth.de\/wordpress\/wp-json\/wp\/v2\/posts\/529\/revisions\/530"}],"wp:featuredmedia":[{"embeddable":true,"href":"https:\/\/struktur.hoeberth.de\/wordpress\/wp-json\/wp\/v2\/media\/531"}],"wp:attachment":[{"href":"https:\/\/struktur.hoeberth.de\/wordpress\/wp-json\/wp\/v2\/media?parent=529"}],"wp:term":[{"taxonomy":"category","embeddable":true,"href":"https:\/\/struktur.hoeberth.de\/wordpress\/wp-json\/wp\/v2\/categories?post=529"},{"taxonomy":"post_tag","embeddable":true,"href":"https:\/\/struktur.hoeberth.de\/wordpress\/wp-json\/wp\/v2\/tags?post=529"}],"curies":[{"name":"wp","href":"https:\/\/api.w.org\/{rel}","templated":true}]}}