{"id":724,"date":"2026-02-21T10:33:10","date_gmt":"2026-02-21T09:33:10","guid":{"rendered":"https:\/\/struktur.hoeberth.de\/wordpress\/?p=724"},"modified":"2026-02-21T10:33:12","modified_gmt":"2026-02-21T09:33:12","slug":"fossile-macht-gegen-physikalische-realitaet","status":"publish","type":"post","link":"https:\/\/struktur.hoeberth.de\/wordpress\/2026\/02\/21\/fossile-macht-gegen-physikalische-realitaet\/","title":{"rendered":"Fossile Macht gegen physikalische Realit\u00e4t"},"content":{"rendered":"\n<h1 class=\"wp-block-heading has-large-font-size\" id=\"h-warum-der-politische-rollback-die-klimaphysik-nicht-aufhalten-wird\"> \u2014 warum der politische Rollback die Klimaphysik nicht aufhalten wird<\/h1>\n\n\n\n<h2 class=\"wp-block-heading has-large-font-size\" id=\"h-1-ein-markt-von-planetarer-wucht\">1. Ein Markt von planetarer Wucht<\/h2>\n\n\n\n<p>Der globale \u00d6lmarkt geh\u00f6rt zu den m\u00e4chtigsten \u00f6konomischen Strukturen der modernen Welt. Mit einem Volumen von \u00fcber zwei Billionen Dollar \u00fcberragt er ganze Industriezweige. Wer diese Gr\u00f6\u00dfenordnung versteht, versteht auch den politischen Einfluss, der damit verbunden ist.<\/p>\n\n\n\n<p>M\u00e4rkte dieser Dimension sind keine neutralen Mechanismen. Sie erzeugen:<\/p>\n\n\n\n<ul class=\"wp-block-list\">\n<li>institutionelle Pfadabh\u00e4ngigkeiten<\/li>\n\n\n\n<li>geopolitische Interessen<\/li>\n\n\n\n<li>kulturelle Narrative zur Selbstrechtfertigung<\/li>\n<\/ul>\n\n\n\n<p>Je gr\u00f6\u00dfer ein System, desto gr\u00f6\u00dfer seine Tr\u00e4gheit. Genau hier beginnt das eigentliche Drama der Gegenwart.<\/p>\n\n\n\n<p>Denn w\u00e4hrend die Physik des Klimasystems sich unbeeindruckt entfaltet, operiert die fossile \u00d6konomie nach der Logik investierter Verm\u00f6genswerte \u2014 und diese verteidigen sich.<\/p>\n\n\n\n<hr class=\"wp-block-separator has-alpha-channel-opacity\"\/>\n\n\n\n<h2 class=\"wp-block-heading has-large-font-size\" id=\"h-2-die-unbequeme-botschaft-der-klimaphysik\">2. Die unbequeme Botschaft der Klimaphysik<\/h2>\n\n\n\n<p>Die Klimawissenschaft hat in den letzten Jahrzehnten ein relativ robustes Bild geliefert:<\/p>\n\n\n\n<ul class=\"wp-block-list\">\n<li>Treibhausgase erh\u00f6hen die Strahlungsbilanz der Erde<\/li>\n\n\n\n<li>fossile Verbrennung ist der dominante anthropogene Treiber<\/li>\n\n\n\n<li>langfristige Stabilit\u00e4t erfordert Dekarbonisierung<\/li>\n<\/ul>\n\n\n\n<p>Diese Aussagen sind keine politische Meinung, sondern folgen aus Atmosph\u00e4renphysik, Spektroskopie und Energiebilanz.<\/p>\n\n\n\n<p>Und hier entsteht die strukturelle Spannung:<\/p>\n\n\n\n<blockquote class=\"wp-block-quote is-layout-flow wp-block-quote-is-layout-flow\">\n<p>Die Physik verlangt Transformation \u2014<br>die Kapitalstruktur verlangt Kontinuit\u00e4t.<\/p>\n<\/blockquote>\n\n\n\n<p>Das ist der Kernkonflikt unserer Epoche.<\/p>\n\n\n\n<hr class=\"wp-block-separator has-alpha-channel-opacity\"\/>\n\n\n\n<h2 class=\"wp-block-heading has-large-font-size\" id=\"h-3-systemische-tragheit-statt-verschworung\">3. Systemische Tr\u00e4gheit statt Verschw\u00f6rung<\/h2>\n\n\n\n<p>Es ist wichtig, analytisch sauber zu bleiben: Die Dynamik l\u00e4sst sich besser als <strong>Systemeffekt<\/strong> verstehen denn als monolithische Verschw\u00f6rung.<\/p>\n\n\n\n<p>Gro\u00dfe fossile Infrastrukturen bedeuten:<\/p>\n\n\n\n<ul class=\"wp-block-list\">\n<li>Billionen an gebundenem Kapital<\/li>\n\n\n\n<li>Millionen Arbeitspl\u00e4tze<\/li>\n\n\n\n<li>staatliche Einnahmestr\u00f6me<\/li>\n\n\n\n<li>geopolitische Machtprojektion<\/li>\n<\/ul>\n\n\n\n<p>Wenn eine Technologieplattform dieser Gr\u00f6\u00dfenordnung unter Transformationsdruck ger\u00e4t, reagiert das System erwartbar:<\/p>\n\n\n\n<ul class=\"wp-block-list\">\n<li>Verz\u00f6gerung<\/li>\n\n\n\n<li>Relativierung von Risiken<\/li>\n\n\n\n<li>Betonung von Unsicherheiten<\/li>\n\n\n\n<li>politisches Framing von Regulierung als Freiheitsverlust<\/li>\n<\/ul>\n\n\n\n<p>Das ist kein moralisches Urteil \u2014 es ist klassische Systemdynamik.<\/p>\n\n\n\n<hr class=\"wp-block-separator has-alpha-channel-opacity\"\/>\n\n\n\n<h2 class=\"wp-block-heading has-large-font-size\" id=\"h-4-die-kulturelle-polarisierung-als-nebenprodukt\">4. Die kulturelle Polarisierung als Nebenprodukt<\/h2>\n\n\n\n<p>Interessant ist nun, dass die Energietransformation nicht im luftleeren Raum stattfindet. Sie koppelt sich an kulturelle und weltanschauliche Konfliktlinien.<\/p>\n\n\n\n<p>Was auf den ersten Blick wie eine rein technische Frage wirkt \u2014 Energiequellen ersetzen, Netze umbauen, Speicher entwickeln \u2014 greift in Wirklichkeit tief in bestehende Macht\u2011 und Sinnordnungen ein. Energie ist nie nur Physik. Sie ist immer auch Geopolitik, Sozialstruktur und kulturelle Selbstbeschreibung einer Epoche.<\/p>\n\n\n\n<p>Zukunftsorientierte Milieus verbinden daher h\u00e4ufig mehrere Positionen, die aus systemischer Sicht miteinander korrelieren:<\/p>\n\n\n\n<ul class=\"wp-block-list\">\n<li>Unterst\u00fctzung erneuerbarer Energien<\/li>\n\n\n\n<li>wissenschaftsbasierte Politik<\/li>\n\n\n\n<li>gesellschaftliche Liberalisierung<\/li>\n\n\n\n<li>Skepsis gegen\u00fcber traditionellen Hierarchien<\/li>\n<\/ul>\n\n\n\n<p>Diese B\u00fcndelung ist kein Zufall. Wer auf Dekarbonisierung setzt, akzeptiert implizit die Autorit\u00e4t naturwissenschaftlicher Evidenz und bef\u00fcrwortet meist auch adaptive, offene Gesellschaftsmodelle, die mit beschleunigtem Wandel umgehen k\u00f6nnen. Hinter dieser Haltung steht eine tiefere kulturelle Verschiebung: Die Bereitschaft, politische und wirtschaftliche Entscheidungen st\u00e4rker an empirischen R\u00fcckkopplungen auszurichten statt an tradierten Gewissheiten. Genau diese Verschiebung wirkt f\u00fcr viele etablierte Akteursgruppen irritierend oder bedrohlich. Denn wo Evidenzorientierung zur Leitnorm wird, verlieren starre Hierarchien, identit\u00e4tsstiftende Gewissheiten und fossil gewachsene Machtpositionen einen Teil ihrer Selbstverst\u00e4ndlichkeit. Die Unterst\u00fctzung f\u00fcr erneuerbare Energien ist deshalb oft nicht isoliert zu verstehen, sondern eingebettet in ein breiteres Modernisierungsmuster, das auf Anpassungsf\u00e4higkeit, wissenschaftliche Selbstkorrektur und institutionelle Lernf\u00e4higkeit setzt \u2014 Eigenschaften, die in Phasen beschleunigten Strukturwandels systemisch im Vorteil sind, politisch jedoch zugleich besonders starke Gegenreaktionen hervorrufen k\u00f6nnen.<\/p>\n\n\n\n<p>Demgegen\u00fcber formieren sich Gegenmilieus, die Transformation als Bedrohung erleben \u2014 \u00f6konomisch, kulturell oder identit\u00e4r. F\u00fcr viele Akteure bedeutet die Energiewende nicht Fortschritt, sondern Kontrollverlust:<\/p>\n\n\n\n<ul class=\"wp-block-list\">\n<li>Verlust industrieller Kernidentit\u00e4ten<\/li>\n\n\n\n<li>Abwertung traditioneller Erwerbsbiografien<\/li>\n\n\n\n<li>Beschleunigung kultureller Liberalisierung<\/li>\n\n\n\n<li>wachsende Komplexit\u00e4t staatlicher Steuerung<\/li>\n<\/ul>\n\n\n\n<p>In solchen Situationen reagieren Gesellschaften historisch oft mit Gegenmobilisierung. Narrative der Stabilit\u00e4t, Ordnung und R\u00fcckkehr zu vermeintlich bew\u00e4hrten Hierarchien gewinnen an Attraktivit\u00e4t. Psychologisch ist das gut erkl\u00e4rbar: Wenn komplexe Systeme unter Stress geraten, steigt die Sehnsucht nach Vereinfachung, klaren Verantwortlichkeiten und eindeutig markierten Zugeh\u00f6rigkeiten. Politische Akteure, die einfache Ordnungsvorstellungen anbieten, erhalten in solchen Phasen strukturellen R\u00fcckenwind \u2014 selbst dann, wenn ihre Programme die zugrunde liegenden \u00f6konomischen oder \u00f6kologischen Probleme nicht tats\u00e4chlich l\u00f6sen. So entsteht ein Resonanzraum, in dem autorit\u00e4r\u2011hierarchische Angebote kulturell plausibler wirken, je st\u00e4rker die objektive Transformationsdynamik im Hintergrund an Fahrt aufnimmt.<\/p>\n\n\n\n<p>Dies verusacht eine gef\u00e4hrliche \u00dcberlagerung:<\/p>\n\n\n\n<blockquote class=\"wp-block-quote is-layout-flow wp-block-quote-is-layout-flow\">\n<p>Eine technisch\u2011energetische Frage wird zur kulturellen Identit\u00e4tsfrage.<\/p>\n<\/blockquote>\n\n\n\n<p>Sobald dieser Punkt erreicht ist, verschiebt sich der Diskurs. Die Debatte handelt dann nicht mehr prim\u00e4r von Kilowattstunden, Speicherwirkungsgraden oder CO\u2082\u2011Budgets, sondern von Zugeh\u00f6rigkeit, Weltbildern und Machtverlust. Technische Detailfragen werden symbolisch \u00fcberformt: Die W\u00e4rmepumpe steht pl\u00f6tzlich f\u00fcr staatliche Bevormundung, das Elektroauto f\u00fcr kulturelle Entwurzelung, die Klimapolitik insgesamt f\u00fcr einen als fremdbestimmt empfundenen gesellschaftlichen Umbau.<\/p>\n\n\n\n<p>Und genau in diesem Moment verl\u00e4sst die Auseinandersetzung den rein rationalen Raum \u2014 und betritt das hochgradig emotionale Feld kultureller Systemkonflikte. Dort greifen andere Dynamiken als in der klassischen Sachpolitik: Narrative verbreiten sich schneller als Daten, Identit\u00e4t schl\u00e4gt Evidenz, und politische Unternehmer k\u00f6nnen mit vergleichsweise einfachen Botschaften gro\u00dfe Mobilisierungseffekte erzielen. F\u00fcr die Dynamik der Energiewende bedeutet das, dass jeder weitere reale Transformationsschritt paradoxerweise auch den emotionalen Widerstand verst\u00e4rken kann \u2014 ein typisches Muster nichtlinearer gesellschaftlicher Anpassungsprozesse.<\/p>\n\n\n\n<hr class=\"wp-block-separator has-alpha-channel-opacity\"\/>\n\n\n\n<h2 class=\"wp-block-heading has-large-font-size\" id=\"h-5-fossile-rentenstaaten-und-geopolitische-reibung\">5. Fossile Rentenstaaten und geopolitische Reibung<\/h2>\n\n\n\n<p>Besonders brisant wird die Lage dort, wo Staatshaushalte strukturell von fossilen Exporten abh\u00e4ngen.<\/p>\n\n\n\n<p>F\u00fcr solche Systeme bedeutet Dekarbonisierung nicht nur Marktanpassung, sondern:<\/p>\n\n\n\n<ul class=\"wp-block-list\">\n<li>fiskalische Destabilisierung<\/li>\n\n\n\n<li>Machtverlust<\/li>\n\n\n\n<li>innenpolitisches Risiko<\/li>\n<\/ul>\n\n\n\n<p>Historisch reagieren Renten\u00f6konomien auf solche Bedrohungen selten passiv. Typische Muster sind:<\/p>\n\n\n\n<ul class=\"wp-block-list\">\n<li>strategische Desinformation<\/li>\n\n\n\n<li>Unterst\u00fctzung status-quo-freundlicher Narrative<\/li>\n\n\n\n<li>geopolitische Einflussoperationen<\/li>\n\n\n\n<li>Verz\u00f6gerung internationaler Klimapolitik<\/li>\n<\/ul>\n\n\n\n<p>Das bewegt sich im Spektrum hybrider Konfliktf\u00fchrung \u2014 nicht als einheitlicher Masterplan, sondern als konvergierendes Interessenfeld.<\/p>\n\n\n\n<hr class=\"wp-block-separator has-alpha-channel-opacity\"\/>\n\n\n\n<h2 class=\"wp-block-heading has-large-font-size\" id=\"h-6-warum-sich-physikalische-realitaten-nicht-wegframen-lassen\">6. Warum sich physikalische Realit\u00e4ten nicht wegframen lassen<\/h2>\n\n\n\n<p>Hier kommt der entscheidende Punkt, der in vielen Debatten untersch\u00e4tzt wird.<\/p>\n\n\n\n<p>\u00d6konomische Narrative k\u00f6nnen:<\/p>\n\n\n\n<ul class=\"wp-block-list\">\n<li>Wahlentscheidungen beeinflussen<\/li>\n\n\n\n<li>Regulierung verz\u00f6gern<\/li>\n\n\n\n<li>Investitionen umlenken<\/li>\n\n\n\n<li>\u00f6ffentliche Meinung polarisieren<\/li>\n<\/ul>\n\n\n\n<p>Aber sie k\u00f6nnen nicht:<\/p>\n\n\n\n<ul class=\"wp-block-list\">\n<li>die Strahlungsphysik \u00e4ndern<\/li>\n\n\n\n<li>die Ozeanw\u00e4rmeaufnahme stoppen<\/li>\n\n\n\n<li>die Kohlenstoffbilanz au\u00dfer Kraft setzen<\/li>\n<\/ul>\n\n\n\n<p>Die Erde verhandelt nicht.<\/p>\n\n\n\n<p>Das bedeutet: Verz\u00f6gerung ist m\u00f6glich \u2014 Aufhebung der physikalischen Randbedingungen nicht.<\/p>\n\n\n\n<hr class=\"wp-block-separator has-alpha-channel-opacity\"\/>\n\n\n\n<h2 class=\"wp-block-heading has-large-font-size\" id=\"h-7-das-eigentliche-risiko-zeitverlust\">7. Das eigentliche Risiko: Zeitverlust<\/h2>\n\n\n\n<p>Der kritische Faktor ist daher nicht, <strong>ob<\/strong> die Transformation kommt, sondern <strong>wann<\/strong> und <strong>wie chaotisch<\/strong>.<\/p>\n\n\n\n<p>Je l\u00e4nger die systemische Verz\u00f6gerung anh\u00e4lt, desto gr\u00f6\u00dfer werden:<\/p>\n\n\n\n<ul class=\"wp-block-list\">\n<li>Anpassungskosten<\/li>\n\n\n\n<li>Extremereignisse<\/li>\n\n\n\n<li>infrastrukturelle Sch\u00e4den<\/li>\n\n\n\n<li>soziale Spannungen<\/li>\n<\/ul>\n\n\n\n<p>In der Systemtheorie w\u00fcrde man sagen:<\/p>\n\n\n\n<blockquote class=\"wp-block-quote is-layout-flow wp-block-quote-is-layout-flow\">\n<p>Verz\u00f6gerte Regelung erh\u00f6ht die Amplitude der notwendigen Korrektur.<\/p>\n<\/blockquote>\n\n\n\n<p>Oder einfacher: Je sp\u00e4ter wir reagieren, desto h\u00e4rter wird die Landung.<\/p>\n\n\n\n<hr class=\"wp-block-separator has-alpha-channel-opacity\"\/>\n\n\n\n<h2 class=\"wp-block-heading has-large-font-size\" id=\"h-8-politischer-rollback-im-schatten-der-energiewende\">8. Politischer Rollback im Schatten der Energiewende<\/h2>\n\n\n\n<p>Um die Gegenwart zu verstehen, gen\u00fcgt es nicht, nur auf Emissionskurven zu schauen. Die entscheidende Dynamik spielt sich im Machtgef\u00fcge von Staaten, Ideologien und \u00f6konomischen Interessen ab.<\/p>\n\n\n\n<h3 class=\"wp-block-heading has-medium-font-size\" id=\"h-russland-fossile-rentenokonomie-und-hybride-kriegsfuhrung\"><strong>Russland: Fossile Renten\u00f6konomie und hybride Kriegsf\u00fchrung<\/strong><\/h3>\n\n\n\n<p>Russlands Staatshaushalt ist in erheblichem Ma\u00dfe von \u00d6l\u2011 und Gaseinnahmen abh\u00e4ngig. Diese Struktur erzeugt eine klassische Renten\u00f6konomie: Politische Stabilit\u00e4t und geopolitischer Einfluss sind eng mit fossilen Exporten verkn\u00fcpft.<\/p>\n\n\n\n<p>Die aggressive Au\u00dfenpolitik des Kreml \u2014 einschlie\u00dflich hybrider Kriegsf\u00fchrung, Desinformationskampagnen und Einflussoperationen \u2014 l\u00e4sst sich auch vor diesem Hintergrund lesen. Eine erfolgreiche globale Dekarbonisierung w\u00fcrde langfristig die finanzielle Basis dieses Modells untergraben.<\/p>\n\n\n\n<p>Hinzu kommt ein ideologischer \u00dcberbau: Die russische F\u00fchrung inszeniert sich bewusst als Verteidiger \u201etraditioneller Werte\u201c gegen einen liberalen Westen. Diese kulturelle Gegenmobilisierung stabilisiert innenpolitisch ein System, das \u00f6konomisch stark an die fossile Vergangenheit gebunden ist.<\/p>\n\n\n\n<h3 class=\"wp-block-heading has-medium-font-size\" id=\"h-usa-fossile-interessen-und-politische-polarisierung\"><strong>USA: Fossile Interessen und politische Polarisierung<\/strong><\/h3>\n\n\n\n<p>In den Vereinigten Staaten zeigt sich ein anderes, aber strukturell verwandtes Muster. Teile der politischen Rechten \u2014 prominent vertreten durch Donald Trump und sein Umfeld \u2014 setzen energiepolitisch stark auf die Ausweitung fossiler F\u00f6rderung (\u201eenergy dominance\u201c).<\/p>\n\n\n\n<p>Die Gr\u00fcnde sind vielschichtig:<\/p>\n\n\n\n<ul class=\"wp-block-list\">\n<li>enge Verflechtungen mit fossilen Industrien<\/li>\n\n\n\n<li>arbeitsmarktpolitische Argumente in F\u00f6rderregionen<\/li>\n\n\n\n<li>ideologische Skepsis gegen\u00fcber staatlicher Klimapolitik<\/li>\n\n\n\n<li>kulturelle Polarisierung zwischen urban\u2011liberalen und traditionell\u2011konservativen Milieus<\/li>\n<\/ul>\n\n\n\n<p>Klimapolitik wird dadurch nicht nur als Umweltfrage diskutiert, sondern als Symbol eines umfassenderen Kulturkonflikts \u00fcber Staat, Freiheit und gesellschaftlichen Wandel.<\/p>\n\n\n\n<h3 class=\"wp-block-heading has-medium-font-size\" id=\"h-religioser-fundamentalismus-als-stabilitatsanker-hierarchischer-systeme\"><strong>Religi\u00f6ser Fundamentalismus als Stabilit\u00e4tsanker hierarchischer Systeme<\/strong><\/h3>\n\n\n\n<p>Parallel dazu beobachten wir in mehreren Weltregionen eine Renaissance religi\u00f6s aufgeladener Politik:<\/p>\n\n\n\n<ul class=\"wp-block-list\">\n<li>im Iran als theokratisches Herrschaftsmodell<\/li>\n\n\n\n<li>in Gaza durch islamistische Akteure wie die Hamas<\/li>\n\n\n\n<li>in Russland durch die enge Allianz von Staat und orthodoxer Kirche<\/li>\n\n\n\n<li>in Teilen der USA durch christlichen Nationalismus<\/li>\n<\/ul>\n\n\n\n<p>Diese Bewegungen unterscheiden sich in Theologie und Kontext erheblich. Gemeinsam ist ihnen jedoch oft eine Betonung von:<\/p>\n\n\n\n<ul class=\"wp-block-list\">\n<li>traditionellen Geschlechterrollen<\/li>\n\n\n\n<li>hierarchischen Gesellschaftsbildern<\/li>\n\n\n\n<li>Skepsis gegen\u00fcber liberal\u2011emanzipatorischen Projekten<\/li>\n\n\n\n<li>Ablehnung s\u00e4kular\u2011wissenschaftlicher Autorit\u00e4t in bestimmten Politikfeldern<\/li>\n<\/ul>\n\n\n\n<p>In Transformationsphasen wirken solche Narrative stabilisierend f\u00fcr bestehende Machtordnungen. Sie bieten kulturelle Koh\u00e4renz in einer Zeit \u00f6konomischer und technologischer Verunsicherung.<\/p>\n\n\n\n<h3 class=\"wp-block-heading has-medium-font-size\" id=\"h-die-tiefere-systemlogik\"><strong>Die tiefere Systemlogik<\/strong><\/h3>\n\n\n\n<p>Wichtig ist: Es handelt sich nicht um eine zentrale Koordination dieser Akteure. Vielmehr sehen wir eine <strong>Konvergenz von Interessen<\/strong>.<\/p>\n\n\n\n<p>Wenn eine globale Energietransformation:<\/p>\n\n\n\n<ul class=\"wp-block-list\">\n<li>bestehende Rentenmodelle bedroht,<\/li>\n\n\n\n<li>industrielle Regionen unter Druck setzt,<\/li>\n\n\n\n<li>kulturelle Modernisierung beschleunigt,<\/li>\n<\/ul>\n\n\n\n<p>\u2026 dann entstehen fast zwangsl\u00e4ufig politische Gegenbewegungen.<\/p>\n\n\n\n<p>Der gegenw\u00e4rtige \u201eRollback\u201c in autorit\u00e4re, religi\u00f6s aufgeladene oder stark hierarchische Politikformen l\u00e4sst sich daher zumindest teilweise als <strong>systemische Gegenreaktion auf beschleunigten Strukturwandel<\/strong> interpretieren. Betrachtet man historische Modernisierungssch\u00fcbe \u2014 von der Industrialisierung bis zur Globalisierung \u2014 zeigt sich immer wieder ein \u00e4hnliches Muster: Phasen rascher technologischer und \u00f6konomischer Umw\u00e4lzung erzeugen Gegenbewegungen, die Stabilit\u00e4t, Ordnung und kulturelle R\u00fcckbindung versprechen. Der aktuelle energie\u2011 und klimapolitische Umbau f\u00fcgt sich erkennbar in diese Traditionslinie ein, wird jedoch durch seine globale Reichweite und physikalische Dringlichkeit zus\u00e4tzlich versch\u00e4rft.<\/p>\n\n\n\n<p>Hinzu kommt ein machtpolitischer Verst\u00e4rker: Je st\u00e4rker sich abzeichnet, dass die fossile \u00c4ra strukturell unter Druck ger\u00e4t, desto gr\u00f6\u00dfer wird f\u00fcr betroffene Akteure der Anreiz, die Transformation zumindest zu verlangsamen. Politische Polarisierung, kulturelle Konfliktlinien und die Mobilisierung traditioneller Identit\u00e4tsnarrative wirken dabei wie Hebel, um gesellschaftliche Anpassungsprozesse zu bremsen oder umzulenken. In diesem Sinne ist der beobachtbare Rollback nicht nur ideologisch motiviert, sondern auch funktional in bestehende Macht\u2011 und Rentenstrukturen eingebettet.<\/p>\n\n\n\n<p>Das entschuldigt nichts \u2014 aber es macht die Dynamik erkl\u00e4rbar. Und genau diese analytische N\u00fcchternheit ist notwendig, wenn man verstehen will, warum die Auseinandersetzung um Energie, Klima und gesellschaftliche Ordnung derzeit eine solche Sch\u00e4rfe erreicht.<\/p>\n\n\n\n<hr class=\"wp-block-separator has-alpha-channel-opacity\"\/>\n\n\n\n<h2 class=\"wp-block-heading has-large-font-size\" id=\"h-9-szenarien-fur-die-2030er-jahre\">9. Szenarien f\u00fcr die 2030er Jahre<\/h2>\n\n\n\n<p>Realistisch lassen sich drei grobe Pfade skizzieren:<\/p>\n\n\n\n<p><strong>Szenario A \u2013 geordnete Transition<\/strong><\/p>\n\n\n\n<ul class=\"wp-block-list\">\n<li>beschleunigter Ausbau erneuerbarer Systeme<\/li>\n\n\n\n<li>Netzintegration und Speicher<\/li>\n\n\n\n<li>gradueller Machtverlust fossiler Renten<\/li>\n\n\n\n<li>relativ stabile Weltordnung<\/li>\n<\/ul>\n\n\n\n<p><strong>Szenario B \u2013 verz\u00f6gerte, turbulente Anpassung<\/strong><\/p>\n\n\n\n<ul class=\"wp-block-list\">\n<li>politische Blockaden<\/li>\n\n\n\n<li>h\u00e4ufigere Klimaschocks<\/li>\n\n\n\n<li>volatile Energiem\u00e4rkte<\/li>\n\n\n\n<li>zunehmende geopolitische Spannungen<\/li>\n<\/ul>\n\n\n\n<p><strong>Szenario C \u2013 chaotischer Bruch<\/strong><\/p>\n\n\n\n<ul class=\"wp-block-list\">\n<li>massive Klimafolgen<\/li>\n\n\n\n<li>abrupte Marktverwerfungen<\/li>\n\n\n\n<li>autorit\u00e4re Reaktionen<\/li>\n\n\n\n<li>hohe systemische Instabilit\u00e4t<\/li>\n<\/ul>\n\n\n\n<p>Welche Trajektorie wir nehmen, ist noch offen.<\/p>\n\n\n\n<hr class=\"wp-block-separator has-alpha-channel-opacity\"\/>\n\n\n\n<h2 class=\"wp-block-heading has-large-font-size\" id=\"h-10-die-eigentliche-entscheidungsfrage\">10. Die eigentliche Entscheidungsfrage<\/h2>\n\n\n\n<p>Am Ende reduziert sich die Situation auf eine n\u00fcchterne systemische Einsicht:<\/p>\n\n\n\n<p>Die fossile Ordnung kann Zeit gewinnen \u2014<br>aber sie kann die physikalische Realit\u00e4t nicht \u00fcberstimmen.<\/p>\n\n\n\n<p>Was heute wie ein politischer Richtungsstreit erscheint, ist daher in Wirklichkeit ein Zeitkonflikt zwischen zwei sehr unterschiedlichen Dynamiken: der kurzfristigen Anpassungsf\u00e4higkeit von Macht\u2011 und Interessenkoalitionen einerseits und der langfristigen, unerbittlichen Integrationslogik des Erdsystems andererseits. Politische Systeme k\u00f6nnen Narrative drehen, Mehrheiten verschieben und Regulierung verz\u00f6gern. Doch jede zus\u00e4tzliche Gigatonne CO\u2082 akkumuliert real in Atmosph\u00e4re und Ozeanen \u2014 unabh\u00e4ngig davon, wie erfolgreich ihre Emission kommunikativ relativiert wird.<\/p>\n\n\n\n<p>Hierin liegt die strategische Brisanz der Gegenwart. Je l\u00e4nger sich \u00f6konomische und politische Strukturen an die fossile Vergangenheit klammern, desto st\u00e4rker w\u00e4chst im Hintergrund die physikalische Spannung im Klimasystem. Verz\u00f6gerung wirkt hier wie ein unsichtbarer Zinseszins: kurzfristig bequem, langfristig systemisch teuer. Genau deshalb entscheidet sich die Zukunft weniger in Wahlzyklen als in der kumulativen Energiebilanz des Planeten.<\/p>\n\n\n\n<p>Die offene Frage unserer Epoche lautet daher:<\/p>\n\n\n\n<blockquote class=\"wp-block-quote is-layout-flow wp-block-quote-is-layout-flow\">\n<p>Schaffen wir die Transformation durch vorausschauende Gestaltung \u2014<br>oder erzwingt die Realit\u00e4t sie durch Krisen?<\/p>\n<\/blockquote>\n\n\n\n<p>Die Antwort ist nicht vorprogrammiert.<br>Aber eines ist sicher:<\/p>\n\n\n\n<p><strong>Die Erdphysik stimmt nicht ab.<\/strong><\/p>\n\n\n\n<figure class=\"wp-block-embed is-type-wp-embed is-provider-h-berths-blog wp-block-embed-h-berths-blog\"><div class=\"wp-block-embed__wrapper\">\n<blockquote class=\"wp-embedded-content\" data-secret=\"ArJJXDN7vz\"><a href=\"https:\/\/struktur.hoeberth.de\/wordpress\/2025\/07\/04\/der-neue-kulturkampf-warum-konservative-ideologien-die-zukunft-nicht-aufhalten-koennen\/\">Der neue Kulturkampf \u2013 Warum konservative Ideologien die Zukunft nicht aufhalten k\u00f6nnen<\/a><\/blockquote><iframe loading=\"lazy\" class=\"wp-embedded-content\" sandbox=\"allow-scripts\" security=\"restricted\" style=\"position: absolute; visibility: hidden;\" title=\"&#8222;Der neue Kulturkampf \u2013 Warum konservative Ideologien die Zukunft nicht aufhalten k\u00f6nnen&#8220; &#8211; H\u00f6berths-Blog\" src=\"https:\/\/struktur.hoeberth.de\/wordpress\/2025\/07\/04\/der-neue-kulturkampf-warum-konservative-ideologien-die-zukunft-nicht-aufhalten-koennen\/embed\/#?secret=dSpTDN5jQH#?secret=ArJJXDN7vz\" data-secret=\"ArJJXDN7vz\" width=\"500\" height=\"282\" frameborder=\"0\" marginwidth=\"0\" marginheight=\"0\" scrolling=\"no\"><\/iframe>\n<\/div><\/figure>\n\n\n\n<figure class=\"wp-block-embed is-type-wp-embed is-provider-h-berths-blog wp-block-embed-h-berths-blog\"><div class=\"wp-block-embed__wrapper\">\n<blockquote class=\"wp-embedded-content\" data-secret=\"WwgqA4mctb\"><a href=\"https:\/\/struktur.hoeberth.de\/wordpress\/2025\/05\/10\/warum-die-gruenen-politisch-so-wichtig-sind\/\">Warum die Gr\u00fcnen politisch so wichtig sind \u2013<\/a><\/blockquote><iframe loading=\"lazy\" class=\"wp-embedded-content\" sandbox=\"allow-scripts\" security=\"restricted\" style=\"position: absolute; visibility: hidden;\" title=\"&#8222;Warum die Gr\u00fcnen politisch so wichtig sind \u2013&#8220; &#8211; H\u00f6berths-Blog\" src=\"https:\/\/struktur.hoeberth.de\/wordpress\/2025\/05\/10\/warum-die-gruenen-politisch-so-wichtig-sind\/embed\/#?secret=agWGVPHcoo#?secret=WwgqA4mctb\" data-secret=\"WwgqA4mctb\" width=\"500\" height=\"282\" frameborder=\"0\" marginwidth=\"0\" marginheight=\"0\" scrolling=\"no\"><\/iframe>\n<\/div><\/figure>\n\n\n\n<figure class=\"wp-block-embed is-type-wp-embed is-provider-h-berths-blog wp-block-embed-h-berths-blog\"><div class=\"wp-block-embed__wrapper\">\n<blockquote class=\"wp-embedded-content\" data-secret=\"VgiSrFX31v\"><a href=\"https:\/\/struktur.hoeberth.de\/wordpress\/2025\/05\/29\/russlands-fossiles-imperium-und-der-hybride-krieg-gegen-die-zukunft-der-menschheit\/\">Russlands fossiles Imperium und der hybride Krieg gegen die Zukunft der Menschheit<\/a><\/blockquote><iframe loading=\"lazy\" class=\"wp-embedded-content\" sandbox=\"allow-scripts\" security=\"restricted\" style=\"position: absolute; visibility: hidden;\" title=\"&#8222;Russlands fossiles Imperium und der hybride Krieg gegen die Zukunft der Menschheit&#8220; &#8211; H\u00f6berths-Blog\" src=\"https:\/\/struktur.hoeberth.de\/wordpress\/2025\/05\/29\/russlands-fossiles-imperium-und-der-hybride-krieg-gegen-die-zukunft-der-menschheit\/embed\/#?secret=cPxRoVbBae#?secret=VgiSrFX31v\" data-secret=\"VgiSrFX31v\" width=\"500\" height=\"282\" frameborder=\"0\" marginwidth=\"0\" marginheight=\"0\" scrolling=\"no\"><\/iframe>\n<\/div><\/figure>\n","protected":false},"excerpt":{"rendered":"<p>\u2014 warum der politische Rollback die Klimaphysik nicht aufhalten wird 1. Ein Markt von planetarer Wucht Der globale \u00d6lmarkt geh\u00f6rt zu den m\u00e4chtigsten \u00f6konomischen Strukturen der modernen Welt. Mit einem Volumen von \u00fcber zwei Billionen Dollar \u00fcberragt er ganze Industriezweige. Wer diese Gr\u00f6\u00dfenordnung versteht, versteht auch den politischen Einfluss, der damit verbunden ist. M\u00e4rkte dieser [&hellip;]<\/p>\n","protected":false},"author":1,"featured_media":729,"comment_status":"open","ping_status":"open","sticky":false,"template":"","format":"standard","meta":{"footnotes":""},"categories":[1],"tags":[],"class_list":["post-724","post","type-post","status-publish","format-standard","has-post-thumbnail","hentry","category-allgemein"],"yoast_head":"<!-- This site is optimized with the Yoast SEO Premium plugin v27.2 (Yoast SEO v27.4) - https:\/\/yoast.com\/product\/yoast-seo-premium-wordpress\/ -->\n<title>Fossile Macht gegen physikalische Realit\u00e4t - H\u00f6berths-Blog<\/title>\n<meta name=\"robots\" content=\"index, follow, max-snippet:-1, max-image-preview:large, max-video-preview:-1\" \/>\n<link rel=\"canonical\" href=\"https:\/\/struktur.hoeberth.de\/wordpress\/2026\/02\/21\/fossile-macht-gegen-physikalische-realitaet\/\" \/>\n<meta property=\"og:locale\" content=\"de_DE\" \/>\n<meta property=\"og:type\" content=\"article\" \/>\n<meta property=\"og:title\" content=\"Fossile Macht gegen physikalische Realit\u00e4t\" \/>\n<meta property=\"og:description\" content=\"\u2014 warum der politische Rollback die Klimaphysik nicht aufhalten wird 1. Ein Markt von planetarer Wucht Der globale \u00d6lmarkt geh\u00f6rt zu den m\u00e4chtigsten \u00f6konomischen Strukturen der modernen Welt. Mit einem Volumen von \u00fcber zwei Billionen Dollar \u00fcberragt er ganze Industriezweige. Wer diese Gr\u00f6\u00dfenordnung versteht, versteht auch den politischen Einfluss, der damit verbunden ist. M\u00e4rkte dieser [&hellip;]\" \/>\n<meta property=\"og:url\" content=\"https:\/\/struktur.hoeberth.de\/wordpress\/2026\/02\/21\/fossile-macht-gegen-physikalische-realitaet\/\" \/>\n<meta property=\"og:site_name\" content=\"H\u00f6berths-Blog\" \/>\n<meta property=\"article:publisher\" content=\"https:\/\/www.facebook.com\/hoeberth\" \/>\n<meta property=\"article:author\" content=\"https:\/\/www.facebook.com\/hoeberth\" \/>\n<meta property=\"article:published_time\" content=\"2026-02-21T09:33:10+00:00\" \/>\n<meta property=\"article:modified_time\" content=\"2026-02-21T09:33:12+00:00\" \/>\n<meta property=\"og:image\" content=\"https:\/\/struktur.hoeberth.de\/wordpress\/wp-content\/uploads\/2026\/02\/Energiepolitik.jpg\" \/>\n\t<meta property=\"og:image:width\" content=\"1536\" \/>\n\t<meta property=\"og:image:height\" content=\"1024\" \/>\n\t<meta property=\"og:image:type\" content=\"image\/jpeg\" \/>\n<meta name=\"author\" content=\"Gerhard H\u00f6berth\" \/>\n<meta name=\"twitter:card\" content=\"summary_large_image\" \/>\n<meta name=\"twitter:label1\" content=\"Verfasst von\" \/>\n\t<meta name=\"twitter:data1\" content=\"Gerhard H\u00f6berth\" \/>\n\t<meta name=\"twitter:label2\" content=\"Gesch\u00e4tzte Lesezeit\" \/>\n\t<meta name=\"twitter:data2\" content=\"10\u00a0Minuten\" \/>\n<script type=\"application\/ld+json\" class=\"yoast-schema-graph\">{\"@context\":\"https:\\\/\\\/schema.org\",\"@graph\":[{\"@type\":\"Article\",\"@id\":\"https:\\\/\\\/struktur.hoeberth.de\\\/wordpress\\\/2026\\\/02\\\/21\\\/fossile-macht-gegen-physikalische-realitaet\\\/#article\",\"isPartOf\":{\"@id\":\"https:\\\/\\\/struktur.hoeberth.de\\\/wordpress\\\/2026\\\/02\\\/21\\\/fossile-macht-gegen-physikalische-realitaet\\\/\"},\"author\":{\"name\":\"Gerhard H\u00f6berth\",\"@id\":\"https:\\\/\\\/struktur.hoeberth.de\\\/wordpress\\\/#\\\/schema\\\/person\\\/ed17aa92ca1b7faac8d00dd400eed154\"},\"headline\":\"Fossile Macht gegen physikalische Realit\u00e4t\",\"datePublished\":\"2026-02-21T09:33:10+00:00\",\"dateModified\":\"2026-02-21T09:33:12+00:00\",\"mainEntityOfPage\":{\"@id\":\"https:\\\/\\\/struktur.hoeberth.de\\\/wordpress\\\/2026\\\/02\\\/21\\\/fossile-macht-gegen-physikalische-realitaet\\\/\"},\"wordCount\":1902,\"commentCount\":0,\"publisher\":{\"@id\":\"https:\\\/\\\/struktur.hoeberth.de\\\/wordpress\\\/#\\\/schema\\\/person\\\/ed17aa92ca1b7faac8d00dd400eed154\"},\"image\":{\"@id\":\"https:\\\/\\\/struktur.hoeberth.de\\\/wordpress\\\/2026\\\/02\\\/21\\\/fossile-macht-gegen-physikalische-realitaet\\\/#primaryimage\"},\"thumbnailUrl\":\"https:\\\/\\\/struktur.hoeberth.de\\\/wordpress\\\/wp-content\\\/uploads\\\/2026\\\/02\\\/Energiepolitik.jpg\",\"inLanguage\":\"de\",\"potentialAction\":[{\"@type\":\"CommentAction\",\"name\":\"Comment\",\"target\":[\"https:\\\/\\\/struktur.hoeberth.de\\\/wordpress\\\/2026\\\/02\\\/21\\\/fossile-macht-gegen-physikalische-realitaet\\\/#respond\"]}]},{\"@type\":\"WebPage\",\"@id\":\"https:\\\/\\\/struktur.hoeberth.de\\\/wordpress\\\/2026\\\/02\\\/21\\\/fossile-macht-gegen-physikalische-realitaet\\\/\",\"url\":\"https:\\\/\\\/struktur.hoeberth.de\\\/wordpress\\\/2026\\\/02\\\/21\\\/fossile-macht-gegen-physikalische-realitaet\\\/\",\"name\":\"Fossile Macht gegen physikalische Realit\u00e4t - H\u00f6berths-Blog\",\"isPartOf\":{\"@id\":\"https:\\\/\\\/struktur.hoeberth.de\\\/wordpress\\\/#website\"},\"primaryImageOfPage\":{\"@id\":\"https:\\\/\\\/struktur.hoeberth.de\\\/wordpress\\\/2026\\\/02\\\/21\\\/fossile-macht-gegen-physikalische-realitaet\\\/#primaryimage\"},\"image\":{\"@id\":\"https:\\\/\\\/struktur.hoeberth.de\\\/wordpress\\\/2026\\\/02\\\/21\\\/fossile-macht-gegen-physikalische-realitaet\\\/#primaryimage\"},\"thumbnailUrl\":\"https:\\\/\\\/struktur.hoeberth.de\\\/wordpress\\\/wp-content\\\/uploads\\\/2026\\\/02\\\/Energiepolitik.jpg\",\"datePublished\":\"2026-02-21T09:33:10+00:00\",\"dateModified\":\"2026-02-21T09:33:12+00:00\",\"breadcrumb\":{\"@id\":\"https:\\\/\\\/struktur.hoeberth.de\\\/wordpress\\\/2026\\\/02\\\/21\\\/fossile-macht-gegen-physikalische-realitaet\\\/#breadcrumb\"},\"inLanguage\":\"de\",\"potentialAction\":[{\"@type\":\"ReadAction\",\"target\":[\"https:\\\/\\\/struktur.hoeberth.de\\\/wordpress\\\/2026\\\/02\\\/21\\\/fossile-macht-gegen-physikalische-realitaet\\\/\"]}]},{\"@type\":\"ImageObject\",\"inLanguage\":\"de\",\"@id\":\"https:\\\/\\\/struktur.hoeberth.de\\\/wordpress\\\/2026\\\/02\\\/21\\\/fossile-macht-gegen-physikalische-realitaet\\\/#primaryimage\",\"url\":\"https:\\\/\\\/struktur.hoeberth.de\\\/wordpress\\\/wp-content\\\/uploads\\\/2026\\\/02\\\/Energiepolitik.jpg\",\"contentUrl\":\"https:\\\/\\\/struktur.hoeberth.de\\\/wordpress\\\/wp-content\\\/uploads\\\/2026\\\/02\\\/Energiepolitik.jpg\",\"width\":1536,\"height\":1024},{\"@type\":\"BreadcrumbList\",\"@id\":\"https:\\\/\\\/struktur.hoeberth.de\\\/wordpress\\\/2026\\\/02\\\/21\\\/fossile-macht-gegen-physikalische-realitaet\\\/#breadcrumb\",\"itemListElement\":[{\"@type\":\"ListItem\",\"position\":1,\"name\":\"Startseite\",\"item\":\"https:\\\/\\\/struktur.hoeberth.de\\\/wordpress\\\/\"},{\"@type\":\"ListItem\",\"position\":2,\"name\":\"Fossile Macht gegen physikalische Realit\u00e4t\"}]},{\"@type\":\"WebSite\",\"@id\":\"https:\\\/\\\/struktur.hoeberth.de\\\/wordpress\\\/#website\",\"url\":\"https:\\\/\\\/struktur.hoeberth.de\\\/wordpress\\\/\",\"name\":\"Philosophie-Blog von Gerhard H\u00f6berth\",\"description\":\"Gedanken aus der Perspektive des Evolution\u00e4ren Idealismus\",\"publisher\":{\"@id\":\"https:\\\/\\\/struktur.hoeberth.de\\\/wordpress\\\/#\\\/schema\\\/person\\\/ed17aa92ca1b7faac8d00dd400eed154\"},\"potentialAction\":[{\"@type\":\"SearchAction\",\"target\":{\"@type\":\"EntryPoint\",\"urlTemplate\":\"https:\\\/\\\/struktur.hoeberth.de\\\/wordpress\\\/?s={search_term_string}\"},\"query-input\":{\"@type\":\"PropertyValueSpecification\",\"valueRequired\":true,\"valueName\":\"search_term_string\"}}],\"inLanguage\":\"de\"},{\"@type\":[\"Person\",\"Organization\"],\"@id\":\"https:\\\/\\\/struktur.hoeberth.de\\\/wordpress\\\/#\\\/schema\\\/person\\\/ed17aa92ca1b7faac8d00dd400eed154\",\"name\":\"Gerhard H\u00f6berth\",\"image\":{\"@type\":\"ImageObject\",\"inLanguage\":\"de\",\"@id\":\"https:\\\/\\\/struktur.hoeberth.de\\\/wordpress\\\/wp-content\\\/uploads\\\/2024\\\/11\\\/Gerhard.jpg\",\"url\":\"https:\\\/\\\/struktur.hoeberth.de\\\/wordpress\\\/wp-content\\\/uploads\\\/2024\\\/11\\\/Gerhard.jpg\",\"contentUrl\":\"https:\\\/\\\/struktur.hoeberth.de\\\/wordpress\\\/wp-content\\\/uploads\\\/2024\\\/11\\\/Gerhard.jpg\",\"width\":600,\"height\":800,\"caption\":\"Gerhard H\u00f6berth\"},\"logo\":{\"@id\":\"https:\\\/\\\/struktur.hoeberth.de\\\/wordpress\\\/wp-content\\\/uploads\\\/2024\\\/11\\\/Gerhard.jpg\"},\"sameAs\":[\"http:\\\/\\\/struktur.hoeberth.de\\\/wordpress\",\"https:\\\/\\\/www.facebook.com\\\/hoeberth\",\"https:\\\/\\\/www.youtube.com\\\/channel\\\/UCPMEKSbmuN5IFRXHdhPFniw\"],\"url\":\"https:\\\/\\\/struktur.hoeberth.de\\\/wordpress\\\/author\\\/web925\\\/\"}]}<\/script>\n<!-- \/ Yoast SEO Premium plugin. -->","yoast_head_json":{"title":"Fossile Macht gegen physikalische Realit\u00e4t - H\u00f6berths-Blog","robots":{"index":"index","follow":"follow","max-snippet":"max-snippet:-1","max-image-preview":"max-image-preview:large","max-video-preview":"max-video-preview:-1"},"canonical":"https:\/\/struktur.hoeberth.de\/wordpress\/2026\/02\/21\/fossile-macht-gegen-physikalische-realitaet\/","og_locale":"de_DE","og_type":"article","og_title":"Fossile Macht gegen physikalische Realit\u00e4t","og_description":"\u2014 warum der politische Rollback die Klimaphysik nicht aufhalten wird 1. Ein Markt von planetarer Wucht Der globale \u00d6lmarkt geh\u00f6rt zu den m\u00e4chtigsten \u00f6konomischen Strukturen der modernen Welt. Mit einem Volumen von \u00fcber zwei Billionen Dollar \u00fcberragt er ganze Industriezweige. Wer diese Gr\u00f6\u00dfenordnung versteht, versteht auch den politischen Einfluss, der damit verbunden ist. M\u00e4rkte dieser [&hellip;]","og_url":"https:\/\/struktur.hoeberth.de\/wordpress\/2026\/02\/21\/fossile-macht-gegen-physikalische-realitaet\/","og_site_name":"H\u00f6berths-Blog","article_publisher":"https:\/\/www.facebook.com\/hoeberth","article_author":"https:\/\/www.facebook.com\/hoeberth","article_published_time":"2026-02-21T09:33:10+00:00","article_modified_time":"2026-02-21T09:33:12+00:00","og_image":[{"width":1536,"height":1024,"url":"https:\/\/struktur.hoeberth.de\/wordpress\/wp-content\/uploads\/2026\/02\/Energiepolitik.jpg","type":"image\/jpeg"}],"author":"Gerhard H\u00f6berth","twitter_card":"summary_large_image","twitter_misc":{"Verfasst von":"Gerhard H\u00f6berth","Gesch\u00e4tzte Lesezeit":"10\u00a0Minuten"},"schema":{"@context":"https:\/\/schema.org","@graph":[{"@type":"Article","@id":"https:\/\/struktur.hoeberth.de\/wordpress\/2026\/02\/21\/fossile-macht-gegen-physikalische-realitaet\/#article","isPartOf":{"@id":"https:\/\/struktur.hoeberth.de\/wordpress\/2026\/02\/21\/fossile-macht-gegen-physikalische-realitaet\/"},"author":{"name":"Gerhard H\u00f6berth","@id":"https:\/\/struktur.hoeberth.de\/wordpress\/#\/schema\/person\/ed17aa92ca1b7faac8d00dd400eed154"},"headline":"Fossile Macht gegen physikalische Realit\u00e4t","datePublished":"2026-02-21T09:33:10+00:00","dateModified":"2026-02-21T09:33:12+00:00","mainEntityOfPage":{"@id":"https:\/\/struktur.hoeberth.de\/wordpress\/2026\/02\/21\/fossile-macht-gegen-physikalische-realitaet\/"},"wordCount":1902,"commentCount":0,"publisher":{"@id":"https:\/\/struktur.hoeberth.de\/wordpress\/#\/schema\/person\/ed17aa92ca1b7faac8d00dd400eed154"},"image":{"@id":"https:\/\/struktur.hoeberth.de\/wordpress\/2026\/02\/21\/fossile-macht-gegen-physikalische-realitaet\/#primaryimage"},"thumbnailUrl":"https:\/\/struktur.hoeberth.de\/wordpress\/wp-content\/uploads\/2026\/02\/Energiepolitik.jpg","inLanguage":"de","potentialAction":[{"@type":"CommentAction","name":"Comment","target":["https:\/\/struktur.hoeberth.de\/wordpress\/2026\/02\/21\/fossile-macht-gegen-physikalische-realitaet\/#respond"]}]},{"@type":"WebPage","@id":"https:\/\/struktur.hoeberth.de\/wordpress\/2026\/02\/21\/fossile-macht-gegen-physikalische-realitaet\/","url":"https:\/\/struktur.hoeberth.de\/wordpress\/2026\/02\/21\/fossile-macht-gegen-physikalische-realitaet\/","name":"Fossile Macht gegen physikalische Realit\u00e4t - H\u00f6berths-Blog","isPartOf":{"@id":"https:\/\/struktur.hoeberth.de\/wordpress\/#website"},"primaryImageOfPage":{"@id":"https:\/\/struktur.hoeberth.de\/wordpress\/2026\/02\/21\/fossile-macht-gegen-physikalische-realitaet\/#primaryimage"},"image":{"@id":"https:\/\/struktur.hoeberth.de\/wordpress\/2026\/02\/21\/fossile-macht-gegen-physikalische-realitaet\/#primaryimage"},"thumbnailUrl":"https:\/\/struktur.hoeberth.de\/wordpress\/wp-content\/uploads\/2026\/02\/Energiepolitik.jpg","datePublished":"2026-02-21T09:33:10+00:00","dateModified":"2026-02-21T09:33:12+00:00","breadcrumb":{"@id":"https:\/\/struktur.hoeberth.de\/wordpress\/2026\/02\/21\/fossile-macht-gegen-physikalische-realitaet\/#breadcrumb"},"inLanguage":"de","potentialAction":[{"@type":"ReadAction","target":["https:\/\/struktur.hoeberth.de\/wordpress\/2026\/02\/21\/fossile-macht-gegen-physikalische-realitaet\/"]}]},{"@type":"ImageObject","inLanguage":"de","@id":"https:\/\/struktur.hoeberth.de\/wordpress\/2026\/02\/21\/fossile-macht-gegen-physikalische-realitaet\/#primaryimage","url":"https:\/\/struktur.hoeberth.de\/wordpress\/wp-content\/uploads\/2026\/02\/Energiepolitik.jpg","contentUrl":"https:\/\/struktur.hoeberth.de\/wordpress\/wp-content\/uploads\/2026\/02\/Energiepolitik.jpg","width":1536,"height":1024},{"@type":"BreadcrumbList","@id":"https:\/\/struktur.hoeberth.de\/wordpress\/2026\/02\/21\/fossile-macht-gegen-physikalische-realitaet\/#breadcrumb","itemListElement":[{"@type":"ListItem","position":1,"name":"Startseite","item":"https:\/\/struktur.hoeberth.de\/wordpress\/"},{"@type":"ListItem","position":2,"name":"Fossile Macht gegen physikalische Realit\u00e4t"}]},{"@type":"WebSite","@id":"https:\/\/struktur.hoeberth.de\/wordpress\/#website","url":"https:\/\/struktur.hoeberth.de\/wordpress\/","name":"Philosophie-Blog von Gerhard H\u00f6berth","description":"Gedanken aus der Perspektive des Evolution\u00e4ren Idealismus","publisher":{"@id":"https:\/\/struktur.hoeberth.de\/wordpress\/#\/schema\/person\/ed17aa92ca1b7faac8d00dd400eed154"},"potentialAction":[{"@type":"SearchAction","target":{"@type":"EntryPoint","urlTemplate":"https:\/\/struktur.hoeberth.de\/wordpress\/?s={search_term_string}"},"query-input":{"@type":"PropertyValueSpecification","valueRequired":true,"valueName":"search_term_string"}}],"inLanguage":"de"},{"@type":["Person","Organization"],"@id":"https:\/\/struktur.hoeberth.de\/wordpress\/#\/schema\/person\/ed17aa92ca1b7faac8d00dd400eed154","name":"Gerhard H\u00f6berth","image":{"@type":"ImageObject","inLanguage":"de","@id":"https:\/\/struktur.hoeberth.de\/wordpress\/wp-content\/uploads\/2024\/11\/Gerhard.jpg","url":"https:\/\/struktur.hoeberth.de\/wordpress\/wp-content\/uploads\/2024\/11\/Gerhard.jpg","contentUrl":"https:\/\/struktur.hoeberth.de\/wordpress\/wp-content\/uploads\/2024\/11\/Gerhard.jpg","width":600,"height":800,"caption":"Gerhard H\u00f6berth"},"logo":{"@id":"https:\/\/struktur.hoeberth.de\/wordpress\/wp-content\/uploads\/2024\/11\/Gerhard.jpg"},"sameAs":["http:\/\/struktur.hoeberth.de\/wordpress","https:\/\/www.facebook.com\/hoeberth","https:\/\/www.youtube.com\/channel\/UCPMEKSbmuN5IFRXHdhPFniw"],"url":"https:\/\/struktur.hoeberth.de\/wordpress\/author\/web925\/"}]}},"wp-worthy-pixel":{"ignored":false,"public":"d99c2790066049c1ba12bfbeeb8a2ae4","server":"","url":"https:\/\/vg04.met.vgwort.de\/na\/d99c2790066049c1ba12bfbeeb8a2ae4"},"wp-worthy-type":"normal","_links":{"self":[{"href":"https:\/\/struktur.hoeberth.de\/wordpress\/wp-json\/wp\/v2\/posts\/724","targetHints":{"allow":["GET"]}}],"collection":[{"href":"https:\/\/struktur.hoeberth.de\/wordpress\/wp-json\/wp\/v2\/posts"}],"about":[{"href":"https:\/\/struktur.hoeberth.de\/wordpress\/wp-json\/wp\/v2\/types\/post"}],"author":[{"embeddable":true,"href":"https:\/\/struktur.hoeberth.de\/wordpress\/wp-json\/wp\/v2\/users\/1"}],"replies":[{"embeddable":true,"href":"https:\/\/struktur.hoeberth.de\/wordpress\/wp-json\/wp\/v2\/comments?post=724"}],"version-history":[{"count":1,"href":"https:\/\/struktur.hoeberth.de\/wordpress\/wp-json\/wp\/v2\/posts\/724\/revisions"}],"predecessor-version":[{"id":730,"href":"https:\/\/struktur.hoeberth.de\/wordpress\/wp-json\/wp\/v2\/posts\/724\/revisions\/730"}],"wp:featuredmedia":[{"embeddable":true,"href":"https:\/\/struktur.hoeberth.de\/wordpress\/wp-json\/wp\/v2\/media\/729"}],"wp:attachment":[{"href":"https:\/\/struktur.hoeberth.de\/wordpress\/wp-json\/wp\/v2\/media?parent=724"}],"wp:term":[{"taxonomy":"category","embeddable":true,"href":"https:\/\/struktur.hoeberth.de\/wordpress\/wp-json\/wp\/v2\/categories?post=724"},{"taxonomy":"post_tag","embeddable":true,"href":"https:\/\/struktur.hoeberth.de\/wordpress\/wp-json\/wp\/v2\/tags?post=724"}],"curies":[{"name":"wp","href":"https:\/\/api.w.org\/{rel}","templated":true}]}}