{"id":906,"date":"2026-04-29T20:53:40","date_gmt":"2026-04-29T18:53:40","guid":{"rendered":"https:\/\/struktur.hoeberth.de\/wordpress\/?p=906"},"modified":"2026-04-29T20:53:42","modified_gmt":"2026-04-29T18:53:42","slug":"warum-der-anti-egalitaere-rollback-in-eine-sackgasse-fuehrt","status":"publish","type":"post","link":"https:\/\/struktur.hoeberth.de\/wordpress\/2026\/04\/29\/warum-der-anti-egalitaere-rollback-in-eine-sackgasse-fuehrt\/","title":{"rendered":"Warum der anti-egalit\u00e4re Rollback in eine Sackgasse f\u00fchrt"},"content":{"rendered":"\n<p class=\"wp-block-yoast-seo-estimated-reading-time yoast-reading-time__wrapper\"><span class=\"yoast-reading-time__icon\"><svg aria-hidden=\"true\" focusable=\"false\" data-icon=\"clock\" width=\"20\" height=\"20\" fill=\"none\" stroke=\"currentColor\" style=\"display:inline-block;vertical-align:-0.1em\" role=\"img\" xmlns=\"http:\/\/www.w3.org\/2000\/svg\" viewBox=\"0 0 24 24\"><path stroke-linecap=\"round\" stroke-linejoin=\"round\" stroke-width=\"2\" d=\"M12 8v4l3 3m6-3a9 9 0 11-18 0 9 9 0 0118 0z\"><\/path><\/svg><\/span><span class=\"yoast-reading-time__spacer\" style=\"display:inline-block;width:1em\"><\/span><span class=\"yoast-reading-time__descriptive-text\">Estimated reading time: <\/span><span class=\"yoast-reading-time__reading-time\">5<\/span><span class=\"yoast-reading-time__time-unit\"> Minuten<\/span><\/p>\n\n\n\n<div class=\"wp-block-yoast-seo-ai-summarize yoast-ai-summarize\"><h5>Abstract<\/h5>\n<ul class=\"wp-block-list yoast-ai-summarize-list\">\n<li>Die empirisch belegte Gegenbewegung gegen Gleichheit sch\u00e4digt demokratische Institutionen und gef\u00e4hrdet Frauenrechte.<\/li>\n\n\n\n<li>L\u00e4nder wie Russland und Ungarn zeigen, dass der R\u00fcckzug zu traditionellen Werten zu strukturellen Schw\u00e4chen f\u00fchrt.<\/li>\n\n\n\n<li>Wissenschaftliche Freiheit steht weltweit unter Druck, was die Innovationsf\u00e4higkeit moderner Gesellschaften gef\u00e4hrdet.<\/li>\n\n\n\n<li>Die Ablehnung nachhaltiger Technologien schadet nicht nur der Umwelt, sondern auch der wirtschaftlichen Wettbewerbsf\u00e4higkeit.<\/li>\n\n\n\n<li>Ein R\u00fcckgriff auf antipluralistische Strukturen ist keine Korrektur, sondern gef\u00e4hrdet die L\u00f6sung komplexer Probleme des 21. Jahrhunderts.<\/li>\n<\/ul>\n<\/div>\n\n\n\n<h2 class=\"wp-block-heading has-large-font-size\" id=\"h-der-rollback-ist-kein-gefuhl-sondern-messbar\">Der Rollback ist kein Gef\u00fchl, sondern messbar<\/h2>\n\n\n\n<p>Die gegenw\u00e4rtige Gegenbewegung gegen Gleichheit, Minderheitenrechte und pluralistische Gesellschaften ist kein blo\u00dfes Narrativ, sondern empirisch gut belegt. Institutionen wie das V-Dem Institute, Freedom House, International IDEA und UN Women zeigen \u00fcbereinstimmend, dass sich die Welt seit Jahren in einer Phase demokratischer R\u00fcckschritte befindet. Besonders betroffen sind Pressefreiheit, Rechtsstaatlichkeit und Gleichstellungsrechte.<\/p>\n\n\n\n<p>Dabei zeigt sich ein Muster: Wo demokratische Institutionen geschw\u00e4cht werden, geraten auch Frauenrechte und Minderheitenschutz unter Druck. Das ist kein Zufall, sondern Ausdruck eines tieferen Zusammenhangs zwischen pluralistischer Ordnung und egalit\u00e4ren Werten.<\/p>\n\n\n\n<h2 class=\"wp-block-heading has-large-font-size\" id=\"h-wenn-der-rollback-zur-staatsdoktrin-wird\">Wenn der Rollback zur Staatsdoktrin wird<\/h2>\n\n\n\n<p>Besonders aufschlussreich ist der Blick auf L\u00e4nder, in denen dieser Kurs bereits politisch umgesetzt wird.<\/p>\n\n\n\n<p>In der Russischen F\u00f6deration unter Wladimir Putin wird die R\u00fcckkehr zu \u201etraditionellen Werten\u201c mit Repression, Kontrolle und geopolitischer Abschottung verbunden. Organisationen wie Human Rights Watch dokumentieren Einschr\u00e4nkungen von Minderheitenrechten, w\u00e4hrend wirtschaftliche Daten der World Bank auf stagnierendes Wachstum und strukturelle Schw\u00e4chen hinweisen.<\/p>\n\n\n\n<p>Ein \u00e4hnliches, wenn auch weniger extremes Bild zeigte Ungarn unter Viktor Orb\u00e1n. Hier f\u00fchrte ein anti-pluralistischer Kurs zu Konflikten mit der Europ\u00e4ischen Kommission, eingeschr\u00e4nkter Forschungsf\u00f6rderung und zunehmender Abwanderung wissenschaftlicher Talente. Nachdem Orb\u00e1n die Wahlen verloren hat, besteht nun die berechtigte Hoffnung, dass Ungarn einen offeneren und zukunftsf\u00e4higeren politischen Weg einschlagen kann.<\/p>\n\n\n\n<p>Am radikalsten zeigt sich die Dynamik in Afghanistan, wo Frauen systematisch aus Bildung und Arbeitsmarkt ausgeschlossen werden. Der UNDP macht deutlich, dass eine nachhaltige wirtschaftliche Entwicklung unter solchen Bedingungen kaum m\u00f6glich ist.<\/p>\n\n\n\n<p>Diese Beispiele illustrieren eine zentrale These: Der R\u00fcckgriff auf patriarchale und anti-pluralistische Strukturen erzeugt keine Stabilit\u00e4t, sondern langfristige strukturelle Schw\u00e4che.<\/p>\n\n\n\n<h2 class=\"wp-block-heading has-large-font-size\" id=\"h-patriarchat-ist-kein-okonomisches-modell\">Patriarchat ist kein \u00f6konomisches Modell<\/h2>\n\n\n\n<p>Die entscheidende Frage lautet: Kann sich eine Gesellschaft leisten, gro\u00dfe Teile ihres Humankapitals systematisch auszuschlie\u00dfen?<\/p>\n\n\n\n<p>Die Antwort der Forschung ist eindeutig. Der Internationale W\u00e4hrungsfond und die World Bank zeigen, dass Geschlechtergleichheit direkt mit h\u00f6herer Produktivit\u00e4t, mehr Innovation und stabilerem Wachstum zusammenh\u00e4ngt. Ungleichheit ist daher nicht nur ein moralisches Problem, sondern ein \u00f6konomischer Wettbewerbsnachteil.<\/p>\n\n\n\n<p>Gerade in einer Wissens- und Innovations\u00f6konomie wird diese Dynamik entscheidend. Organisationen wie die OECD betonen, dass digitale und technologische Transformation ohne die gleichberechtigte Beteiligung aller gesellschaftlichen Gruppen nicht gelingen kann.<\/p>\n\n\n\n<h2 class=\"wp-block-heading has-large-font-size\" id=\"h-wissenschaftsfeindlichkeit-als-systemisches-risiko\">Wissenschaftsfeindlichkeit als systemisches Risiko<\/h2>\n\n\n\n<p>Ein weiterer kritischer Aspekt ist die zunehmende Skepsis gegen\u00fcber Wissenschaft und Forschung.<\/p>\n\n\n\n<p>Der Academic Freedom Index zeigt, dass akademische Freiheit weltweit unter Druck steht. Besonders in Systemen mit anti-pluralistischer Ausrichtung wird Wissenschaft zunehmend politisch instrumentalisiert.<\/p>\n\n\n\n<p>Auch in den Vereinigten Staaten unter Donald Trump lassen sich entsprechende Tendenzen beobachten: Einschr\u00e4nkungen von Forschungsprogrammen, ideologische Einflussnahme und eine Politisierung wissenschaftlicher Institutionen.<\/p>\n\n\n\n<p>Diese Entwicklung ist besonders problematisch, weil moderne Gesellschaften ihre Innovationsf\u00e4higkeit aus offenen Wissenssystemen beziehen. Wird diese Offenheit eingeschr\u00e4nkt, leidet langfristig die gesamte Probleml\u00f6sungsf\u00e4higkeit.<\/p>\n\n\n\n<h2 class=\"wp-block-heading has-large-font-size\" id=\"h-die-ablehnung-nachhaltiger-technologien-als-strategischer-fehler\">Die Ablehnung nachhaltiger Technologien als strategischer Fehler<\/h2>\n\n\n\n<p>Die Abwertung nachhaltiger Technologien ist kein Ausdruck von Realismus, sondern von kurzfristigem Denken.<\/p>\n\n\n\n<p>Die IEA zeigt, dass bereits heute ein Gro\u00dfteil der globalen Investitionen in klimafreundliche Technologien flie\u00dft. Gleichzeitig w\u00e4chst der Sektor erneuerbarer Energien weltweit stark, wie Daten der IRENA belegen.<\/p>\n\n\n\n<p>Das bedeutet: Die \u00f6kologische Transformation ist l\u00e4ngst ein \u00f6konomischer Strukturwandel. Wer sich ihr verweigert, verliert nicht nur moralisch, sondern auch technologisch und wirtschaftlich den Anschluss.<\/p>\n\n\n\n<h2 class=\"wp-block-heading has-large-font-size\" id=\"h-mehr-als-eine-korrektur-der-moderne\">Mehr als eine \u201eKorrektur der Moderne\u201c<\/h2>\n\n\n\n<p>Ein h\u00e4ufiges Gegenargument lautet, dass der aktuelle Rollback lediglich eine notwendige Korrektur \u00fcberzogener progressiver Entwicklungen sei.<\/p>\n\n\n\n<p>Diese Perspektive greift zu kurz. Zwar existieren tats\u00e4chlich \u00dcbertreibungen innerhalb progressiver Bewegungen, doch die empirischen Daten zeigen, dass der politische Backlash weit \u00fcber eine blo\u00dfe Korrektur hinausgeht. Er untergr\u00e4bt zentrale institutionelle Voraussetzungen moderner Gesellschaften: Offenheit, Wissenschaftlichkeit und Gleichberechtigung.<\/p>\n\n\n\n<h2 class=\"wp-block-heading has-large-font-size\" id=\"h-die-eigentliche-herausforderung-des-21-jahrhunderts\">Die eigentliche Herausforderung des 21. Jahrhunderts<\/h2>\n\n\n\n<p>Die gro\u00dfen Herausforderungen unserer Zeit \u2013 Klimawandel, technologische Transformation, globale Vernetzung \u2013 erfordern genau jene Eigenschaften, die durch den aktuellen Rollback geschw\u00e4cht werden:<\/p>\n\n\n\n<ul class=\"wp-block-list\">\n<li>internationale Kooperation<\/li>\n\n\n\n<li>wissenschaftliche Rationalit\u00e4t<\/li>\n\n\n\n<li>gesellschaftliche Inklusion<\/li>\n\n\n\n<li>technologische Innovationsf\u00e4higkeit<\/li>\n<\/ul>\n\n\n\n<p>Eine R\u00fcckkehr zu hierarchischen, exklusiven und ideologisch geschlossenen Systemen steht im Widerspruch zu diesen Anforderungen.<\/p>\n\n\n\n<h2 class=\"wp-block-heading has-large-font-size\" id=\"h-fazit\">Fazit<\/h2>\n\n\n\n<p>Die empirische Evidenz legt nahe, dass der anti-egalit\u00e4re Rollback keine tragf\u00e4hige Zukunftsstrategie darstellt. Er mag kurzfristig Orientierung bieten, erzeugt aber langfristig strukturelle Instabilit\u00e4t.<\/p>\n\n\n\n<p>Gesellschaften, die auf Offenheit, Gleichberechtigung und wissenschaftliche Erkenntnis setzen, sind besser in der Lage, die komplexen Probleme des 21. Jahrhunderts zu bew\u00e4ltigen. Der vermeintliche \u201eR\u00fcckweg\u201c erweist sich damit nicht als Korrektur, sondern als Fehlanpassung an eine zunehmend komplexe Welt.<\/p>\n\n\n\n<figure class=\"wp-block-embed is-type-wp-embed is-provider-h-berths-blog wp-block-embed-h-berths-blog\"><div class=\"wp-block-embed__wrapper\">\n<blockquote class=\"wp-embedded-content\" data-secret=\"CCjPru7tPI\"><a href=\"https:\/\/struktur.hoeberth.de\/wordpress\/2026\/02\/21\/fossile-macht-gegen-physikalische-realitaet\/\">Fossile Macht gegen physikalische Realit\u00e4t<\/a><\/blockquote><iframe loading=\"lazy\" class=\"wp-embedded-content\" sandbox=\"allow-scripts\" security=\"restricted\" style=\"position: absolute; visibility: hidden;\" title=\"&#8222;Fossile Macht gegen physikalische Realit\u00e4t&#8220; &#8211; H\u00f6berths-Blog\" src=\"https:\/\/struktur.hoeberth.de\/wordpress\/2026\/02\/21\/fossile-macht-gegen-physikalische-realitaet\/embed\/#?secret=WG2NVxYsIQ#?secret=CCjPru7tPI\" data-secret=\"CCjPru7tPI\" width=\"500\" height=\"282\" frameborder=\"0\" marginwidth=\"0\" marginheight=\"0\" scrolling=\"no\"><\/iframe>\n<\/div><\/figure>\n\n\n\n<figure class=\"wp-block-embed is-type-wp-embed is-provider-h-berths-blog wp-block-embed-h-berths-blog\"><div class=\"wp-block-embed__wrapper\">\n<blockquote class=\"wp-embedded-content\" data-secret=\"rwvez2JDbz\"><a href=\"https:\/\/struktur.hoeberth.de\/wordpress\/2025\/07\/04\/der-neue-kulturkampf-warum-konservative-ideologien-die-zukunft-nicht-aufhalten-koennen\/\">Der neue Kulturkampf \u2013 Warum konservative Ideologien die Zukunft nicht aufhalten k\u00f6nnen<\/a><\/blockquote><iframe loading=\"lazy\" class=\"wp-embedded-content\" sandbox=\"allow-scripts\" security=\"restricted\" style=\"position: absolute; visibility: hidden;\" title=\"&#8222;Der neue Kulturkampf \u2013 Warum konservative Ideologien die Zukunft nicht aufhalten k\u00f6nnen&#8220; &#8211; H\u00f6berths-Blog\" src=\"https:\/\/struktur.hoeberth.de\/wordpress\/2025\/07\/04\/der-neue-kulturkampf-warum-konservative-ideologien-die-zukunft-nicht-aufhalten-koennen\/embed\/#?secret=lwHDbGIdeV#?secret=rwvez2JDbz\" data-secret=\"rwvez2JDbz\" width=\"500\" height=\"282\" frameborder=\"0\" marginwidth=\"0\" marginheight=\"0\" scrolling=\"no\"><\/iframe>\n<\/div><\/figure>\n","protected":false},"excerpt":{"rendered":"<p>Der Rollback ist kein Gef\u00fchl, sondern messbar Die gegenw\u00e4rtige Gegenbewegung gegen Gleichheit, Minderheitenrechte und pluralistische Gesellschaften ist kein blo\u00dfes Narrativ, sondern empirisch gut belegt. Institutionen wie das V-Dem Institute, Freedom House, International IDEA und UN Women zeigen \u00fcbereinstimmend, dass sich die Welt seit Jahren in einer Phase demokratischer R\u00fcckschritte befindet. Besonders betroffen sind Pressefreiheit, Rechtsstaatlichkeit [&hellip;]<\/p>\n","protected":false},"author":1,"featured_media":907,"comment_status":"open","ping_status":"open","sticky":false,"template":"","format":"standard","meta":{"footnotes":""},"categories":[1],"tags":[],"class_list":["post-906","post","type-post","status-publish","format-standard","has-post-thumbnail","hentry","category-allgemein"],"yoast_head":"<!-- This site is optimized with the Yoast SEO Premium plugin v27.2 (Yoast SEO v27.5) - https:\/\/yoast.com\/product\/yoast-seo-premium-wordpress\/ -->\n<title>Warum der anti-egalit\u00e4re Rollback in eine Sackgasse f\u00fchrt - H\u00f6berths-Blog<\/title>\n<meta name=\"robots\" content=\"index, follow, max-snippet:-1, max-image-preview:large, max-video-preview:-1\" \/>\n<link rel=\"canonical\" href=\"https:\/\/struktur.hoeberth.de\/wordpress\/2026\/04\/29\/warum-der-anti-egalitaere-rollback-in-eine-sackgasse-fuehrt\/\" \/>\n<meta property=\"og:locale\" content=\"de_DE\" \/>\n<meta property=\"og:type\" content=\"article\" \/>\n<meta property=\"og:title\" content=\"Warum der anti-egalit\u00e4re Rollback in eine Sackgasse f\u00fchrt\" \/>\n<meta property=\"og:description\" content=\"Der Rollback ist kein Gef\u00fchl, sondern messbar Die gegenw\u00e4rtige Gegenbewegung gegen Gleichheit, Minderheitenrechte und pluralistische Gesellschaften ist kein blo\u00dfes Narrativ, sondern empirisch gut belegt. Institutionen wie das V-Dem Institute, Freedom House, International IDEA und UN Women zeigen \u00fcbereinstimmend, dass sich die Welt seit Jahren in einer Phase demokratischer R\u00fcckschritte befindet. Besonders betroffen sind Pressefreiheit, Rechtsstaatlichkeit [&hellip;]\" \/>\n<meta property=\"og:url\" content=\"https:\/\/struktur.hoeberth.de\/wordpress\/2026\/04\/29\/warum-der-anti-egalitaere-rollback-in-eine-sackgasse-fuehrt\/\" \/>\n<meta property=\"og:site_name\" content=\"H\u00f6berths-Blog\" \/>\n<meta property=\"article:publisher\" content=\"https:\/\/www.facebook.com\/hoeberth\" \/>\n<meta property=\"article:author\" content=\"https:\/\/www.facebook.com\/hoeberth\" \/>\n<meta property=\"article:published_time\" content=\"2026-04-29T18:53:40+00:00\" \/>\n<meta property=\"article:modified_time\" content=\"2026-04-29T18:53:42+00:00\" \/>\n<meta property=\"og:image\" content=\"https:\/\/struktur.hoeberth.de\/wordpress\/wp-content\/uploads\/2026\/04\/Rollback.jpg\" \/>\n\t<meta property=\"og:image:width\" content=\"1536\" \/>\n\t<meta property=\"og:image:height\" content=\"1024\" \/>\n\t<meta property=\"og:image:type\" content=\"image\/jpeg\" \/>\n<meta name=\"author\" content=\"Gerhard H\u00f6berth\" \/>\n<meta name=\"twitter:card\" content=\"summary_large_image\" \/>\n<meta name=\"twitter:label1\" content=\"Verfasst von\" \/>\n\t<meta name=\"twitter:data1\" content=\"Gerhard H\u00f6berth\" \/>\n\t<meta name=\"twitter:label2\" content=\"Gesch\u00e4tzte Lesezeit\" \/>\n\t<meta name=\"twitter:data2\" content=\"5\u00a0Minuten\" \/>\n<script type=\"application\/ld+json\" class=\"yoast-schema-graph\">{\"@context\":\"https:\\\/\\\/schema.org\",\"@graph\":[{\"@type\":\"Article\",\"@id\":\"https:\\\/\\\/struktur.hoeberth.de\\\/wordpress\\\/2026\\\/04\\\/29\\\/warum-der-anti-egalitaere-rollback-in-eine-sackgasse-fuehrt\\\/#article\",\"isPartOf\":{\"@id\":\"https:\\\/\\\/struktur.hoeberth.de\\\/wordpress\\\/2026\\\/04\\\/29\\\/warum-der-anti-egalitaere-rollback-in-eine-sackgasse-fuehrt\\\/\"},\"author\":{\"name\":\"Gerhard H\u00f6berth\",\"@id\":\"https:\\\/\\\/struktur.hoeberth.de\\\/wordpress\\\/#\\\/schema\\\/person\\\/ed17aa92ca1b7faac8d00dd400eed154\"},\"headline\":\"Warum der anti-egalit\u00e4re Rollback in eine Sackgasse f\u00fchrt\",\"datePublished\":\"2026-04-29T18:53:40+00:00\",\"dateModified\":\"2026-04-29T18:53:42+00:00\",\"mainEntityOfPage\":{\"@id\":\"https:\\\/\\\/struktur.hoeberth.de\\\/wordpress\\\/2026\\\/04\\\/29\\\/warum-der-anti-egalitaere-rollback-in-eine-sackgasse-fuehrt\\\/\"},\"wordCount\":835,\"commentCount\":0,\"publisher\":{\"@id\":\"https:\\\/\\\/struktur.hoeberth.de\\\/wordpress\\\/#\\\/schema\\\/person\\\/ed17aa92ca1b7faac8d00dd400eed154\"},\"image\":{\"@id\":\"https:\\\/\\\/struktur.hoeberth.de\\\/wordpress\\\/2026\\\/04\\\/29\\\/warum-der-anti-egalitaere-rollback-in-eine-sackgasse-fuehrt\\\/#primaryimage\"},\"thumbnailUrl\":\"https:\\\/\\\/struktur.hoeberth.de\\\/wordpress\\\/wp-content\\\/uploads\\\/2026\\\/04\\\/Rollback.jpg\",\"inLanguage\":\"de\",\"potentialAction\":[{\"@type\":\"CommentAction\",\"name\":\"Comment\",\"target\":[\"https:\\\/\\\/struktur.hoeberth.de\\\/wordpress\\\/2026\\\/04\\\/29\\\/warum-der-anti-egalitaere-rollback-in-eine-sackgasse-fuehrt\\\/#respond\"]}]},{\"@type\":\"WebPage\",\"@id\":\"https:\\\/\\\/struktur.hoeberth.de\\\/wordpress\\\/2026\\\/04\\\/29\\\/warum-der-anti-egalitaere-rollback-in-eine-sackgasse-fuehrt\\\/\",\"url\":\"https:\\\/\\\/struktur.hoeberth.de\\\/wordpress\\\/2026\\\/04\\\/29\\\/warum-der-anti-egalitaere-rollback-in-eine-sackgasse-fuehrt\\\/\",\"name\":\"Warum der anti-egalit\u00e4re Rollback in eine Sackgasse f\u00fchrt - H\u00f6berths-Blog\",\"isPartOf\":{\"@id\":\"https:\\\/\\\/struktur.hoeberth.de\\\/wordpress\\\/#website\"},\"primaryImageOfPage\":{\"@id\":\"https:\\\/\\\/struktur.hoeberth.de\\\/wordpress\\\/2026\\\/04\\\/29\\\/warum-der-anti-egalitaere-rollback-in-eine-sackgasse-fuehrt\\\/#primaryimage\"},\"image\":{\"@id\":\"https:\\\/\\\/struktur.hoeberth.de\\\/wordpress\\\/2026\\\/04\\\/29\\\/warum-der-anti-egalitaere-rollback-in-eine-sackgasse-fuehrt\\\/#primaryimage\"},\"thumbnailUrl\":\"https:\\\/\\\/struktur.hoeberth.de\\\/wordpress\\\/wp-content\\\/uploads\\\/2026\\\/04\\\/Rollback.jpg\",\"datePublished\":\"2026-04-29T18:53:40+00:00\",\"dateModified\":\"2026-04-29T18:53:42+00:00\",\"breadcrumb\":{\"@id\":\"https:\\\/\\\/struktur.hoeberth.de\\\/wordpress\\\/2026\\\/04\\\/29\\\/warum-der-anti-egalitaere-rollback-in-eine-sackgasse-fuehrt\\\/#breadcrumb\"},\"inLanguage\":\"de\",\"potentialAction\":[{\"@type\":\"ReadAction\",\"target\":[\"https:\\\/\\\/struktur.hoeberth.de\\\/wordpress\\\/2026\\\/04\\\/29\\\/warum-der-anti-egalitaere-rollback-in-eine-sackgasse-fuehrt\\\/\"]}]},{\"@type\":\"ImageObject\",\"inLanguage\":\"de\",\"@id\":\"https:\\\/\\\/struktur.hoeberth.de\\\/wordpress\\\/2026\\\/04\\\/29\\\/warum-der-anti-egalitaere-rollback-in-eine-sackgasse-fuehrt\\\/#primaryimage\",\"url\":\"https:\\\/\\\/struktur.hoeberth.de\\\/wordpress\\\/wp-content\\\/uploads\\\/2026\\\/04\\\/Rollback.jpg\",\"contentUrl\":\"https:\\\/\\\/struktur.hoeberth.de\\\/wordpress\\\/wp-content\\\/uploads\\\/2026\\\/04\\\/Rollback.jpg\",\"width\":1536,\"height\":1024},{\"@type\":\"BreadcrumbList\",\"@id\":\"https:\\\/\\\/struktur.hoeberth.de\\\/wordpress\\\/2026\\\/04\\\/29\\\/warum-der-anti-egalitaere-rollback-in-eine-sackgasse-fuehrt\\\/#breadcrumb\",\"itemListElement\":[{\"@type\":\"ListItem\",\"position\":1,\"name\":\"Startseite\",\"item\":\"https:\\\/\\\/struktur.hoeberth.de\\\/wordpress\\\/\"},{\"@type\":\"ListItem\",\"position\":2,\"name\":\"Warum der anti-egalit\u00e4re Rollback in eine Sackgasse f\u00fchrt\"}]},{\"@type\":\"WebSite\",\"@id\":\"https:\\\/\\\/struktur.hoeberth.de\\\/wordpress\\\/#website\",\"url\":\"https:\\\/\\\/struktur.hoeberth.de\\\/wordpress\\\/\",\"name\":\"Philosophie-Blog von Gerhard H\u00f6berth\",\"description\":\"Gedanken aus der Perspektive des Evolution\u00e4ren Idealismus\",\"publisher\":{\"@id\":\"https:\\\/\\\/struktur.hoeberth.de\\\/wordpress\\\/#\\\/schema\\\/person\\\/ed17aa92ca1b7faac8d00dd400eed154\"},\"potentialAction\":[{\"@type\":\"SearchAction\",\"target\":{\"@type\":\"EntryPoint\",\"urlTemplate\":\"https:\\\/\\\/struktur.hoeberth.de\\\/wordpress\\\/?s={search_term_string}\"},\"query-input\":{\"@type\":\"PropertyValueSpecification\",\"valueRequired\":true,\"valueName\":\"search_term_string\"}}],\"inLanguage\":\"de\"},{\"@type\":[\"Person\",\"Organization\"],\"@id\":\"https:\\\/\\\/struktur.hoeberth.de\\\/wordpress\\\/#\\\/schema\\\/person\\\/ed17aa92ca1b7faac8d00dd400eed154\",\"name\":\"Gerhard H\u00f6berth\",\"image\":{\"@type\":\"ImageObject\",\"inLanguage\":\"de\",\"@id\":\"https:\\\/\\\/struktur.hoeberth.de\\\/wordpress\\\/wp-content\\\/uploads\\\/2024\\\/11\\\/Gerhard.jpg\",\"url\":\"https:\\\/\\\/struktur.hoeberth.de\\\/wordpress\\\/wp-content\\\/uploads\\\/2024\\\/11\\\/Gerhard.jpg\",\"contentUrl\":\"https:\\\/\\\/struktur.hoeberth.de\\\/wordpress\\\/wp-content\\\/uploads\\\/2024\\\/11\\\/Gerhard.jpg\",\"width\":600,\"height\":800,\"caption\":\"Gerhard H\u00f6berth\"},\"logo\":{\"@id\":\"https:\\\/\\\/struktur.hoeberth.de\\\/wordpress\\\/wp-content\\\/uploads\\\/2024\\\/11\\\/Gerhard.jpg\"},\"sameAs\":[\"http:\\\/\\\/struktur.hoeberth.de\\\/wordpress\",\"https:\\\/\\\/www.facebook.com\\\/hoeberth\",\"https:\\\/\\\/www.youtube.com\\\/channel\\\/UCPMEKSbmuN5IFRXHdhPFniw\"],\"url\":\"https:\\\/\\\/struktur.hoeberth.de\\\/wordpress\\\/author\\\/web925\\\/\"}]}<\/script>\n<!-- \/ Yoast SEO Premium plugin. -->","yoast_head_json":{"title":"Warum der anti-egalit\u00e4re Rollback in eine Sackgasse f\u00fchrt - H\u00f6berths-Blog","robots":{"index":"index","follow":"follow","max-snippet":"max-snippet:-1","max-image-preview":"max-image-preview:large","max-video-preview":"max-video-preview:-1"},"canonical":"https:\/\/struktur.hoeberth.de\/wordpress\/2026\/04\/29\/warum-der-anti-egalitaere-rollback-in-eine-sackgasse-fuehrt\/","og_locale":"de_DE","og_type":"article","og_title":"Warum der anti-egalit\u00e4re Rollback in eine Sackgasse f\u00fchrt","og_description":"Der Rollback ist kein Gef\u00fchl, sondern messbar Die gegenw\u00e4rtige Gegenbewegung gegen Gleichheit, Minderheitenrechte und pluralistische Gesellschaften ist kein blo\u00dfes Narrativ, sondern empirisch gut belegt. Institutionen wie das V-Dem Institute, Freedom House, International IDEA und UN Women zeigen \u00fcbereinstimmend, dass sich die Welt seit Jahren in einer Phase demokratischer R\u00fcckschritte befindet. Besonders betroffen sind Pressefreiheit, Rechtsstaatlichkeit [&hellip;]","og_url":"https:\/\/struktur.hoeberth.de\/wordpress\/2026\/04\/29\/warum-der-anti-egalitaere-rollback-in-eine-sackgasse-fuehrt\/","og_site_name":"H\u00f6berths-Blog","article_publisher":"https:\/\/www.facebook.com\/hoeberth","article_author":"https:\/\/www.facebook.com\/hoeberth","article_published_time":"2026-04-29T18:53:40+00:00","article_modified_time":"2026-04-29T18:53:42+00:00","og_image":[{"width":1536,"height":1024,"url":"https:\/\/struktur.hoeberth.de\/wordpress\/wp-content\/uploads\/2026\/04\/Rollback.jpg","type":"image\/jpeg"}],"author":"Gerhard H\u00f6berth","twitter_card":"summary_large_image","twitter_misc":{"Verfasst von":"Gerhard H\u00f6berth","Gesch\u00e4tzte Lesezeit":"5\u00a0Minuten"},"schema":{"@context":"https:\/\/schema.org","@graph":[{"@type":"Article","@id":"https:\/\/struktur.hoeberth.de\/wordpress\/2026\/04\/29\/warum-der-anti-egalitaere-rollback-in-eine-sackgasse-fuehrt\/#article","isPartOf":{"@id":"https:\/\/struktur.hoeberth.de\/wordpress\/2026\/04\/29\/warum-der-anti-egalitaere-rollback-in-eine-sackgasse-fuehrt\/"},"author":{"name":"Gerhard H\u00f6berth","@id":"https:\/\/struktur.hoeberth.de\/wordpress\/#\/schema\/person\/ed17aa92ca1b7faac8d00dd400eed154"},"headline":"Warum der anti-egalit\u00e4re Rollback in eine Sackgasse f\u00fchrt","datePublished":"2026-04-29T18:53:40+00:00","dateModified":"2026-04-29T18:53:42+00:00","mainEntityOfPage":{"@id":"https:\/\/struktur.hoeberth.de\/wordpress\/2026\/04\/29\/warum-der-anti-egalitaere-rollback-in-eine-sackgasse-fuehrt\/"},"wordCount":835,"commentCount":0,"publisher":{"@id":"https:\/\/struktur.hoeberth.de\/wordpress\/#\/schema\/person\/ed17aa92ca1b7faac8d00dd400eed154"},"image":{"@id":"https:\/\/struktur.hoeberth.de\/wordpress\/2026\/04\/29\/warum-der-anti-egalitaere-rollback-in-eine-sackgasse-fuehrt\/#primaryimage"},"thumbnailUrl":"https:\/\/struktur.hoeberth.de\/wordpress\/wp-content\/uploads\/2026\/04\/Rollback.jpg","inLanguage":"de","potentialAction":[{"@type":"CommentAction","name":"Comment","target":["https:\/\/struktur.hoeberth.de\/wordpress\/2026\/04\/29\/warum-der-anti-egalitaere-rollback-in-eine-sackgasse-fuehrt\/#respond"]}]},{"@type":"WebPage","@id":"https:\/\/struktur.hoeberth.de\/wordpress\/2026\/04\/29\/warum-der-anti-egalitaere-rollback-in-eine-sackgasse-fuehrt\/","url":"https:\/\/struktur.hoeberth.de\/wordpress\/2026\/04\/29\/warum-der-anti-egalitaere-rollback-in-eine-sackgasse-fuehrt\/","name":"Warum der anti-egalit\u00e4re Rollback in eine Sackgasse f\u00fchrt - H\u00f6berths-Blog","isPartOf":{"@id":"https:\/\/struktur.hoeberth.de\/wordpress\/#website"},"primaryImageOfPage":{"@id":"https:\/\/struktur.hoeberth.de\/wordpress\/2026\/04\/29\/warum-der-anti-egalitaere-rollback-in-eine-sackgasse-fuehrt\/#primaryimage"},"image":{"@id":"https:\/\/struktur.hoeberth.de\/wordpress\/2026\/04\/29\/warum-der-anti-egalitaere-rollback-in-eine-sackgasse-fuehrt\/#primaryimage"},"thumbnailUrl":"https:\/\/struktur.hoeberth.de\/wordpress\/wp-content\/uploads\/2026\/04\/Rollback.jpg","datePublished":"2026-04-29T18:53:40+00:00","dateModified":"2026-04-29T18:53:42+00:00","breadcrumb":{"@id":"https:\/\/struktur.hoeberth.de\/wordpress\/2026\/04\/29\/warum-der-anti-egalitaere-rollback-in-eine-sackgasse-fuehrt\/#breadcrumb"},"inLanguage":"de","potentialAction":[{"@type":"ReadAction","target":["https:\/\/struktur.hoeberth.de\/wordpress\/2026\/04\/29\/warum-der-anti-egalitaere-rollback-in-eine-sackgasse-fuehrt\/"]}]},{"@type":"ImageObject","inLanguage":"de","@id":"https:\/\/struktur.hoeberth.de\/wordpress\/2026\/04\/29\/warum-der-anti-egalitaere-rollback-in-eine-sackgasse-fuehrt\/#primaryimage","url":"https:\/\/struktur.hoeberth.de\/wordpress\/wp-content\/uploads\/2026\/04\/Rollback.jpg","contentUrl":"https:\/\/struktur.hoeberth.de\/wordpress\/wp-content\/uploads\/2026\/04\/Rollback.jpg","width":1536,"height":1024},{"@type":"BreadcrumbList","@id":"https:\/\/struktur.hoeberth.de\/wordpress\/2026\/04\/29\/warum-der-anti-egalitaere-rollback-in-eine-sackgasse-fuehrt\/#breadcrumb","itemListElement":[{"@type":"ListItem","position":1,"name":"Startseite","item":"https:\/\/struktur.hoeberth.de\/wordpress\/"},{"@type":"ListItem","position":2,"name":"Warum der anti-egalit\u00e4re Rollback in eine Sackgasse f\u00fchrt"}]},{"@type":"WebSite","@id":"https:\/\/struktur.hoeberth.de\/wordpress\/#website","url":"https:\/\/struktur.hoeberth.de\/wordpress\/","name":"Philosophie-Blog von Gerhard H\u00f6berth","description":"Gedanken aus der Perspektive des Evolution\u00e4ren Idealismus","publisher":{"@id":"https:\/\/struktur.hoeberth.de\/wordpress\/#\/schema\/person\/ed17aa92ca1b7faac8d00dd400eed154"},"potentialAction":[{"@type":"SearchAction","target":{"@type":"EntryPoint","urlTemplate":"https:\/\/struktur.hoeberth.de\/wordpress\/?s={search_term_string}"},"query-input":{"@type":"PropertyValueSpecification","valueRequired":true,"valueName":"search_term_string"}}],"inLanguage":"de"},{"@type":["Person","Organization"],"@id":"https:\/\/struktur.hoeberth.de\/wordpress\/#\/schema\/person\/ed17aa92ca1b7faac8d00dd400eed154","name":"Gerhard H\u00f6berth","image":{"@type":"ImageObject","inLanguage":"de","@id":"https:\/\/struktur.hoeberth.de\/wordpress\/wp-content\/uploads\/2024\/11\/Gerhard.jpg","url":"https:\/\/struktur.hoeberth.de\/wordpress\/wp-content\/uploads\/2024\/11\/Gerhard.jpg","contentUrl":"https:\/\/struktur.hoeberth.de\/wordpress\/wp-content\/uploads\/2024\/11\/Gerhard.jpg","width":600,"height":800,"caption":"Gerhard H\u00f6berth"},"logo":{"@id":"https:\/\/struktur.hoeberth.de\/wordpress\/wp-content\/uploads\/2024\/11\/Gerhard.jpg"},"sameAs":["http:\/\/struktur.hoeberth.de\/wordpress","https:\/\/www.facebook.com\/hoeberth","https:\/\/www.youtube.com\/channel\/UCPMEKSbmuN5IFRXHdhPFniw"],"url":"https:\/\/struktur.hoeberth.de\/wordpress\/author\/web925\/"}]}},"wp-worthy-pixel":{"ignored":false,"public":"48b6d0526cca49da9d22fd506dfff5ea","server":"","url":"https:\/\/vg06.met.vgwort.de\/na\/48b6d0526cca49da9d22fd506dfff5ea"},"wp-worthy-type":"normal","_links":{"self":[{"href":"https:\/\/struktur.hoeberth.de\/wordpress\/wp-json\/wp\/v2\/posts\/906","targetHints":{"allow":["GET"]}}],"collection":[{"href":"https:\/\/struktur.hoeberth.de\/wordpress\/wp-json\/wp\/v2\/posts"}],"about":[{"href":"https:\/\/struktur.hoeberth.de\/wordpress\/wp-json\/wp\/v2\/types\/post"}],"author":[{"embeddable":true,"href":"https:\/\/struktur.hoeberth.de\/wordpress\/wp-json\/wp\/v2\/users\/1"}],"replies":[{"embeddable":true,"href":"https:\/\/struktur.hoeberth.de\/wordpress\/wp-json\/wp\/v2\/comments?post=906"}],"version-history":[{"count":1,"href":"https:\/\/struktur.hoeberth.de\/wordpress\/wp-json\/wp\/v2\/posts\/906\/revisions"}],"predecessor-version":[{"id":909,"href":"https:\/\/struktur.hoeberth.de\/wordpress\/wp-json\/wp\/v2\/posts\/906\/revisions\/909"}],"wp:featuredmedia":[{"embeddable":true,"href":"https:\/\/struktur.hoeberth.de\/wordpress\/wp-json\/wp\/v2\/media\/907"}],"wp:attachment":[{"href":"https:\/\/struktur.hoeberth.de\/wordpress\/wp-json\/wp\/v2\/media?parent=906"}],"wp:term":[{"taxonomy":"category","embeddable":true,"href":"https:\/\/struktur.hoeberth.de\/wordpress\/wp-json\/wp\/v2\/categories?post=906"},{"taxonomy":"post_tag","embeddable":true,"href":"https:\/\/struktur.hoeberth.de\/wordpress\/wp-json\/wp\/v2\/tags?post=906"}],"curies":[{"name":"wp","href":"https:\/\/api.w.org\/{rel}","templated":true}]}}