{"id":910,"date":"2026-04-30T13:37:08","date_gmt":"2026-04-30T11:37:08","guid":{"rendered":"https:\/\/struktur.hoeberth.de\/wordpress\/?p=910"},"modified":"2026-04-30T13:37:10","modified_gmt":"2026-04-30T11:37:10","slug":"die-vier-felder-der-erfahrung","status":"publish","type":"post","link":"https:\/\/struktur.hoeberth.de\/wordpress\/2026\/04\/30\/die-vier-felder-der-erfahrung\/","title":{"rendered":"Die vier Felder der Erfahrung"},"content":{"rendered":"\n<p class=\"wp-block-yoast-seo-estimated-reading-time yoast-reading-time__wrapper\"><span class=\"yoast-reading-time__icon\"><svg aria-hidden=\"true\" focusable=\"false\" data-icon=\"clock\" width=\"20\" height=\"20\" fill=\"none\" stroke=\"currentColor\" style=\"display:inline-block;vertical-align:-0.1em\" role=\"img\" xmlns=\"http:\/\/www.w3.org\/2000\/svg\" viewBox=\"0 0 24 24\"><path stroke-linecap=\"round\" stroke-linejoin=\"round\" stroke-width=\"2\" d=\"M12 8v4l3 3m6-3a9 9 0 11-18 0 9 9 0 0118 0z\"><\/path><\/svg><\/span><span class=\"yoast-reading-time__spacer\" style=\"display:inline-block;width:1em\"><\/span><span class=\"yoast-reading-time__descriptive-text\">Estimated reading time: <\/span><span class=\"yoast-reading-time__reading-time\">12<\/span><span class=\"yoast-reading-time__time-unit\"> Minuten<\/span><\/p>\n\n\n\n<p>Mit diesem Essay beginnt ein neuer Abschnitt.<\/p>\n\n\n\n<p>Im ersten Teil dieser Reihe ging es um die gro\u00dfe Einheit \u2013 also darum, dass alles irgendwie zusammengeh\u00f6rt. In insgesamt elf Essays wurde erkl\u00e4rt, wie man sich diese Einheit vorstellen kann.<\/p>\n\n\n\n<p>Jetzt wechseln wir die Perspektive. Wir schauen nicht mehr von der Einheit auf die Teile, sondern von den Teilen zur\u00fcck auf die Einheit. Die zentrale Frage ist nun nicht mehr: Wie entsteht aus der Einheit die Vielfalt? Sondern: Wie erleben wir diese Vielfalt \u2013 und wie entsteht daraus wieder ein Gef\u00fchl von Einheit?<\/p>\n\n\n\n<p>Dieses Essay ist der Einstieg in diesen zweiten Teil. Es zeigt eine einfache, aber sehr wichtige Struktur unserer Wahrnehmung \u2013 etwas, das wir st\u00e4ndig benutzen, ohne es zu bemerken.<\/p>\n\n\n\n<div class=\"wp-block-yoast-seo-ai-summarize yoast-ai-summarize\"><h5>Abstract<\/h5>\n<ul class=\"wp-block-list yoast-ai-summarize-list\">\n<li>Der Artikel behandelt die Struktur unserer Wahrnehmung und die beiden Perspektiven von Einheit und Vielfalt.<\/li>\n\n\n\n<li>Er beschreibt, wie unser Bewusstsein die Realit\u00e4t automatisch und unbewusst ordnet, um Orientierung zu erm\u00f6glichen.<\/li>\n\n\n\n<li>Die quadrantenbasierte Struktur der Wahrnehmung differenziert zwischen &#8218;Ich und Welt&#8216; sowie &#8218;Vergangenheit und Zukunft&#8216;.<\/li>\n\n\n\n<li>Diese ph\u00e4nomenalen Quadranten sind grundlegend f\u00fcr unser Erleben und pr\u00e4gen unsere Realit\u00e4t.<\/li>\n\n\n\n<li>Der Artikel schlie\u00dft mit der \u00dcberlegung, dass diese Struktur nicht nur der Interpretation dient, sondern m\u00f6glicherweise die Entstehung der physikalischen Raumzeit beeinflusst.<\/li>\n<\/ul>\n<\/div>\n\n\n\n<h2 class=\"wp-block-heading has-large-font-size\" id=\"h-wie-wir-wirklichkeit-ordnen-ohne-es-zu-merken\">Wie wir Wirklichkeit ordnen, ohne es zu merken<\/h2>\n\n\n\n<p>Stellen Sie sich einen ganz gew\u00f6hnlichen Moment vor: Sie sitzen am Fenster, blicken hinaus und sehen, wie sich die \u00c4ste eines Baumes im Wind bewegen. Gleichzeitig denken Sie an ein Gespr\u00e4ch von gestern \u2013 und vielleicht auch daran, was Sie sp\u00e4ter noch erledigen m\u00fcssen.<\/p>\n\n\n\n<p>Alles geschieht gleichzeitig.&nbsp;Und doch wirkt es nicht chaotisch.&nbsp;Warum eigentlich?<\/p>\n\n\n\n<p>Wie ist es m\u00f6glich, dass wir uns in der Welt orientieren k\u00f6nnen, obwohl unsere Wahrnehmung aus unz\u00e4hligen Eindr\u00fccken besteht, die gleichzeitig auf uns einstr\u00f6men?<\/p>\n\n\n\n<p>Die Antwort ist ebenso einfach wie tiefgreifend:&nbsp;Unser Bewusstsein ordnet die Wirklichkeit \u2013 st\u00e4ndig und automatisch.&nbsp;Und es tut dies nach einem Prinzip, das so grundlegend ist, dass wir es normalerweise gar nicht bemerken.<\/p>\n\n\n\n<hr class=\"wp-block-separator has-alpha-channel-opacity\"\/>\n\n\n\n<h2 class=\"wp-block-heading has-large-font-size\" id=\"h-das-problem-der-gegenwart\">Das Problem der Gegenwart<\/h2>\n\n\n\n<h3 class=\"wp-block-heading has-medium-font-size\" id=\"h-die-uberforderung-des-augenblicks\"><strong>Die \u00dcberforderung des Augenblicks<\/strong><\/h3>\n\n\n\n<p>Wenn wir den gegenw\u00e4rtigen Moment genau betrachten, stellen wir fest, dass er alles andere als einfach ist.<\/p>\n\n\n\n<p>Er enth\u00e4lt:<\/p>\n\n\n\n<ul class=\"wp-block-list\">\n<li>Sinneseindr\u00fccke<\/li>\n\n\n\n<li>Erinnerungen<\/li>\n\n\n\n<li>Erwartungen<\/li>\n\n\n\n<li>Bewertungen<\/li>\n\n\n\n<li>k\u00f6rperliche Empfindungen<\/li>\n<\/ul>\n\n\n\n<p>Alles \u00fcberlagert sich.&nbsp;Ohne Struktur w\u00e4re dieser Moment nicht erfahrbar. Er w\u00e4re ein ununterscheidbares Rauschen.&nbsp;Und doch erleben wir ihn als geordnet.&nbsp;Nicht perfekt \u2013 aber ausreichend stabil, um handeln zu k\u00f6nnen.<\/p>\n\n\n\n<h3 class=\"wp-block-heading has-medium-font-size\" id=\"h-die-implizite-losung\"><strong>Die implizite L\u00f6sung<\/strong><\/h3>\n\n\n\n<p>Diese Ordnung entsteht nicht durch bewusstes Denken.&nbsp;Sie geschieht automatisch.&nbsp;Das Bewusstsein selbst ist kein passiver Empf\u00e4nger von Eindr\u00fccken. Es ist ein strukturierender Akteur.&nbsp;Oder anders gesagt:&nbsp;Wahrnehmung ist immer schon Interpretation.&nbsp;Und genau hier beginnt etwas, das wir genauer betrachten m\u00fcssen.<\/p>\n\n\n\n<hr class=\"wp-block-separator has-alpha-channel-opacity\"\/>\n\n\n\n<h2 class=\"wp-block-heading has-large-font-size\" id=\"h-zwei-achsen-die-alles-strukturieren\">Zwei Achsen, die alles strukturieren<\/h2>\n\n\n\n<p>Wenn wir versuchen, diese Ordnung sichtbar zu machen, entdecken wir zwei grundlegende Unterscheidungen, die in jedem Moment wirksam sind.<\/p>\n\n\n\n<h3 class=\"wp-block-heading has-medium-font-size\" id=\"h-ich-und-welt\"><strong>Ich und Welt<\/strong><\/h3>\n\n\n\n<p>Die erste Unterscheidung ist offensichtlich \u2013 und doch philosophisch hoch brisant:<\/p>\n\n\n\n<p>Wir unterscheiden zwischen dem, was wir als \u201ein uns\u201c erleben, und dem, was wir als \u201eau\u00dferhalb von uns\u201c wahrnehmen.<\/p>\n\n\n\n<ul class=\"wp-block-list\">\n<li>Gedanken erscheinen \u201einnen\u201c<\/li>\n\n\n\n<li>Ger\u00e4usche erscheinen \u201eau\u00dfen\u201c<\/li>\n<\/ul>\n\n\n\n<p>Diese Grenze wirkt selbstverst\u00e4ndlich.&nbsp;Aber sie ist keine objektive Grenze der Welt.&nbsp;Sie ist eine Struktur der Erfahrung.&nbsp;Denn alles, was wir wahrnehmen \u2013 auch das \u201eAu\u00dfen\u201c \u2013 erscheint letztlich im Bewusstsein.&nbsp;<\/p>\n\n\n\n<p>Gerade in einer vom Materialismus gepr\u00e4gten Kultur wirkt diese Einsicht zun\u00e4chst befremdlich. Wir sind daran gew\u00f6hnt zu glauben, dass das \u00e4u\u00dfere, objektive Geschehen \u201erealer\u201c ist als unsere inneren Empfindungen. Doch genau genommen sind beide nichts anderes als Ph\u00e4nomene im Bewusstsein \u2013 sie unterscheiden sich nicht durch ihre Existenz, sondern durch die Art und Weise, wie wir sie interpretieren und einordnen.<\/p>\n\n\n\n<p>Bereits fr\u00fch wird deutlich: Wir betrachten die Welt notwendigerweise von innen.&nbsp;Das bedeutet:&nbsp;Die Trennung zwischen Ich und Welt ist nicht absolut \u2013 sondern funktional.<\/p>\n\n\n\n<h3 class=\"wp-block-heading has-medium-font-size\" id=\"h-vergangenheit-und-zukunft\"><strong>Vergangenheit und Zukunft<\/strong><\/h3>\n\n\n\n<p>Die zweite Unterscheidung ist subtiler.&nbsp;Jeder Moment enth\u00e4lt mehr als nur das, was gerade geschieht.&nbsp;Er enth\u00e4lt immer auch:<\/p>\n\n\n\n<ul class=\"wp-block-list\">\n<li>Erinnerung (Vergangenheit)<\/li>\n\n\n\n<li>Erwartung (Zukunft)<\/li>\n<\/ul>\n\n\n\n<p>Wenn Sie einen Ball fliegen sehen, erleben Sie nicht nur seine aktuelle Position.&nbsp;Sie wissen auch, wo er herkommt \u2013 und wohin er sich bewegen wird.&nbsp;Diese zeitliche Struktur ist kein Zusatz.&nbsp;Sie ist Voraussetzung daf\u00fcr, dass wir \u00fcberhaupt etwas als Bewegung erkennen.<\/p>\n\n\n\n<h2 class=\"wp-block-heading has-large-font-size\" id=\"h-die-vier-phanomenalen-quadranten\">Die vier ph\u00e4nomenalen Quadranten<\/h2>\n\n\n\n<p>Wenn wir diese beiden Achsen \u2013 Ich und Welt sowie Vergangenheit und Zukunft \u2013 zusammen denken, passiert etwas Entscheidendes. Jeder einzelne Augenblick enth\u00e4lt eine enorme F\u00fclle an Informationen. Doch diese F\u00fclle ist nicht ungeordnet verteilt, sondern auf einen einzigen Punkt konzentriert: das HIER und JETZT.<\/p>\n\n\n\n<p>Erst durch unsere innere Einordnung wird aus diesem Punkt eine erfahrbare Welt. Wir unterscheiden, was zu uns geh\u00f6rt und was zur Welt geh\u00f6rt \u2013 und wir ordnen ein, was war und was sein wird. So entsteht aus einem Moment eine Struktur, in der wir handeln k\u00f6nnen.<\/p>\n\n\n\n<p>Diese Struktur erm\u00f6glicht uns, uns als Teil in einem gr\u00f6\u00dferen Ganzen zu erleben. Ohne sie g\u00e4be es weder Orientierung noch Handlung \u2013 nur ein ununterscheidbares Jetzt.&nbsp;Wenn wir also diese beiden Achsen kombinieren, entsteht eine einfache, aber \u00e4u\u00dferst m\u00e4chtige Struktur:<\/p>\n\n\n\n<p>Vier Felder der Erfahrung.&nbsp;Diese nennen wir die <strong>ph\u00e4nomenalen Quadranten<\/strong>.&nbsp;Sie sind keine Dinge.&nbsp;Sie sind keine Orte.&nbsp;Sie sind Strukturformen unseres Erlebens.<\/p>\n\n\n\n<h3 class=\"wp-block-heading has-medium-font-size\" id=\"h-innen-vergangenheit\"><strong>Innen \u2013 Vergangenheit<\/strong><\/h3>\n\n\n\n<p>Hier finden wir:<\/p>\n\n\n\n<ul class=\"wp-block-list\">\n<li>Erinnerungen<\/li>\n\n\n\n<li>emotionale Nachwirkungen<\/li>\n\n\n\n<li>innere Bilder<\/li>\n\n\n\n<li>den eigenen K\u00f6rper und seine Empfindungen<\/li>\n<\/ul>\n\n\n\n<p>Der eigene K\u00f6rper geh\u00f6rt hierher, weil er nicht nur ein Objekt im Raum ist, sondern vor allem als inneres Erleben erscheint: als Spannung, Schmerz, W\u00e4rme, Bewegung.<\/p>\n\n\n\n<p>Das, was nicht mehr ist \u2013 aber noch wirkt \u2013 und sich im eigenen Erleben fortsetzt.<\/p>\n\n\n\n<h3 class=\"wp-block-heading has-medium-font-size\" id=\"h-innen-zukunft\"><strong>Innen \u2013 Zukunft<\/strong><\/h3>\n\n\n\n<p>Hier entstehen:<\/p>\n\n\n\n<ul class=\"wp-block-list\">\n<li>Erwartungen<\/li>\n\n\n\n<li>Pl\u00e4ne<\/li>\n\n\n\n<li>Vorstellungen<\/li>\n<\/ul>\n\n\n\n<p>Das, was noch nicht ist \u2013 aber bereits Bedeutung hat.<\/p>\n\n\n\n<h3 class=\"wp-block-heading has-medium-font-size\" id=\"h-aussen-vergangenheit\"><strong>Au\u00dfen \u2013 Vergangenheit<\/strong><\/h3>\n\n\n\n<p>Hier erscheint die Welt als Ergebnis vergangener Prozesse \u2013 aber genauer gesagt als <strong>Innenperspektive der Au\u00dfenwelt<\/strong>.<\/p>\n\n\n\n<p>Gemeint ist damit nicht unser eigenes Innenleben, sondern das, was sich im Gesamten der Welt als innere Entwicklung vollzogen hat und nun als gegebener Kontext vor uns steht:<\/p>\n\n\n\n<ul class=\"wp-block-list\">\n<li>kulturelle Pr\u00e4gungen<\/li>\n\n\n\n<li>soziale Strukturen<\/li>\n\n\n\n<li>gewachsene Bedeutungen<\/li>\n\n\n\n<li>historische Entwicklungen<\/li>\n<\/ul>\n\n\n\n<p>Diese Ebene beantwortet nicht nur die Frage: <em>Was ist geworden?<\/em><\/p>\n\n\n\n<p>Sondern vor allem: <em>Welche inneren Sichtweisen, Entscheidungen und Bedeutungen haben diese Welt hervorgebracht?<\/em><\/p>\n\n\n\n<p>Eine Stadt ist nicht einfach eine Ansammlung von Geb\u00e4uden.<\/p>\n\n\n\n<p>Sie ist Ausdruck von Geschichte, von Absichten, von Lebensweisen \u2013 also von vergangenen Innenansichten, die sich im Au\u00dfen stabilisiert haben.<\/p>\n\n\n\n<p>In diesem Sinn ist \u201eAu\u00dfen \u2013 Vergangenheit\u201c das sedimentierte Innenleben der Welt selbst.<\/p>\n\n\n\n<h3 class=\"wp-block-heading has-medium-font-size\" id=\"h-aussen-zukunft\"><strong>Au\u00dfen \u2013 Zukunft<\/strong><\/h3>\n\n\n\n<p>Hier erscheint die gesamte materielle Welt als M\u00f6glichkeitsraum \u2013 als das \u201eAu\u00dfen der Au\u00dfenwelt\u201c:<\/p>\n\n\n\n<ul class=\"wp-block-list\">\n<li>physikalische Bedingungen<\/li>\n\n\n\n<li>objektive Strukturen<\/li>\n\n\n\n<li>Gesetzm\u00e4\u00dfigkeiten der Natur<\/li>\n<\/ul>\n\n\n\n<p>Dieser Bereich bestimmt, was \u00fcberhaupt geschehen kann.<\/p>\n\n\n\n<p>Er bildet den Rahmen, innerhalb dessen sich unsere Zukunft entfaltet.<\/p>\n\n\n\n<p>Wir erleben hier nicht nur einzelne Erwartungen (\u201eDas f\u00e4llt gleich runter\u201c), sondern den gesamten objektiven Kontext, der diese Erwartungen \u00fcberhaupt erst sinnvoll macht.<\/p>\n\n\n\n<hr class=\"wp-block-separator has-alpha-channel-opacity\"\/>\n\n\n\n<h2 class=\"wp-block-heading has-large-font-size\" id=\"h-eine-unsichtbare-aber-universelle-struktur\">Eine unsichtbare, aber universelle Struktur<\/h2>\n\n\n\n<p>Diese vier Quadranten sind kein theoretisches Modell.&nbsp;Sie sind immer aktiv.&nbsp;In jedem Moment.&nbsp;Jedes wahrnehmende System \u2013 jedes Holon \u2013 ordnet seine Welt auf diese Weise.&nbsp;Nicht bewusst.&nbsp;Sondern notwendig.&nbsp;Denn ohne diese Ordnung w\u00e4re keine Orientierung m\u00f6glich.&nbsp;Im evolution\u00e4ren Idealismus wird dabei deutlich:<\/p>\n\n\n\n<p>Ein Holon ist kein isoliertes Objekt, sondern ein relational eingebettetes System mit Innenperspektive.&nbsp;Bewusstsein ist dabei nicht etwas Zus\u00e4tzliches, sondern die Erlebnisform dieser relationalen Struktur. Die Quadranten sind also keine abstrakte Theorie.&nbsp;Sie sind die Art und Weise, wie diese Innenperspektive ihre Welt organisiert. Und wie wir sp\u00e4ter sehen werden, sind sie auf der Quantenebene die Struktur, aus der die Raumzeit selbst erst hervorgeht.<\/p>\n\n\n\n<hr class=\"wp-block-separator has-alpha-channel-opacity\"\/>\n\n\n\n<h2 class=\"wp-block-heading has-large-font-size\" id=\"h-der-unterschied-zur-integralen-theorie\">Der Unterschied zur integralen Theorie<\/h2>\n\n\n\n<p>An dieser Stelle entsteht leicht ein Missverst\u00e4ndnis.&nbsp;Denn auch in der integralen Theorie \u2013 insbesondere bei Ken Wilber \u2013 gibt es vier Quadranten.&nbsp;Doch die \u00c4hnlichkeit ist vielleicht irref\u00fchrend.<\/p>\n\n\n\n<h3 class=\"wp-block-heading has-medium-font-size\" id=\"h-perspektiven-auf-die-welt-vs-struktur-der-erfahrung\"><strong>Perspektiven auf die Welt vs. Struktur der Erfahrung<\/strong><\/h3>\n\n\n\n<p>Die integrale Theorie beschreibt vier Perspektiven auf Realit\u00e4t:<\/p>\n\n\n\n<ul class=\"wp-block-list\">\n<li>individuell innen<\/li>\n\n\n\n<li>individuell au\u00dfen<\/li>\n\n\n\n<li>kollektiv innen<\/li>\n\n\n\n<li>kollektiv au\u00dfen<\/li>\n<\/ul>\n\n\n\n<p>Aber es handelt sich dabei um&nbsp; ein Modell der Beschreibung, das intellektuell aus der objektiven Beobachtung abgeleitet wurde.&nbsp;Ein Beobachter kann zwischen diesen Perspektiven wechseln und die Welt aus der jeweiligen Perspektive beschreiben.<\/p>\n\n\n\n<p>Die ph\u00e4nomenalen Quadranten hingegen meinen etwas anderes:&nbsp;Sie sind keine theoretischen Zuordnungen von Perspektiven.&nbsp;Sie sind die ph\u00e4nomenale Struktur, in der die Welt \u00fcberhaupt erst erscheint. Die ph\u00e4nomenalen Quadranten sind eine Spiegelung der Integralen Quadranten innerhalb des Quadranten &#8222;individuell innen&#8220;. Gleichzeitig sind die Quadranten der Integralen Theorie Spiegelungen der ph\u00e4nomenalen Quadranten in einer objektiven Wirklichkeitbeschreibung. Sie \u00e4hneln einander in ihrer Zuordnung, aber sie haben eine andere Aufteilung.<\/p>\n\n\n\n<h3 class=\"wp-block-heading has-medium-font-size\" id=\"h-analyse-vs-konstitution\"><strong>Analyse vs. Konstitution<\/strong><\/h3>\n\n\n\n<p>Die integralen Quadranten sind ein Analysewerkzeug.&nbsp;Die ph\u00e4nomenalen Quadranten sind konstitutiv.&nbsp;Das bedeutet:&nbsp;Sie entstehen nicht durch Denken.&nbsp;Sie sind bereits vor jedem Denken wirksam.<\/p>\n\n\n\n<p>Man k\u00f6nnte sagen: W\u00e4hrend die integralen Quadranten ein Modell sind, das wir bewusst anwenden, sind die ph\u00e4nomenalen Quadranten eine Struktur, die uns \u00fcberhaupt erst erm\u00f6glicht, Modelle zu bilden. Sie liegen gewisserma\u00dfen unterhalb unserer Begriffe.<\/p>\n\n\n\n<p>Noch bevor wir anfangen, \u00fcber die Welt nachzudenken, haben wir sie bereits entlang dieser vier Felder geordnet. Jeder Gedanke, jede Beobachtung, jede Analyse setzt diese Struktur stillschweigend voraus.<\/p>\n\n\n\n<p>Das hat eine weitreichende Konsequenz: Wir k\u00f6nnen uns dieser Struktur nicht vollst\u00e4ndig entziehen. Selbst wenn wir versuchen, sie zu hinterfragen, tun wir dies bereits innerhalb genau dieser Ordnung.<\/p>\n\n\n\n<p>Die ph\u00e4nomenalen Quadranten sind daher nicht nur ein Hilfsmittel zum Verst\u00e4ndnis \u2013 sie sind die Bedingung der M\u00f6glichkeit von Verst\u00e4ndnis \u00fcberhaupt.<\/p>\n\n\n\n<h3 class=\"wp-block-heading has-medium-font-size\" id=\"h-warum-diese-unterscheidung-wichtig-ist\"><strong>Warum diese Unterscheidung wichtig ist<\/strong><\/h3>\n\n\n\n<p>Wenn wir diese Differenz nicht beachten, entsteht ein subtiler Fehler:<\/p>\n\n\n\n<p>Wir glauben, wir w\u00fcrden die Welt objektiv betrachten \u2013 obwohl wir bereits innerhalb einer Struktur von Erfahrung operieren.<\/p>\n\n\n\n<p>Oder anders gesagt:<\/p>\n\n\n\n<p>Wir analysieren die Welt \u2013 und \u00fcbersehen dabei die Struktur, die diese Analyse \u00fcberhaupt erst m\u00f6glich macht.<\/p>\n\n\n\n<hr class=\"wp-block-separator has-alpha-channel-opacity\"\/>\n\n\n\n<h2 class=\"wp-block-heading has-large-font-size\" id=\"h-ein-beispiel-aus-dem-alltag\">Ein Beispiel aus dem Alltag<\/h2>\n\n\n\n<p>Nehmen wir eine einfache Situation:<\/p>\n\n\n\n<p>Sie f\u00fchren ein Gespr\u00e4ch.&nbsp;W\u00e4hrenddessen geschieht Folgendes gleichzeitig:<\/p>\n\n\n\n<ul class=\"wp-block-list\">\n<li>Sie erinnern sich an fr\u00fchere Begegnungen mit dieser Person (Innen\/Vergangenheit)<\/li>\n\n\n\n<li>Sie \u00fcberlegen, wie das Gespr\u00e4ch weitergehen k\u00f6nnte (Innen\/Zukunft)<\/li>\n\n\n\n<li>Sie h\u00f6ren die Worte Ihres Gegen\u00fcbers (Au\u00dfen\/Gegenwart als Spur der Vergangenheit)<\/li>\n\n\n\n<li>Sie antizipieren seine Reaktion (Au\u00dfen\/Zukunft)<\/li>\n<\/ul>\n\n\n\n<p>Alles ist gleichzeitig da.&nbsp;Und doch wirkt es geordnet.&nbsp;Diese Ordnung ist kein Zufall.&nbsp;Sie ist das Ergebnis der vier Quadranten.<\/p>\n\n\n\n<hr class=\"wp-block-separator has-alpha-channel-opacity\"\/>\n\n\n\n<h2 class=\"wp-block-heading has-large-font-size\" id=\"h-was-bedeutet-das-fur-unser-verstandnis-von-realitat\">Was bedeutet das f\u00fcr unser Verst\u00e4ndnis von Realit\u00e4t?<\/h2>\n\n\n\n<p>Wenn jede Wahrnehmung bereits strukturiert ist, dann hat das Konsequenzen.<\/p>\n\n\n\n<p>Erstens: Die Welt ist nicht einfach \u201eda drau\u00dfen\u201c. Sie erscheint immer innerhalb einer Struktur des Erlebens.<\/p>\n\n\n\n<p>Zweitens: Das Subjekt ist nicht getrennt von der Welt. Es ist der Ort, an dem diese Struktur entsteht.<\/p>\n\n\n\n<p>Oder pr\u00e4ziser: Wirklichkeit ist immer ein Verh\u00e4ltnis zwischen Ich und Welt.<\/p>\n\n\n\n<p>Aus Sicht der evolution\u00e4ren Erkenntnistheorie wirkt das zun\u00e4chst plausibel: Unsere kognitiven Strukturen haben sich so entwickelt, dass sie die Welt erfolgreich abbilden. Die Unterscheidungen innen\/au\u00dfen und Vergangenheit\/Zukunft scheinen also deshalb zu existieren, weil sie reale Strukturen der Welt widerspiegeln.<\/p>\n\n\n\n<p>Doch genau hier setzt eine tiefere Perspektive an: Vielleicht ist es nicht so, dass wir diese Achsen bilden, <em>weil<\/em> die Welt so ist. Sondern umgekehrt \u2013 dass die materielle Welt so ist, <em>weil<\/em> diese grundlegende Form der Interpretation bereits wirksam ist.<\/p>\n\n\n\n<p>Die ph\u00e4nomenalen Quadranten w\u00e4ren dann nicht nur ein Abbild von Realit\u00e4t, sondern ein aktiver Beitrag zu ihrer Konstitution.&nbsp;Diese Einsicht steht im Zentrum eines Denkens, das versucht, Innen- und Au\u00dfenperspektive zusammenzuf\u00fchren \u2013 anstatt sie gegeneinander auszuspielen.<\/p>\n\n\n\n<hr class=\"wp-block-separator has-alpha-channel-opacity\"\/>\n\n\n\n<h2 class=\"wp-block-heading has-large-font-size\" id=\"h-ein-ausblick\">Ein Ausblick<\/h2>\n\n\n\n<p>Bis hierhin haben wir etwas scheinbar Einfaches betrachtet:&nbsp;Die Struktur der Wahrnehmung.<\/p>\n\n\n\n<p>Doch diese Struktur ist nicht statisch.&nbsp;Sie ist in Bewegung.&nbsp;Und genau diese Bewegung f\u00fchrt zu einer tieferen Frage:&nbsp;Was geschieht eigentlich, wenn sich diese Quadranten verschieben?&nbsp;Wenn Vergangenheit zu Zukunft wird \u2013 und Innen zu Au\u00dfen?<\/p>\n\n\n\n<p>Die evolution\u00e4re Erkenntnistheorie w\u00fcrde sagen: Diese Achsen haben sich entwickelt, weil sie uns helfen, in einer realen Welt zu \u00fcberleben.<\/p>\n\n\n\n<p>Im n\u00e4chsten Schritt werden wir jedoch eine radikalere M\u00f6glichkeit pr\u00fcfen:&nbsp;Dass diese vier ph\u00e4nomenalen Quadranten nicht nur ein Ergebnis der Welt sind \u2013 sondern ihr Ursprung.&nbsp;Auf fundamentaler Ebene k\u00f6nnte es sein, dass genau diese Form der Interpretation die physikalische Raumzeit \u00fcberhaupt erst hervorbringt.&nbsp;Dass also das, was wir als Raum und Zeit erleben, aus der Art entsteht, wie Bewusstsein die Informationsmatrix strukturiert.&nbsp;Wenn das stimmt, dann sind die Quadranten nicht nur ein Werkzeug des Erkennens \u2013 sondern ein Prinzip der Wirklichkeitsentstehung.&nbsp;Damit besch\u00e4ftige ich mich im n\u00e4chsten Artikel.<\/p>\n","protected":false},"excerpt":{"rendered":"<p>Mit diesem Essay beginnt ein neuer Abschnitt. Im ersten Teil dieser Reihe ging es um die gro\u00dfe Einheit \u2013 also darum, dass alles irgendwie zusammengeh\u00f6rt. In insgesamt elf Essays wurde erkl\u00e4rt, wie man sich diese Einheit vorstellen kann. Jetzt wechseln wir die Perspektive. Wir schauen nicht mehr von der Einheit auf die Teile, sondern von [&hellip;]<\/p>\n","protected":false},"author":1,"featured_media":911,"comment_status":"open","ping_status":"open","sticky":false,"template":"","format":"standard","meta":{"footnotes":""},"categories":[1],"tags":[],"class_list":["post-910","post","type-post","status-publish","format-standard","has-post-thumbnail","hentry","category-allgemein"],"yoast_head":"<!-- This site is optimized with the Yoast SEO Premium plugin v27.2 (Yoast SEO v27.5) - https:\/\/yoast.com\/product\/yoast-seo-premium-wordpress\/ -->\n<title>Die vier Felder der Erfahrung - H\u00f6berths-Blog<\/title>\n<meta name=\"robots\" content=\"index, follow, max-snippet:-1, max-image-preview:large, max-video-preview:-1\" \/>\n<link rel=\"canonical\" href=\"https:\/\/struktur.hoeberth.de\/wordpress\/2026\/04\/30\/die-vier-felder-der-erfahrung\/\" \/>\n<meta property=\"og:locale\" content=\"de_DE\" \/>\n<meta property=\"og:type\" content=\"article\" \/>\n<meta property=\"og:title\" content=\"Die vier Felder der Erfahrung\" \/>\n<meta property=\"og:description\" content=\"Mit diesem Essay beginnt ein neuer Abschnitt. Im ersten Teil dieser Reihe ging es um die gro\u00dfe Einheit \u2013 also darum, dass alles irgendwie zusammengeh\u00f6rt. In insgesamt elf Essays wurde erkl\u00e4rt, wie man sich diese Einheit vorstellen kann. Jetzt wechseln wir die Perspektive. Wir schauen nicht mehr von der Einheit auf die Teile, sondern von [&hellip;]\" \/>\n<meta property=\"og:url\" content=\"https:\/\/struktur.hoeberth.de\/wordpress\/2026\/04\/30\/die-vier-felder-der-erfahrung\/\" \/>\n<meta property=\"og:site_name\" content=\"H\u00f6berths-Blog\" \/>\n<meta property=\"article:publisher\" content=\"https:\/\/www.facebook.com\/hoeberth\" \/>\n<meta property=\"article:author\" content=\"https:\/\/www.facebook.com\/hoeberth\" \/>\n<meta property=\"article:published_time\" content=\"2026-04-30T11:37:08+00:00\" \/>\n<meta property=\"article:modified_time\" content=\"2026-04-30T11:37:10+00:00\" \/>\n<meta property=\"og:image\" content=\"https:\/\/struktur.hoeberth.de\/wordpress\/wp-content\/uploads\/2026\/04\/4Q.jpg\" \/>\n\t<meta property=\"og:image:width\" content=\"1536\" \/>\n\t<meta property=\"og:image:height\" content=\"1024\" \/>\n\t<meta property=\"og:image:type\" content=\"image\/jpeg\" \/>\n<meta name=\"author\" content=\"Gerhard H\u00f6berth\" \/>\n<meta name=\"twitter:card\" content=\"summary_large_image\" \/>\n<meta name=\"twitter:label1\" content=\"Verfasst von\" \/>\n\t<meta name=\"twitter:data1\" content=\"Gerhard H\u00f6berth\" \/>\n\t<meta name=\"twitter:label2\" content=\"Gesch\u00e4tzte Lesezeit\" \/>\n\t<meta name=\"twitter:data2\" content=\"12\u00a0Minuten\" \/>\n<script type=\"application\/ld+json\" class=\"yoast-schema-graph\">{\"@context\":\"https:\\\/\\\/schema.org\",\"@graph\":[{\"@type\":\"Article\",\"@id\":\"https:\\\/\\\/struktur.hoeberth.de\\\/wordpress\\\/2026\\\/04\\\/30\\\/die-vier-felder-der-erfahrung\\\/#article\",\"isPartOf\":{\"@id\":\"https:\\\/\\\/struktur.hoeberth.de\\\/wordpress\\\/2026\\\/04\\\/30\\\/die-vier-felder-der-erfahrung\\\/\"},\"author\":{\"name\":\"Gerhard H\u00f6berth\",\"@id\":\"https:\\\/\\\/struktur.hoeberth.de\\\/wordpress\\\/#\\\/schema\\\/person\\\/ed17aa92ca1b7faac8d00dd400eed154\"},\"headline\":\"Die vier Felder der Erfahrung\",\"datePublished\":\"2026-04-30T11:37:08+00:00\",\"dateModified\":\"2026-04-30T11:37:10+00:00\",\"mainEntityOfPage\":{\"@id\":\"https:\\\/\\\/struktur.hoeberth.de\\\/wordpress\\\/2026\\\/04\\\/30\\\/die-vier-felder-der-erfahrung\\\/\"},\"wordCount\":2154,\"commentCount\":0,\"publisher\":{\"@id\":\"https:\\\/\\\/struktur.hoeberth.de\\\/wordpress\\\/#\\\/schema\\\/person\\\/ed17aa92ca1b7faac8d00dd400eed154\"},\"image\":{\"@id\":\"https:\\\/\\\/struktur.hoeberth.de\\\/wordpress\\\/2026\\\/04\\\/30\\\/die-vier-felder-der-erfahrung\\\/#primaryimage\"},\"thumbnailUrl\":\"https:\\\/\\\/struktur.hoeberth.de\\\/wordpress\\\/wp-content\\\/uploads\\\/2026\\\/04\\\/4Q.jpg\",\"inLanguage\":\"de\",\"potentialAction\":[{\"@type\":\"CommentAction\",\"name\":\"Comment\",\"target\":[\"https:\\\/\\\/struktur.hoeberth.de\\\/wordpress\\\/2026\\\/04\\\/30\\\/die-vier-felder-der-erfahrung\\\/#respond\"]}]},{\"@type\":\"WebPage\",\"@id\":\"https:\\\/\\\/struktur.hoeberth.de\\\/wordpress\\\/2026\\\/04\\\/30\\\/die-vier-felder-der-erfahrung\\\/\",\"url\":\"https:\\\/\\\/struktur.hoeberth.de\\\/wordpress\\\/2026\\\/04\\\/30\\\/die-vier-felder-der-erfahrung\\\/\",\"name\":\"Die vier Felder der Erfahrung - H\u00f6berths-Blog\",\"isPartOf\":{\"@id\":\"https:\\\/\\\/struktur.hoeberth.de\\\/wordpress\\\/#website\"},\"primaryImageOfPage\":{\"@id\":\"https:\\\/\\\/struktur.hoeberth.de\\\/wordpress\\\/2026\\\/04\\\/30\\\/die-vier-felder-der-erfahrung\\\/#primaryimage\"},\"image\":{\"@id\":\"https:\\\/\\\/struktur.hoeberth.de\\\/wordpress\\\/2026\\\/04\\\/30\\\/die-vier-felder-der-erfahrung\\\/#primaryimage\"},\"thumbnailUrl\":\"https:\\\/\\\/struktur.hoeberth.de\\\/wordpress\\\/wp-content\\\/uploads\\\/2026\\\/04\\\/4Q.jpg\",\"datePublished\":\"2026-04-30T11:37:08+00:00\",\"dateModified\":\"2026-04-30T11:37:10+00:00\",\"breadcrumb\":{\"@id\":\"https:\\\/\\\/struktur.hoeberth.de\\\/wordpress\\\/2026\\\/04\\\/30\\\/die-vier-felder-der-erfahrung\\\/#breadcrumb\"},\"inLanguage\":\"de\",\"potentialAction\":[{\"@type\":\"ReadAction\",\"target\":[\"https:\\\/\\\/struktur.hoeberth.de\\\/wordpress\\\/2026\\\/04\\\/30\\\/die-vier-felder-der-erfahrung\\\/\"]}]},{\"@type\":\"ImageObject\",\"inLanguage\":\"de\",\"@id\":\"https:\\\/\\\/struktur.hoeberth.de\\\/wordpress\\\/2026\\\/04\\\/30\\\/die-vier-felder-der-erfahrung\\\/#primaryimage\",\"url\":\"https:\\\/\\\/struktur.hoeberth.de\\\/wordpress\\\/wp-content\\\/uploads\\\/2026\\\/04\\\/4Q.jpg\",\"contentUrl\":\"https:\\\/\\\/struktur.hoeberth.de\\\/wordpress\\\/wp-content\\\/uploads\\\/2026\\\/04\\\/4Q.jpg\",\"width\":1536,\"height\":1024},{\"@type\":\"BreadcrumbList\",\"@id\":\"https:\\\/\\\/struktur.hoeberth.de\\\/wordpress\\\/2026\\\/04\\\/30\\\/die-vier-felder-der-erfahrung\\\/#breadcrumb\",\"itemListElement\":[{\"@type\":\"ListItem\",\"position\":1,\"name\":\"Startseite\",\"item\":\"https:\\\/\\\/struktur.hoeberth.de\\\/wordpress\\\/\"},{\"@type\":\"ListItem\",\"position\":2,\"name\":\"Die vier Felder der Erfahrung\"}]},{\"@type\":\"WebSite\",\"@id\":\"https:\\\/\\\/struktur.hoeberth.de\\\/wordpress\\\/#website\",\"url\":\"https:\\\/\\\/struktur.hoeberth.de\\\/wordpress\\\/\",\"name\":\"Philosophie-Blog von Gerhard H\u00f6berth\",\"description\":\"Gedanken aus der Perspektive des Evolution\u00e4ren Idealismus\",\"publisher\":{\"@id\":\"https:\\\/\\\/struktur.hoeberth.de\\\/wordpress\\\/#\\\/schema\\\/person\\\/ed17aa92ca1b7faac8d00dd400eed154\"},\"potentialAction\":[{\"@type\":\"SearchAction\",\"target\":{\"@type\":\"EntryPoint\",\"urlTemplate\":\"https:\\\/\\\/struktur.hoeberth.de\\\/wordpress\\\/?s={search_term_string}\"},\"query-input\":{\"@type\":\"PropertyValueSpecification\",\"valueRequired\":true,\"valueName\":\"search_term_string\"}}],\"inLanguage\":\"de\"},{\"@type\":[\"Person\",\"Organization\"],\"@id\":\"https:\\\/\\\/struktur.hoeberth.de\\\/wordpress\\\/#\\\/schema\\\/person\\\/ed17aa92ca1b7faac8d00dd400eed154\",\"name\":\"Gerhard H\u00f6berth\",\"image\":{\"@type\":\"ImageObject\",\"inLanguage\":\"de\",\"@id\":\"https:\\\/\\\/struktur.hoeberth.de\\\/wordpress\\\/wp-content\\\/uploads\\\/2024\\\/11\\\/Gerhard.jpg\",\"url\":\"https:\\\/\\\/struktur.hoeberth.de\\\/wordpress\\\/wp-content\\\/uploads\\\/2024\\\/11\\\/Gerhard.jpg\",\"contentUrl\":\"https:\\\/\\\/struktur.hoeberth.de\\\/wordpress\\\/wp-content\\\/uploads\\\/2024\\\/11\\\/Gerhard.jpg\",\"width\":600,\"height\":800,\"caption\":\"Gerhard H\u00f6berth\"},\"logo\":{\"@id\":\"https:\\\/\\\/struktur.hoeberth.de\\\/wordpress\\\/wp-content\\\/uploads\\\/2024\\\/11\\\/Gerhard.jpg\"},\"sameAs\":[\"http:\\\/\\\/struktur.hoeberth.de\\\/wordpress\",\"https:\\\/\\\/www.facebook.com\\\/hoeberth\",\"https:\\\/\\\/www.youtube.com\\\/channel\\\/UCPMEKSbmuN5IFRXHdhPFniw\"],\"url\":\"https:\\\/\\\/struktur.hoeberth.de\\\/wordpress\\\/author\\\/web925\\\/\"}]}<\/script>\n<!-- \/ Yoast SEO Premium plugin. -->","yoast_head_json":{"title":"Die vier Felder der Erfahrung - H\u00f6berths-Blog","robots":{"index":"index","follow":"follow","max-snippet":"max-snippet:-1","max-image-preview":"max-image-preview:large","max-video-preview":"max-video-preview:-1"},"canonical":"https:\/\/struktur.hoeberth.de\/wordpress\/2026\/04\/30\/die-vier-felder-der-erfahrung\/","og_locale":"de_DE","og_type":"article","og_title":"Die vier Felder der Erfahrung","og_description":"Mit diesem Essay beginnt ein neuer Abschnitt. Im ersten Teil dieser Reihe ging es um die gro\u00dfe Einheit \u2013 also darum, dass alles irgendwie zusammengeh\u00f6rt. In insgesamt elf Essays wurde erkl\u00e4rt, wie man sich diese Einheit vorstellen kann. Jetzt wechseln wir die Perspektive. Wir schauen nicht mehr von der Einheit auf die Teile, sondern von [&hellip;]","og_url":"https:\/\/struktur.hoeberth.de\/wordpress\/2026\/04\/30\/die-vier-felder-der-erfahrung\/","og_site_name":"H\u00f6berths-Blog","article_publisher":"https:\/\/www.facebook.com\/hoeberth","article_author":"https:\/\/www.facebook.com\/hoeberth","article_published_time":"2026-04-30T11:37:08+00:00","article_modified_time":"2026-04-30T11:37:10+00:00","og_image":[{"width":1536,"height":1024,"url":"https:\/\/struktur.hoeberth.de\/wordpress\/wp-content\/uploads\/2026\/04\/4Q.jpg","type":"image\/jpeg"}],"author":"Gerhard H\u00f6berth","twitter_card":"summary_large_image","twitter_misc":{"Verfasst von":"Gerhard H\u00f6berth","Gesch\u00e4tzte Lesezeit":"12\u00a0Minuten"},"schema":{"@context":"https:\/\/schema.org","@graph":[{"@type":"Article","@id":"https:\/\/struktur.hoeberth.de\/wordpress\/2026\/04\/30\/die-vier-felder-der-erfahrung\/#article","isPartOf":{"@id":"https:\/\/struktur.hoeberth.de\/wordpress\/2026\/04\/30\/die-vier-felder-der-erfahrung\/"},"author":{"name":"Gerhard H\u00f6berth","@id":"https:\/\/struktur.hoeberth.de\/wordpress\/#\/schema\/person\/ed17aa92ca1b7faac8d00dd400eed154"},"headline":"Die vier Felder der Erfahrung","datePublished":"2026-04-30T11:37:08+00:00","dateModified":"2026-04-30T11:37:10+00:00","mainEntityOfPage":{"@id":"https:\/\/struktur.hoeberth.de\/wordpress\/2026\/04\/30\/die-vier-felder-der-erfahrung\/"},"wordCount":2154,"commentCount":0,"publisher":{"@id":"https:\/\/struktur.hoeberth.de\/wordpress\/#\/schema\/person\/ed17aa92ca1b7faac8d00dd400eed154"},"image":{"@id":"https:\/\/struktur.hoeberth.de\/wordpress\/2026\/04\/30\/die-vier-felder-der-erfahrung\/#primaryimage"},"thumbnailUrl":"https:\/\/struktur.hoeberth.de\/wordpress\/wp-content\/uploads\/2026\/04\/4Q.jpg","inLanguage":"de","potentialAction":[{"@type":"CommentAction","name":"Comment","target":["https:\/\/struktur.hoeberth.de\/wordpress\/2026\/04\/30\/die-vier-felder-der-erfahrung\/#respond"]}]},{"@type":"WebPage","@id":"https:\/\/struktur.hoeberth.de\/wordpress\/2026\/04\/30\/die-vier-felder-der-erfahrung\/","url":"https:\/\/struktur.hoeberth.de\/wordpress\/2026\/04\/30\/die-vier-felder-der-erfahrung\/","name":"Die vier Felder der Erfahrung - H\u00f6berths-Blog","isPartOf":{"@id":"https:\/\/struktur.hoeberth.de\/wordpress\/#website"},"primaryImageOfPage":{"@id":"https:\/\/struktur.hoeberth.de\/wordpress\/2026\/04\/30\/die-vier-felder-der-erfahrung\/#primaryimage"},"image":{"@id":"https:\/\/struktur.hoeberth.de\/wordpress\/2026\/04\/30\/die-vier-felder-der-erfahrung\/#primaryimage"},"thumbnailUrl":"https:\/\/struktur.hoeberth.de\/wordpress\/wp-content\/uploads\/2026\/04\/4Q.jpg","datePublished":"2026-04-30T11:37:08+00:00","dateModified":"2026-04-30T11:37:10+00:00","breadcrumb":{"@id":"https:\/\/struktur.hoeberth.de\/wordpress\/2026\/04\/30\/die-vier-felder-der-erfahrung\/#breadcrumb"},"inLanguage":"de","potentialAction":[{"@type":"ReadAction","target":["https:\/\/struktur.hoeberth.de\/wordpress\/2026\/04\/30\/die-vier-felder-der-erfahrung\/"]}]},{"@type":"ImageObject","inLanguage":"de","@id":"https:\/\/struktur.hoeberth.de\/wordpress\/2026\/04\/30\/die-vier-felder-der-erfahrung\/#primaryimage","url":"https:\/\/struktur.hoeberth.de\/wordpress\/wp-content\/uploads\/2026\/04\/4Q.jpg","contentUrl":"https:\/\/struktur.hoeberth.de\/wordpress\/wp-content\/uploads\/2026\/04\/4Q.jpg","width":1536,"height":1024},{"@type":"BreadcrumbList","@id":"https:\/\/struktur.hoeberth.de\/wordpress\/2026\/04\/30\/die-vier-felder-der-erfahrung\/#breadcrumb","itemListElement":[{"@type":"ListItem","position":1,"name":"Startseite","item":"https:\/\/struktur.hoeberth.de\/wordpress\/"},{"@type":"ListItem","position":2,"name":"Die vier Felder der Erfahrung"}]},{"@type":"WebSite","@id":"https:\/\/struktur.hoeberth.de\/wordpress\/#website","url":"https:\/\/struktur.hoeberth.de\/wordpress\/","name":"Philosophie-Blog von Gerhard H\u00f6berth","description":"Gedanken aus der Perspektive des Evolution\u00e4ren Idealismus","publisher":{"@id":"https:\/\/struktur.hoeberth.de\/wordpress\/#\/schema\/person\/ed17aa92ca1b7faac8d00dd400eed154"},"potentialAction":[{"@type":"SearchAction","target":{"@type":"EntryPoint","urlTemplate":"https:\/\/struktur.hoeberth.de\/wordpress\/?s={search_term_string}"},"query-input":{"@type":"PropertyValueSpecification","valueRequired":true,"valueName":"search_term_string"}}],"inLanguage":"de"},{"@type":["Person","Organization"],"@id":"https:\/\/struktur.hoeberth.de\/wordpress\/#\/schema\/person\/ed17aa92ca1b7faac8d00dd400eed154","name":"Gerhard H\u00f6berth","image":{"@type":"ImageObject","inLanguage":"de","@id":"https:\/\/struktur.hoeberth.de\/wordpress\/wp-content\/uploads\/2024\/11\/Gerhard.jpg","url":"https:\/\/struktur.hoeberth.de\/wordpress\/wp-content\/uploads\/2024\/11\/Gerhard.jpg","contentUrl":"https:\/\/struktur.hoeberth.de\/wordpress\/wp-content\/uploads\/2024\/11\/Gerhard.jpg","width":600,"height":800,"caption":"Gerhard H\u00f6berth"},"logo":{"@id":"https:\/\/struktur.hoeberth.de\/wordpress\/wp-content\/uploads\/2024\/11\/Gerhard.jpg"},"sameAs":["http:\/\/struktur.hoeberth.de\/wordpress","https:\/\/www.facebook.com\/hoeberth","https:\/\/www.youtube.com\/channel\/UCPMEKSbmuN5IFRXHdhPFniw"],"url":"https:\/\/struktur.hoeberth.de\/wordpress\/author\/web925\/"}]}},"wp-worthy-pixel":{"ignored":false,"public":"7612470ca1794068959c572449ac293d","server":"","url":"https:\/\/vg07.met.vgwort.de\/na\/7612470ca1794068959c572449ac293d"},"wp-worthy-type":"normal","_links":{"self":[{"href":"https:\/\/struktur.hoeberth.de\/wordpress\/wp-json\/wp\/v2\/posts\/910","targetHints":{"allow":["GET"]}}],"collection":[{"href":"https:\/\/struktur.hoeberth.de\/wordpress\/wp-json\/wp\/v2\/posts"}],"about":[{"href":"https:\/\/struktur.hoeberth.de\/wordpress\/wp-json\/wp\/v2\/types\/post"}],"author":[{"embeddable":true,"href":"https:\/\/struktur.hoeberth.de\/wordpress\/wp-json\/wp\/v2\/users\/1"}],"replies":[{"embeddable":true,"href":"https:\/\/struktur.hoeberth.de\/wordpress\/wp-json\/wp\/v2\/comments?post=910"}],"version-history":[{"count":1,"href":"https:\/\/struktur.hoeberth.de\/wordpress\/wp-json\/wp\/v2\/posts\/910\/revisions"}],"predecessor-version":[{"id":912,"href":"https:\/\/struktur.hoeberth.de\/wordpress\/wp-json\/wp\/v2\/posts\/910\/revisions\/912"}],"wp:featuredmedia":[{"embeddable":true,"href":"https:\/\/struktur.hoeberth.de\/wordpress\/wp-json\/wp\/v2\/media\/911"}],"wp:attachment":[{"href":"https:\/\/struktur.hoeberth.de\/wordpress\/wp-json\/wp\/v2\/media?parent=910"}],"wp:term":[{"taxonomy":"category","embeddable":true,"href":"https:\/\/struktur.hoeberth.de\/wordpress\/wp-json\/wp\/v2\/categories?post=910"},{"taxonomy":"post_tag","embeddable":true,"href":"https:\/\/struktur.hoeberth.de\/wordpress\/wp-json\/wp\/v2\/tags?post=910"}],"curies":[{"name":"wp","href":"https:\/\/api.w.org\/{rel}","templated":true}]}}