{"id":97,"date":"2024-09-12T15:34:49","date_gmt":"2024-09-12T13:34:49","guid":{"rendered":"https:\/\/struktur.hoeberth.de\/wordpress\/?p=97"},"modified":"2024-09-17T17:35:54","modified_gmt":"2024-09-17T15:35:54","slug":"die-grenzen-des-gesunden-menschenverstands-in-einer-komplexen-welt","status":"publish","type":"post","link":"https:\/\/struktur.hoeberth.de\/wordpress\/2024\/09\/12\/die-grenzen-des-gesunden-menschenverstands-in-einer-komplexen-welt\/","title":{"rendered":"Die Grenzen des &#8222;gesunden Menschenverstands&#8220; in einer komplexen Welt"},"content":{"rendered":"\n<h2 class=\"wp-block-heading has-large-font-size\"><strong>Wie kollektive Intelligenz und Thinkscape die Wahrheitsfindung revolutionieren<\/strong><\/h2>\n\n\n\n<p>In einer zunehmend komplexen und global vernetzten Welt st\u00f6\u00dft der \u201egesunde Menschenverstand\u201c schnell an seine Grenzen. Was einst als verl\u00e4sslicher Wegweiser f\u00fcr individuelle Entscheidungen galt, erweist sich in der heutigen technologisch fortgeschrittenen Gesellschaft oft als unzureichend. Viele wissenschaftliche Fakten und Sachverhalte sind kontraintuitiv \u2013 das hei\u00dft, sie widersprechen dem, was wir auf den ersten Blick f\u00fcr wahr halten w\u00fcrden. So erscheint es beispielsweise unlogisch, dass schwere Objekte im Vakuum genauso schnell fallen wie leichte, oder dass unser t\u00e4gliches Verhalten tats\u00e4chlich das Klima eines ganzen Planeten beeinflussen kann. Das f\u00fchrt dazu, dass viele Menschen falschen Annahmen und vereinfachten Erkl\u00e4rungen Glauben schenken. Genau diese Schw\u00e4che machen sich Populisten zunutze, indem sie mit vermeintlich einfachen Antworten und dem Appell an den \u201egesunden Menschenverstand\u201c Falschinformationen verbreiten und die Menschen politisch instrumentalisieren.<\/p>\n\n\n\n<p>Doch wie k\u00f6nnen wir in einer solch komplexen Welt eine faktenbasierte Wahrheitsfindung betreiben, die den Herausforderungen unserer Zeit gerecht wird? Die Antwort liegt nicht in individuellen Urteilsf\u00e4higkeiten, sondern in der kollektiven Intelligenz. Moderne Technologien wie die Thinkscape-Plattform, die von Dr. Louis Rosenberg und seinem Team bei Unanimous AI entwickelt wurde, bieten einen neuen Ansatz, wie gro\u00dfe Menschengruppen zusammenarbeiten k\u00f6nnen, um fundierte, faktenbasierte Entscheidungen zu treffen.<\/p>\n\n\n\n<h3 class=\"wp-block-heading has-large-font-size\">Der Mythos des \u201egesunden Menschenverstands\u201c<\/h3>\n\n\n\n<p>Der \u201egesunde Menschenverstand\u201c basiert auf pers\u00f6nlichen Erfahrungen und allt\u00e4glichen Beobachtungen, die oft nicht ausreichen, um komplexe Ph\u00e4nomene zu durchdringen. Populistische Bewegungen aller politischen Richtungen nutzen diese Intuition, um vermeintlich einfache L\u00f6sungen f\u00fcr komplexe Probleme zu propagieren. Dabei werden wissenschaftliche Fakten oft in Frage gestellt oder durch leicht verst\u00e4ndliche, aber falsche Erkl\u00e4rungen ersetzt.<\/p>\n\n\n\n<p>Diese Vereinfachungen k\u00f6nnen in der heutigen Welt, die von Globalisierung, Technologie und Wissenschaft dominiert wird, zu schwerwiegenden Fehlentscheidungen f\u00fchren. Klimawandel, Pandemie-Bek\u00e4mpfung oder wirtschaftliche Globalisierung sind nur einige Beispiele f\u00fcr Themen, bei denen der \u201egesunde Menschenverstand\u201c oft scheitert. Die L\u00f6sung solcher komplexen Probleme erfordert kollektive Anstrengungen und den Zugang zu vielf\u00e4ltigem Wissen \u2013 etwas, das kein Individuum allein bew\u00e4ltigen kann.<\/p>\n\n\n\n<h3 class=\"wp-block-heading has-large-font-size\">Kollektive Intelligenz als Antwort<\/h3>\n\n\n\n<p>Die Idee, dass Gruppen intelligenter sein k\u00f6nnen als einzelne Individuen, ist nicht neu. Schon 1906 zeigte der Forscher Sir Francis Galton in einem ber\u00fchmten Experiment, dass die Sch\u00e4tzungen einer gro\u00dfen Gruppe bei der Vorhersage des Gewichts eines Ochsen erstaunlich genau waren, wenn die individuellen Sch\u00e4tzungen aggregiert wurden. Doch diese Methode der \u201eWeisheit der Vielen\u201c st\u00f6\u00dft in der modernen Welt an Grenzen. Die blo\u00dfe Aggregation von Daten aus Umfragen oder Vorhersagem\u00e4rkten reicht oft nicht aus, um wirklich komplexe Probleme zu l\u00f6sen oder die kollektive Intelligenz einer gro\u00dfen Gruppe voll auszusch\u00f6pfen.<\/p>\n\n\n\n<p>Dr. Louis Rosenberg und sein Team von Unanimous AI haben einen neuen Ansatz entwickelt, der auf dem Prinzip der Schwarmintelligenz basiert. In der Natur arbeiten Schw\u00e4rme von Fischen, V\u00f6geln oder Bienen zusammen, um Entscheidungen zu treffen, die weit intelligenter sind als die Entscheidungen einzelner Individuen. Diese Schw\u00e4rme nutzen lokale Kommunikation und Echtzeit-Feedback, um sich als Gruppe zu organisieren und auf Bedrohungen oder Chancen zu reagieren. Rosenbergs Forschung hat gezeigt, dass sich diese Prinzipien auch auf menschliche Gruppen anwenden lassen \u2013 und dass moderne Technologien, insbesondere K\u00fcnstliche Intelligenz (KI), dabei eine entscheidende Rolle spielen k\u00f6nnen.<\/p>\n\n\n\n<h3 class=\"wp-block-heading has-large-font-size\">Die Technologie der konversatorischen Schwarmintelligenz<\/h3>\n\n\n\n<p>W\u00e4hrend fr\u00fchere Methoden der kollektiven Intelligenz auf der Aggregation von Daten basierten, geht die Technologie der konversatorischen Schwarmintelligenz einen Schritt weiter. Sie erm\u00f6glicht es gro\u00dfen Gruppen von Menschen, in Echtzeit zu diskutieren und zu debattieren, w\u00e4hrend KI-Agenten die Diskussionen \u00fcberwachen und die wichtigsten Einsichten zwischen den Gruppen austauschen. Diese KI-Agenten, die Rosenberg als \u201ekonversatorische Stellvertreter\u201c bezeichnet, wirken wie Vermittler, die die Kommunikation in einem digitalen Schwarm erm\u00f6glichen.<\/p>\n\n\n\n<p>Die Plattform <em>Thinkscape<\/em>, die von Unanimous AI entwickelt wurde, nutzt diese Technologie, um reale Diskussionen in gro\u00dfen Gruppen m\u00f6glich zu machen \u2013 von 40 bis zu mehreren Tausend Menschen. Besonders interessant ist die Anwendung im Bereich der deliberativen Demokratie, wo gro\u00dfe B\u00fcrgergruppen in den politischen Entscheidungsprozess eingebunden werden k\u00f6nnen. Die Plattform erm\u00f6glicht es, dass jeder Teilnehmer in kleinen Gruppen von etwa f\u00fcnf Personen diskutiert, w\u00e4hrend die KI-Agenten wichtige Informationen in Echtzeit zwischen den Gruppen austauschen. Dies f\u00fchrt zu einer verst\u00e4rkten kollektiven Intelligenz und erlaubt es, komplexe Probleme gemeinsam zu l\u00f6sen.<\/p>\n\n\n\n<h3 class=\"wp-block-heading has-large-font-size\">Forschungsbasierte Vorteile der Schwarmintelligenz<\/h3>\n\n\n\n<p>Studien belegen die beeindruckenden Ergebnisse dieser Technologie. In einer Zusammenarbeit mit MIT wurden Finanzh\u00e4ndler untersucht, die in Echtzeit Vorhersagen \u00fcber den Preis von Gold, \u00d6l und dem S&amp;P 500 machten. Die H\u00e4ndler, die als Schwarm arbeiteten, verbesserten ihre kollektive Intelligenz um 26 %. Eine weitere Studie mit der Stanford Medical School zeigte, dass Radiologen, die mithilfe der Schwarmintelligenz zusammenarbeiteten, ihre Diagnosefehler um 33 % reduzierten. Diese Ergebnisse sind ein starkes Argument f\u00fcr den Einsatz von Schwarmtechnologien in verschiedenen Bereichen, von der Medizin bis zur Wirtschaft.<\/p>\n\n\n\n<p>Ein weiteres Beispiel ist ein Experiment, bei dem Teilnehmer die Anzahl von Kaugummis in einem Glas sch\u00e4tzen sollten. W\u00e4hrend Einzelpersonen eine Fehlerrate von 55 % aufwiesen, und die Aggregation der Antworten (\u201eWeisheit der Vielen\u201c) die Fehlerrate auf 25 % senkte, reduzierte die Schwarmintelligenz die Fehlerrate auf nur 12 %. Diese F\u00e4higkeit, durch kollektive Diskussion und Schwarmintelligenz zu pr\u00e4ziseren Ergebnissen zu gelangen, verdeutlicht das Potenzial dieser Technologie.<\/p>\n\n\n\n<h3 class=\"wp-block-heading has-large-font-size\">Deliberative Demokratie und kollektive Intelligenz<\/h3>\n\n\n\n<p>Ein besonders vielversprechender Anwendungsbereich der Thinkscape-Plattform ist die deliberative Demokratie. In einer Zeit, in der politische Polarisierung und Populismus zunehmen, bietet diese Technologie eine M\u00f6glichkeit, B\u00fcrger in den politischen Entscheidungsprozess einzubeziehen und faktenbasierte Diskussionen auf gro\u00dfer Ebene zu erm\u00f6glichen. Durch die Nutzung von Schwarmintelligenz k\u00f6nnen gro\u00dfe Gruppen von B\u00fcrgern zusammenarbeiten, um fundierte Entscheidungen zu treffen, die auf dem kollektiven Wissen und der Weisheit der Gruppe basieren.<\/p>\n\n\n\n<p>Thinkscape erm\u00f6glicht es, dass tausende Menschen gleichzeitig an Diskussionen teilnehmen, ohne dass die Qualit\u00e4t der Debatte leidet. Die KI-Agenten stellen sicher, dass die besten Argumente und Einsichten zwischen den Gruppen geteilt werden, sodass am Ende eine kollektive, wohl\u00fcberlegte Entscheidung getroffen wird. Dies k\u00f6nnte der Schl\u00fcssel sein, um in Zukunft komplexe gesellschaftliche Probleme wie Klimawandel, Wirtschaftskrisen oder soziale Ungerechtigkeit auf partizipative und demokratische Weise zu l\u00f6sen.<\/p>\n\n\n\n<h3 class=\"wp-block-heading has-large-font-size\">Fazit<\/h3>\n\n\n\n<p>In einer Welt, die zunehmend von Komplexit\u00e4t und schnellen Ver\u00e4nderungen gepr\u00e4gt ist, reicht der \u201egesunde Menschenverstand\u201c nicht mehr aus, um faktenbasierte Entscheidungen zu treffen. Die Schwarmintelligenz und Technologien wie die Thinkscape-Plattform bieten eine innovative L\u00f6sung, um die kollektive Weisheit gro\u00dfer Gruppen zu nutzen und zu verst\u00e4rken. Besonders in der politischen Entscheidungsfindung und der deliberativen Demokratie er\u00f6ffnen sich dadurch neue M\u00f6glichkeiten, um Menschen auf intelligente und konstruktive Weise einzubinden. Kollektive Intelligenz k\u00f6nnte der Schl\u00fcssel sein, um die Herausforderungen unserer Zeit gemeinsam und auf fundierte Weise zu bew\u00e4ltigen.<\/p>\n","protected":false},"excerpt":{"rendered":"<p>Wie kollektive Intelligenz und Thinkscape die Wahrheitsfindung revolutionieren In einer zunehmend komplexen und global vernetzten Welt st\u00f6\u00dft der \u201egesunde Menschenverstand\u201c schnell an seine Grenzen. Was einst als verl\u00e4sslicher Wegweiser f\u00fcr individuelle Entscheidungen galt, erweist sich in der heutigen technologisch fortgeschrittenen Gesellschaft oft als unzureichend. Viele wissenschaftliche Fakten und Sachverhalte sind kontraintuitiv \u2013 das hei\u00dft, sie [&hellip;]<\/p>\n","protected":false},"author":1,"featured_media":98,"comment_status":"open","ping_status":"open","sticky":false,"template":"","format":"standard","meta":{"footnotes":""},"categories":[1],"tags":[],"class_list":["post-97","post","type-post","status-publish","format-standard","has-post-thumbnail","hentry","category-allgemein"],"yoast_head":"<!-- This site is optimized with the Yoast SEO Premium plugin v27.2 (Yoast SEO v27.4) - https:\/\/yoast.com\/product\/yoast-seo-premium-wordpress\/ -->\n<title>Die Grenzen des &quot;gesunden Menschenverstands&quot; in einer komplexen Welt - H\u00f6berths-Blog<\/title>\n<meta name=\"robots\" content=\"index, follow, max-snippet:-1, max-image-preview:large, max-video-preview:-1\" \/>\n<link rel=\"canonical\" href=\"https:\/\/struktur.hoeberth.de\/wordpress\/2024\/09\/12\/die-grenzen-des-gesunden-menschenverstands-in-einer-komplexen-welt\/\" \/>\n<meta property=\"og:locale\" content=\"de_DE\" \/>\n<meta property=\"og:type\" content=\"article\" \/>\n<meta property=\"og:title\" content=\"Die Grenzen des &quot;gesunden Menschenverstands&quot; in einer komplexen Welt\" \/>\n<meta property=\"og:description\" content=\"Wie kollektive Intelligenz und Thinkscape die Wahrheitsfindung revolutionieren In einer zunehmend komplexen und global vernetzten Welt st\u00f6\u00dft der \u201egesunde Menschenverstand\u201c schnell an seine Grenzen. Was einst als verl\u00e4sslicher Wegweiser f\u00fcr individuelle Entscheidungen galt, erweist sich in der heutigen technologisch fortgeschrittenen Gesellschaft oft als unzureichend. Viele wissenschaftliche Fakten und Sachverhalte sind kontraintuitiv \u2013 das hei\u00dft, sie [&hellip;]\" \/>\n<meta property=\"og:url\" content=\"https:\/\/struktur.hoeberth.de\/wordpress\/2024\/09\/12\/die-grenzen-des-gesunden-menschenverstands-in-einer-komplexen-welt\/\" \/>\n<meta property=\"og:site_name\" content=\"H\u00f6berths-Blog\" \/>\n<meta property=\"article:publisher\" content=\"https:\/\/www.facebook.com\/hoeberth\" \/>\n<meta property=\"article:author\" content=\"https:\/\/www.facebook.com\/hoeberth\" \/>\n<meta property=\"article:published_time\" content=\"2024-09-12T13:34:49+00:00\" \/>\n<meta property=\"article:modified_time\" content=\"2024-09-17T15:35:54+00:00\" \/>\n<meta property=\"og:image\" content=\"https:\/\/struktur.hoeberth.de\/wordpress\/wp-content\/uploads\/2024\/09\/0017.jpg\" \/>\n\t<meta property=\"og:image:width\" content=\"1344\" \/>\n\t<meta property=\"og:image:height\" content=\"896\" \/>\n\t<meta property=\"og:image:type\" content=\"image\/jpeg\" \/>\n<meta name=\"author\" content=\"Gerhard H\u00f6berth\" \/>\n<meta name=\"twitter:card\" content=\"summary_large_image\" \/>\n<meta name=\"twitter:label1\" content=\"Verfasst von\" \/>\n\t<meta name=\"twitter:data1\" content=\"Gerhard H\u00f6berth\" \/>\n\t<meta name=\"twitter:label2\" content=\"Gesch\u00e4tzte Lesezeit\" \/>\n\t<meta name=\"twitter:data2\" content=\"6\u00a0Minuten\" \/>\n<script type=\"application\/ld+json\" class=\"yoast-schema-graph\">{\"@context\":\"https:\\\/\\\/schema.org\",\"@graph\":[{\"@type\":\"Article\",\"@id\":\"https:\\\/\\\/struktur.hoeberth.de\\\/wordpress\\\/2024\\\/09\\\/12\\\/die-grenzen-des-gesunden-menschenverstands-in-einer-komplexen-welt\\\/#article\",\"isPartOf\":{\"@id\":\"https:\\\/\\\/struktur.hoeberth.de\\\/wordpress\\\/2024\\\/09\\\/12\\\/die-grenzen-des-gesunden-menschenverstands-in-einer-komplexen-welt\\\/\"},\"author\":{\"name\":\"Gerhard H\u00f6berth\",\"@id\":\"https:\\\/\\\/struktur.hoeberth.de\\\/wordpress\\\/#\\\/schema\\\/person\\\/ed17aa92ca1b7faac8d00dd400eed154\"},\"headline\":\"Die Grenzen des &#8222;gesunden Menschenverstands&#8220; in einer komplexen Welt\",\"datePublished\":\"2024-09-12T13:34:49+00:00\",\"dateModified\":\"2024-09-17T15:35:54+00:00\",\"mainEntityOfPage\":{\"@id\":\"https:\\\/\\\/struktur.hoeberth.de\\\/wordpress\\\/2024\\\/09\\\/12\\\/die-grenzen-des-gesunden-menschenverstands-in-einer-komplexen-welt\\\/\"},\"wordCount\":1130,\"commentCount\":1,\"publisher\":{\"@id\":\"https:\\\/\\\/struktur.hoeberth.de\\\/wordpress\\\/#\\\/schema\\\/person\\\/ed17aa92ca1b7faac8d00dd400eed154\"},\"image\":{\"@id\":\"https:\\\/\\\/struktur.hoeberth.de\\\/wordpress\\\/2024\\\/09\\\/12\\\/die-grenzen-des-gesunden-menschenverstands-in-einer-komplexen-welt\\\/#primaryimage\"},\"thumbnailUrl\":\"https:\\\/\\\/struktur.hoeberth.de\\\/wordpress\\\/wp-content\\\/uploads\\\/2024\\\/09\\\/0017.jpg\",\"inLanguage\":\"de\",\"potentialAction\":[{\"@type\":\"CommentAction\",\"name\":\"Comment\",\"target\":[\"https:\\\/\\\/struktur.hoeberth.de\\\/wordpress\\\/2024\\\/09\\\/12\\\/die-grenzen-des-gesunden-menschenverstands-in-einer-komplexen-welt\\\/#respond\"]}]},{\"@type\":\"WebPage\",\"@id\":\"https:\\\/\\\/struktur.hoeberth.de\\\/wordpress\\\/2024\\\/09\\\/12\\\/die-grenzen-des-gesunden-menschenverstands-in-einer-komplexen-welt\\\/\",\"url\":\"https:\\\/\\\/struktur.hoeberth.de\\\/wordpress\\\/2024\\\/09\\\/12\\\/die-grenzen-des-gesunden-menschenverstands-in-einer-komplexen-welt\\\/\",\"name\":\"Die Grenzen des \\\"gesunden Menschenverstands\\\" in einer komplexen Welt - H\u00f6berths-Blog\",\"isPartOf\":{\"@id\":\"https:\\\/\\\/struktur.hoeberth.de\\\/wordpress\\\/#website\"},\"primaryImageOfPage\":{\"@id\":\"https:\\\/\\\/struktur.hoeberth.de\\\/wordpress\\\/2024\\\/09\\\/12\\\/die-grenzen-des-gesunden-menschenverstands-in-einer-komplexen-welt\\\/#primaryimage\"},\"image\":{\"@id\":\"https:\\\/\\\/struktur.hoeberth.de\\\/wordpress\\\/2024\\\/09\\\/12\\\/die-grenzen-des-gesunden-menschenverstands-in-einer-komplexen-welt\\\/#primaryimage\"},\"thumbnailUrl\":\"https:\\\/\\\/struktur.hoeberth.de\\\/wordpress\\\/wp-content\\\/uploads\\\/2024\\\/09\\\/0017.jpg\",\"datePublished\":\"2024-09-12T13:34:49+00:00\",\"dateModified\":\"2024-09-17T15:35:54+00:00\",\"breadcrumb\":{\"@id\":\"https:\\\/\\\/struktur.hoeberth.de\\\/wordpress\\\/2024\\\/09\\\/12\\\/die-grenzen-des-gesunden-menschenverstands-in-einer-komplexen-welt\\\/#breadcrumb\"},\"inLanguage\":\"de\",\"potentialAction\":[{\"@type\":\"ReadAction\",\"target\":[\"https:\\\/\\\/struktur.hoeberth.de\\\/wordpress\\\/2024\\\/09\\\/12\\\/die-grenzen-des-gesunden-menschenverstands-in-einer-komplexen-welt\\\/\"]}]},{\"@type\":\"ImageObject\",\"inLanguage\":\"de\",\"@id\":\"https:\\\/\\\/struktur.hoeberth.de\\\/wordpress\\\/2024\\\/09\\\/12\\\/die-grenzen-des-gesunden-menschenverstands-in-einer-komplexen-welt\\\/#primaryimage\",\"url\":\"https:\\\/\\\/struktur.hoeberth.de\\\/wordpress\\\/wp-content\\\/uploads\\\/2024\\\/09\\\/0017.jpg\",\"contentUrl\":\"https:\\\/\\\/struktur.hoeberth.de\\\/wordpress\\\/wp-content\\\/uploads\\\/2024\\\/09\\\/0017.jpg\",\"width\":1344,\"height\":896},{\"@type\":\"BreadcrumbList\",\"@id\":\"https:\\\/\\\/struktur.hoeberth.de\\\/wordpress\\\/2024\\\/09\\\/12\\\/die-grenzen-des-gesunden-menschenverstands-in-einer-komplexen-welt\\\/#breadcrumb\",\"itemListElement\":[{\"@type\":\"ListItem\",\"position\":1,\"name\":\"Startseite\",\"item\":\"https:\\\/\\\/struktur.hoeberth.de\\\/wordpress\\\/\"},{\"@type\":\"ListItem\",\"position\":2,\"name\":\"Die Grenzen des &#8222;gesunden Menschenverstands&#8220; in einer komplexen Welt\"}]},{\"@type\":\"WebSite\",\"@id\":\"https:\\\/\\\/struktur.hoeberth.de\\\/wordpress\\\/#website\",\"url\":\"https:\\\/\\\/struktur.hoeberth.de\\\/wordpress\\\/\",\"name\":\"Philosophie-Blog von Gerhard H\u00f6berth\",\"description\":\"Gedanken aus der Perspektive des Evolution\u00e4ren Idealismus\",\"publisher\":{\"@id\":\"https:\\\/\\\/struktur.hoeberth.de\\\/wordpress\\\/#\\\/schema\\\/person\\\/ed17aa92ca1b7faac8d00dd400eed154\"},\"potentialAction\":[{\"@type\":\"SearchAction\",\"target\":{\"@type\":\"EntryPoint\",\"urlTemplate\":\"https:\\\/\\\/struktur.hoeberth.de\\\/wordpress\\\/?s={search_term_string}\"},\"query-input\":{\"@type\":\"PropertyValueSpecification\",\"valueRequired\":true,\"valueName\":\"search_term_string\"}}],\"inLanguage\":\"de\"},{\"@type\":[\"Person\",\"Organization\"],\"@id\":\"https:\\\/\\\/struktur.hoeberth.de\\\/wordpress\\\/#\\\/schema\\\/person\\\/ed17aa92ca1b7faac8d00dd400eed154\",\"name\":\"Gerhard H\u00f6berth\",\"image\":{\"@type\":\"ImageObject\",\"inLanguage\":\"de\",\"@id\":\"https:\\\/\\\/struktur.hoeberth.de\\\/wordpress\\\/wp-content\\\/uploads\\\/2024\\\/11\\\/Gerhard.jpg\",\"url\":\"https:\\\/\\\/struktur.hoeberth.de\\\/wordpress\\\/wp-content\\\/uploads\\\/2024\\\/11\\\/Gerhard.jpg\",\"contentUrl\":\"https:\\\/\\\/struktur.hoeberth.de\\\/wordpress\\\/wp-content\\\/uploads\\\/2024\\\/11\\\/Gerhard.jpg\",\"width\":600,\"height\":800,\"caption\":\"Gerhard H\u00f6berth\"},\"logo\":{\"@id\":\"https:\\\/\\\/struktur.hoeberth.de\\\/wordpress\\\/wp-content\\\/uploads\\\/2024\\\/11\\\/Gerhard.jpg\"},\"sameAs\":[\"http:\\\/\\\/struktur.hoeberth.de\\\/wordpress\",\"https:\\\/\\\/www.facebook.com\\\/hoeberth\",\"https:\\\/\\\/www.youtube.com\\\/channel\\\/UCPMEKSbmuN5IFRXHdhPFniw\"],\"url\":\"https:\\\/\\\/struktur.hoeberth.de\\\/wordpress\\\/author\\\/web925\\\/\"}]}<\/script>\n<!-- \/ Yoast SEO Premium plugin. -->","yoast_head_json":{"title":"Die Grenzen des \"gesunden Menschenverstands\" in einer komplexen Welt - H\u00f6berths-Blog","robots":{"index":"index","follow":"follow","max-snippet":"max-snippet:-1","max-image-preview":"max-image-preview:large","max-video-preview":"max-video-preview:-1"},"canonical":"https:\/\/struktur.hoeberth.de\/wordpress\/2024\/09\/12\/die-grenzen-des-gesunden-menschenverstands-in-einer-komplexen-welt\/","og_locale":"de_DE","og_type":"article","og_title":"Die Grenzen des \"gesunden Menschenverstands\" in einer komplexen Welt","og_description":"Wie kollektive Intelligenz und Thinkscape die Wahrheitsfindung revolutionieren In einer zunehmend komplexen und global vernetzten Welt st\u00f6\u00dft der \u201egesunde Menschenverstand\u201c schnell an seine Grenzen. Was einst als verl\u00e4sslicher Wegweiser f\u00fcr individuelle Entscheidungen galt, erweist sich in der heutigen technologisch fortgeschrittenen Gesellschaft oft als unzureichend. Viele wissenschaftliche Fakten und Sachverhalte sind kontraintuitiv \u2013 das hei\u00dft, sie [&hellip;]","og_url":"https:\/\/struktur.hoeberth.de\/wordpress\/2024\/09\/12\/die-grenzen-des-gesunden-menschenverstands-in-einer-komplexen-welt\/","og_site_name":"H\u00f6berths-Blog","article_publisher":"https:\/\/www.facebook.com\/hoeberth","article_author":"https:\/\/www.facebook.com\/hoeberth","article_published_time":"2024-09-12T13:34:49+00:00","article_modified_time":"2024-09-17T15:35:54+00:00","og_image":[{"width":1344,"height":896,"url":"https:\/\/struktur.hoeberth.de\/wordpress\/wp-content\/uploads\/2024\/09\/0017.jpg","type":"image\/jpeg"}],"author":"Gerhard H\u00f6berth","twitter_card":"summary_large_image","twitter_misc":{"Verfasst von":"Gerhard H\u00f6berth","Gesch\u00e4tzte Lesezeit":"6\u00a0Minuten"},"schema":{"@context":"https:\/\/schema.org","@graph":[{"@type":"Article","@id":"https:\/\/struktur.hoeberth.de\/wordpress\/2024\/09\/12\/die-grenzen-des-gesunden-menschenverstands-in-einer-komplexen-welt\/#article","isPartOf":{"@id":"https:\/\/struktur.hoeberth.de\/wordpress\/2024\/09\/12\/die-grenzen-des-gesunden-menschenverstands-in-einer-komplexen-welt\/"},"author":{"name":"Gerhard H\u00f6berth","@id":"https:\/\/struktur.hoeberth.de\/wordpress\/#\/schema\/person\/ed17aa92ca1b7faac8d00dd400eed154"},"headline":"Die Grenzen des &#8222;gesunden Menschenverstands&#8220; in einer komplexen Welt","datePublished":"2024-09-12T13:34:49+00:00","dateModified":"2024-09-17T15:35:54+00:00","mainEntityOfPage":{"@id":"https:\/\/struktur.hoeberth.de\/wordpress\/2024\/09\/12\/die-grenzen-des-gesunden-menschenverstands-in-einer-komplexen-welt\/"},"wordCount":1130,"commentCount":1,"publisher":{"@id":"https:\/\/struktur.hoeberth.de\/wordpress\/#\/schema\/person\/ed17aa92ca1b7faac8d00dd400eed154"},"image":{"@id":"https:\/\/struktur.hoeberth.de\/wordpress\/2024\/09\/12\/die-grenzen-des-gesunden-menschenverstands-in-einer-komplexen-welt\/#primaryimage"},"thumbnailUrl":"https:\/\/struktur.hoeberth.de\/wordpress\/wp-content\/uploads\/2024\/09\/0017.jpg","inLanguage":"de","potentialAction":[{"@type":"CommentAction","name":"Comment","target":["https:\/\/struktur.hoeberth.de\/wordpress\/2024\/09\/12\/die-grenzen-des-gesunden-menschenverstands-in-einer-komplexen-welt\/#respond"]}]},{"@type":"WebPage","@id":"https:\/\/struktur.hoeberth.de\/wordpress\/2024\/09\/12\/die-grenzen-des-gesunden-menschenverstands-in-einer-komplexen-welt\/","url":"https:\/\/struktur.hoeberth.de\/wordpress\/2024\/09\/12\/die-grenzen-des-gesunden-menschenverstands-in-einer-komplexen-welt\/","name":"Die Grenzen des \"gesunden Menschenverstands\" in einer komplexen Welt - H\u00f6berths-Blog","isPartOf":{"@id":"https:\/\/struktur.hoeberth.de\/wordpress\/#website"},"primaryImageOfPage":{"@id":"https:\/\/struktur.hoeberth.de\/wordpress\/2024\/09\/12\/die-grenzen-des-gesunden-menschenverstands-in-einer-komplexen-welt\/#primaryimage"},"image":{"@id":"https:\/\/struktur.hoeberth.de\/wordpress\/2024\/09\/12\/die-grenzen-des-gesunden-menschenverstands-in-einer-komplexen-welt\/#primaryimage"},"thumbnailUrl":"https:\/\/struktur.hoeberth.de\/wordpress\/wp-content\/uploads\/2024\/09\/0017.jpg","datePublished":"2024-09-12T13:34:49+00:00","dateModified":"2024-09-17T15:35:54+00:00","breadcrumb":{"@id":"https:\/\/struktur.hoeberth.de\/wordpress\/2024\/09\/12\/die-grenzen-des-gesunden-menschenverstands-in-einer-komplexen-welt\/#breadcrumb"},"inLanguage":"de","potentialAction":[{"@type":"ReadAction","target":["https:\/\/struktur.hoeberth.de\/wordpress\/2024\/09\/12\/die-grenzen-des-gesunden-menschenverstands-in-einer-komplexen-welt\/"]}]},{"@type":"ImageObject","inLanguage":"de","@id":"https:\/\/struktur.hoeberth.de\/wordpress\/2024\/09\/12\/die-grenzen-des-gesunden-menschenverstands-in-einer-komplexen-welt\/#primaryimage","url":"https:\/\/struktur.hoeberth.de\/wordpress\/wp-content\/uploads\/2024\/09\/0017.jpg","contentUrl":"https:\/\/struktur.hoeberth.de\/wordpress\/wp-content\/uploads\/2024\/09\/0017.jpg","width":1344,"height":896},{"@type":"BreadcrumbList","@id":"https:\/\/struktur.hoeberth.de\/wordpress\/2024\/09\/12\/die-grenzen-des-gesunden-menschenverstands-in-einer-komplexen-welt\/#breadcrumb","itemListElement":[{"@type":"ListItem","position":1,"name":"Startseite","item":"https:\/\/struktur.hoeberth.de\/wordpress\/"},{"@type":"ListItem","position":2,"name":"Die Grenzen des &#8222;gesunden Menschenverstands&#8220; in einer komplexen Welt"}]},{"@type":"WebSite","@id":"https:\/\/struktur.hoeberth.de\/wordpress\/#website","url":"https:\/\/struktur.hoeberth.de\/wordpress\/","name":"Philosophie-Blog von Gerhard H\u00f6berth","description":"Gedanken aus der Perspektive des Evolution\u00e4ren Idealismus","publisher":{"@id":"https:\/\/struktur.hoeberth.de\/wordpress\/#\/schema\/person\/ed17aa92ca1b7faac8d00dd400eed154"},"potentialAction":[{"@type":"SearchAction","target":{"@type":"EntryPoint","urlTemplate":"https:\/\/struktur.hoeberth.de\/wordpress\/?s={search_term_string}"},"query-input":{"@type":"PropertyValueSpecification","valueRequired":true,"valueName":"search_term_string"}}],"inLanguage":"de"},{"@type":["Person","Organization"],"@id":"https:\/\/struktur.hoeberth.de\/wordpress\/#\/schema\/person\/ed17aa92ca1b7faac8d00dd400eed154","name":"Gerhard H\u00f6berth","image":{"@type":"ImageObject","inLanguage":"de","@id":"https:\/\/struktur.hoeberth.de\/wordpress\/wp-content\/uploads\/2024\/11\/Gerhard.jpg","url":"https:\/\/struktur.hoeberth.de\/wordpress\/wp-content\/uploads\/2024\/11\/Gerhard.jpg","contentUrl":"https:\/\/struktur.hoeberth.de\/wordpress\/wp-content\/uploads\/2024\/11\/Gerhard.jpg","width":600,"height":800,"caption":"Gerhard H\u00f6berth"},"logo":{"@id":"https:\/\/struktur.hoeberth.de\/wordpress\/wp-content\/uploads\/2024\/11\/Gerhard.jpg"},"sameAs":["http:\/\/struktur.hoeberth.de\/wordpress","https:\/\/www.facebook.com\/hoeberth","https:\/\/www.youtube.com\/channel\/UCPMEKSbmuN5IFRXHdhPFniw"],"url":"https:\/\/struktur.hoeberth.de\/wordpress\/author\/web925\/"}]}},"wp-worthy-pixel":{"ignored":false,"public":"eaf07a689a134cb0ad8410fbfd7a3068","server":"","url":"https:\/\/vg02.met.vgwort.de\/na\/eaf07a689a134cb0ad8410fbfd7a3068"},"wp-worthy-type":"normal","_links":{"self":[{"href":"https:\/\/struktur.hoeberth.de\/wordpress\/wp-json\/wp\/v2\/posts\/97","targetHints":{"allow":["GET"]}}],"collection":[{"href":"https:\/\/struktur.hoeberth.de\/wordpress\/wp-json\/wp\/v2\/posts"}],"about":[{"href":"https:\/\/struktur.hoeberth.de\/wordpress\/wp-json\/wp\/v2\/types\/post"}],"author":[{"embeddable":true,"href":"https:\/\/struktur.hoeberth.de\/wordpress\/wp-json\/wp\/v2\/users\/1"}],"replies":[{"embeddable":true,"href":"https:\/\/struktur.hoeberth.de\/wordpress\/wp-json\/wp\/v2\/comments?post=97"}],"version-history":[{"count":4,"href":"https:\/\/struktur.hoeberth.de\/wordpress\/wp-json\/wp\/v2\/posts\/97\/revisions"}],"predecessor-version":[{"id":103,"href":"https:\/\/struktur.hoeberth.de\/wordpress\/wp-json\/wp\/v2\/posts\/97\/revisions\/103"}],"wp:featuredmedia":[{"embeddable":true,"href":"https:\/\/struktur.hoeberth.de\/wordpress\/wp-json\/wp\/v2\/media\/98"}],"wp:attachment":[{"href":"https:\/\/struktur.hoeberth.de\/wordpress\/wp-json\/wp\/v2\/media?parent=97"}],"wp:term":[{"taxonomy":"category","embeddable":true,"href":"https:\/\/struktur.hoeberth.de\/wordpress\/wp-json\/wp\/v2\/categories?post=97"},{"taxonomy":"post_tag","embeddable":true,"href":"https:\/\/struktur.hoeberth.de\/wordpress\/wp-json\/wp\/v2\/tags?post=97"}],"curies":[{"name":"wp","href":"https:\/\/api.w.org\/{rel}","templated":true}]}}